{"id":42709,"date":"2024-10-14T20:45:32","date_gmt":"2024-10-14T20:45:32","guid":{"rendered":"http:\/\/historiografija.hr\/?p=42709"},"modified":"2024-10-14T20:45:32","modified_gmt":"2024-10-14T20:45:32","slug":"otvorenje-izlozbe-i-predstavljanje-knjige-izmedu-obveze-i-casti-mornaricke-odore-iz-fundusa-hrvatskoga-pomorskog-muzeja-split","status":"publish","type":"post","link":"https:\/\/historiografija.hr\/?p=42709","title":{"rendered":"Otvorenje izlo\u017ebe i predstavljanje knjige \u201eIzme\u0111u obveze i \u010dasti. Mornari\u010dke odore iz fundusa Hrvatskoga pomorskog muzeja Split\u201c"},"content":{"rendered":"\n<p><strong>HRVATSKI POMORSKI MUZEJ SPLIT<\/strong><\/p>\n\n\n\n<p>poziva Vas na otvorenje izlo\u017ebe i<\/p>\n\n\n\n<p>predstavljanje knjige&nbsp;<\/p>\n\n\n\n<p><strong>IZME\u0110U OBVEZE I \u010cASTI<\/strong><\/p>\n\n\n\n<p>MORNARI\u010cKE ODORE IZ FUNDUSA<\/p>\n\n\n\n<p>HRVATSKOGA POMORSKOG MUZEJA SPLIT<\/p>\n\n\n\n<p>autorice <strong>Branke Tekli\u0107<\/strong><\/p>\n\n\n\n<p><em><strong>\u010detvrtak 17. listopada 2024. godine<\/strong><\/em><\/p>\n\n\n\n<p><strong>u 12:00 sati<\/strong><\/p>\n\n\n\n<p>HRVATSKI POMORSKI MUZEJ SPLIT<\/p>\n\n\n\n<p>GLAGOLJA\u0160A 18, TVR\u0110AVA GRIPE<\/p>\n\n\n\n<p>17.10. \u2013 8.12.2024<\/p>\n\n\n\n<p>U \u010detvrtak, 17. listopada 2024. godine u 12 sati u Hrvatskome pomorskom muzeju Split uprili\u010dit \u0107e se otvaranje izlo\u017ebe i predstavljanje knjige \u201eIzme\u0111u obveze i \u010dasti\u201c, vi\u0161e kustosice Branke Tekli\u0107.<\/p>\n\n\n\n<p>Ovom izlo\u017ebom i novom muzejskom publikacijom, Muzej \u0107e predstaviti mornari\u010dke odore i opremu (remene, kape, ambleme za kape, razli\u010dite oznake, mornari\u010dku dugmad) iz svojega fundusa koju su tijekom triju stolje\u0107a nosili hrvatski pomorci u mornaricama od vremena Austro-Ugarske Monarhije, preko Kraljevine SHS \/ Jugoslavije, Drugoga svjetskog rata, razdoblja FNRJ\/SFRJ te Republike Hrvatske.<\/p>\n\n\n\n<p>Budu\u0107i da nam odore donose brojne informacije o pomor\u010devoj slu\u017ebi na brodu, po\u010dev\u0161i od pripadnosti odre\u0111enoj mornarici, zatim njegovim obvezama, struci i \u010dinu, autorica je razli\u010ditu gra\u0111u tematski i kronolo\u0161ki podijelila u nekoliko cjelina istaknuv\u0161i one odore koje su kulturno-povijesnom vrijedno\u0161\u0107u izrazito zna\u010dajne. Na taj se na\u010din opisao izgled mornari\u010dkih odora te prikazao njihov razvoj, a uklju\u010den je i mikrohistorijski element, odnosno donijela se i manje poznata pri\u010da o vlasniku jedne ovakve odore i istaknulo \u0161to je njezino no\u0161enje predstavljalo za tog pomorca, njegovu obitelj te kona\u010dno hrvatski narod. Nositi odoru danas, kao i neko\u0107, za pojedinca predstavlja obvezu, ali i \u010dast.<\/p>\n\n\n\n<p>Na izlo\u017ebi \u0107e stoga biti izlo\u017eene mornari\u010dke i \u010dasni\u010dke odore hrvatskih mornara, poput one Antuna <em>Nina<\/em> Lu\u0161i\u0107a s Hvara koji je kao mornar plovio na austrougarskom zapovjednom brodu \u201eViribus Unitis\u201c, odore hrvatskoga hidrozrakoplovca Nik\u0161e Nardellija koji je letio pod zastavom Austro-Ugarske, a mornari\u010dku je slu\u017ebu nastavio u Mornarici Kraljevine SHS\/Jugoslavije te potom u Mornarici NDH. Izlo\u017eit \u0107e se i druge mornari\u010dke i \u010dasni\u010dke odore vezane uz Drugi svjetski rat kao i Jugoslavensku ratnu mornaricu. Predstaviti \u0107e se i odore koje su nosili hrvatski pomorci i vojnici u borbi za neovisnost u Domovinskome ratu poput sve\u010dane odore prvoga zapovjednika Hrvatske ratne mornarice, sto\u017eernoga admirala, Svete Letice, zatim odoru Mile \u010catlaka, prvoga zapovjednika Prvog odreda pomorskih diverzanata Hrvatske ratne mornarice, ali i maskirnu odoru pripadnika 4. gardijske brigade, natporu\u010dnika Bo\u017ee Zadre, ranjenoga u <em>Operaciji &#8216;Maslenica&#8217;<\/em> 1993. godine. Izlo\u017eit \u0107e se i odore dvojice zapovjednika Hrvatske ratne mornarice, pok. admirala Vida Stipeti\u0107a i pok. viceadmirala Zdravka Karduma.<\/p>\n\n\n\n<p>Osim ratnih mornari\u010dkih odora, istaknut \u0107e se i mornarske \u0161krinje u kojima su pomorci za vrijeme dugih plovidbi \u010duvali na brodu svoje najdragocjenije predmete, kao i odore pripadnika Bokeljske mornarice, odora svjetioni\u010dara, ali i odore trgova\u010dke mornarice u kojima su plovili hrvatski pomorci.<\/p>\n\n\n\n<p>Izlo\u017eba je realizirana uz potporu Grada Splita i Ministarstva kulture i medija Republike Hrvatske.<\/p>\n\n\n\n<p>Radujemo se va\u0161em dolasku!<\/p>\n\n\n\n<hr class=\"wp-block-separator\"\/>\n","protected":false},"excerpt":{"rendered":"","protected":false},"author":2,"featured_media":42710,"comment_status":"open","ping_status":"open","sticky":false,"template":"","format":"standard","meta":{"_acf_changed":false,"jetpack_post_was_ever_published":false,"_jetpack_newsletter_access":"","_jetpack_dont_email_post_to_subs":false,"_jetpack_newsletter_tier_id":0,"_jetpack_memberships_contains_paywalled_content":false,"_jetpack_memberships_contains_paid_content":false,"footnotes":"","jetpack_publicize_message":"","jetpack_publicize_feature_enabled":true,"jetpack_social_post_already_shared":true,"jetpack_social_options":{"image_generator_settings":{"template":"highway","default_image_id":0,"font":"","enabled":false},"version":2}},"categories":[10,3],"tags":[],"class_list":["post-42709","post","type-post","status-publish","format-standard","has-post-thumbnail","hentry","category-izlozbe","category-novosti"],"acf":{"facebook_opis":""},"jetpack_publicize_connections":[],"jetpack_featured_media_url":"https:\/\/i0.wp.com\/historiografija.hr\/wp-content\/uploads\/2024\/10\/POZIVNICA_Hrvatski-pomorski-muzej-Split_IZME%C4%90U-OBVEZE-I-%C4%8CASTI_.jpg?fit=1241%2C591&ssl=1","jetpack_sharing_enabled":true,"jetpack-related-posts":[{"id":52511,"url":"https:\/\/historiografija.hr\/?p=52511","url_meta":{"origin":42709,"position":0},"title":"Izlo\u017eba &#8220;Lica Sljemena&#8221;","author":"Branimir Jankovi\u0107","date":"17. travnja 2026.","format":false,"excerpt":"Srda\u010dno vas pozivamo na otvorenje izlo\u017ebe Lica Sljemena koje \u0107e se odr\u017eati u srijedu 22. travnja 2026. u 18 h ispred Muzeja Prigorja (Trg Dragutina Domjani\u0107a 5, Sesvete). Izlo\u017eba proizlazi iz istra\u017eivanja Nevene \u0160krbi\u0107 Alempijevi\u0107, Petre Kelemen i Sanje Potkonjak te intervjua sa Sljemena\u0161icama i Sljemena\u0161ima, koji su provedeni u\u2026","rel":"","context":"U &quot;Izlo\u017ebe&quot;","block_context":{"text":"Izlo\u017ebe","link":"https:\/\/historiografija.hr\/?cat=10"},"img":{"alt_text":"","src":"https:\/\/i0.wp.com\/historiografija.hr\/wp-content\/uploads\/2026\/04\/Izlozba-Lica-Sljemena.png?fit=1080%2C686&ssl=1&resize=350%2C200","width":350,"height":200,"srcset":"https:\/\/i0.wp.com\/historiografija.hr\/wp-content\/uploads\/2026\/04\/Izlozba-Lica-Sljemena.png?fit=1080%2C686&ssl=1&resize=350%2C200 1x, https:\/\/i0.wp.com\/historiografija.hr\/wp-content\/uploads\/2026\/04\/Izlozba-Lica-Sljemena.png?fit=1080%2C686&ssl=1&resize=525%2C300 1.5x, https:\/\/i0.wp.com\/historiografija.hr\/wp-content\/uploads\/2026\/04\/Izlozba-Lica-Sljemena.png?fit=1080%2C686&ssl=1&resize=700%2C400 2x, https:\/\/i0.wp.com\/historiografija.hr\/wp-content\/uploads\/2026\/04\/Izlozba-Lica-Sljemena.png?fit=1080%2C686&ssl=1&resize=1050%2C600 3x"},"classes":[]},{"id":52573,"url":"https:\/\/historiografija.hr\/?p=52573","url_meta":{"origin":42709,"position":1},"title":"Znanstvena konferencija &#8220;Filozofija odgoja: povijest, praksa, perspektive&#8221;","author":"Branimir Jankovi\u0107","date":"21. travnja 2026.","format":false,"excerpt":"Znanstvena konferencija \"Filozofija odgoja: povijest, praksa, perspektive\" odr\u017eat \u0107e se 23. i 24. travnja 2026. u Konferencijskoj dvorani Knji\u017enice Filozofskog fakulteta u Zagrebu (2. kat).\u00a0Konferencija je organizirana u okviru projekta\u00a0SUMKOS (voditeljica prof. dr. sc. Ivana Zagorac, financiran\u00a0sredstvima NextGenerationEU), uz potporu Odsjeka za filozofiju.\u00a0 Uz izlaga\u010dki dio, konferencija obuhva\u0107a i izlo\u017ebu\u2026","rel":"","context":"U &quot;Novosti&quot;","block_context":{"text":"Novosti","link":"https:\/\/historiografija.hr\/?cat=3"},"img":{"alt_text":"","src":"","width":0,"height":0},"classes":[]},{"id":52589,"url":"https:\/\/historiografija.hr\/?p=52589","url_meta":{"origin":42709,"position":2},"title":"Predstavljena knjiga Miomira \u017du\u017eula &#8220;Dayton: Diplomacija &#8211; druga strana rata&#8221;","author":"Branimir Jankovi\u0107","date":"22. travnja 2026.","format":false,"excerpt":"Knjiga Miomira \u017du\u017eula \u201eDayton: Diplomacija \u2013 druga strana rata\u201d predstavljena je u srijedu, 22. travnja 2026. godine u foajeu Hrvatskoga narodnog kazali\u0161ta u Zagrebu. Op\u0161irnije: https:\/\/vijesti.hrt.hr\/hrvatska\/predstavljena-knjiga-miomira-zuzula-dayton-diplomacija-druga-strana-rata-12683259 https:\/\/www.vecernji.ba\/amp\/vijesti\/zuzulova-knjiga-o-daytonu-predstavljena-u-zagrebu-diplomacija-kao-druga-strana-rata-1953700 https:\/\/www.tportal.hr\/vijesti\/clanak\/bivsi-sanaderov-ministar-odrzao-promociju-evo-tko-je-sve-dosao-na-predstavljanje-knjige-miomira-zuzula-foto-20260422 https:\/\/direktno.hr\/zivot\/kultura\/zuzul-otkrio-sve-o-drugoj-strani-rata-za-hrvatsku-se-nije-libio-povuci-nekoga-i-za-kosu-395042 https:\/\/www.24sata.hr\/news\/miomir-zuzul-predstavio-je-knjigu-o-daytonu-diplomacija-je-bila-druga-strana-rata-1123152 https:\/\/www.vecernji.hr\/kultura\/kolinda-grabar-kitarovic-otvoreno-miomir-zuzul-nije-vukao-samo-za-rukav-nego-i-za-kosu-1953722 https:\/\/www.vecernji.hr\/kultura\/i-papa-lav-xiv-eksplicitno-je-daytonski-sporazum-istaknuo-kao-primjer-uspjesna-rjesavanja-sukoba-1952215","rel":"","context":"U &quot;Novosti&quot;","block_context":{"text":"Novosti","link":"https:\/\/historiografija.hr\/?cat=3"},"img":{"alt_text":"","src":"https:\/\/i0.wp.com\/historiografija.hr\/wp-content\/uploads\/2026\/04\/Dayton.jpg?fit=1024%2C683&ssl=1&resize=350%2C200","width":350,"height":200,"srcset":"https:\/\/i0.wp.com\/historiografija.hr\/wp-content\/uploads\/2026\/04\/Dayton.jpg?fit=1024%2C683&ssl=1&resize=350%2C200 1x, https:\/\/i0.wp.com\/historiografija.hr\/wp-content\/uploads\/2026\/04\/Dayton.jpg?fit=1024%2C683&ssl=1&resize=525%2C300 1.5x, https:\/\/i0.wp.com\/historiografija.hr\/wp-content\/uploads\/2026\/04\/Dayton.jpg?fit=1024%2C683&ssl=1&resize=700%2C400 2x"},"classes":[]},{"id":52575,"url":"https:\/\/historiografija.hr\/?p=52575","url_meta":{"origin":42709,"position":3},"title":"Izlo\u017eba dje\u010djih radova \u201cU po\u010detku bija\u0161e crte\u017e\u2026\u201d","author":"Branimir Jankovi\u0107","date":"21. travnja 2026.","format":false,"excerpt":"U subotu, 25. travnja 2026. u 11 sati u Galeriji Klovi\u0107evi dvori sve\u010dano otvaramo izlo\u017ebu dje\u010djih radova pod nazivom U po\u010detku bija\u0161e crte\u017e\u2026 Radovi su nastali u sklopu likovnih radionica uz izlo\u017ebu U po\u010detku bija\u0161e kraljevstvo \u2013 izlo\u017eba povodom 1100 godina Hrvatskoga Kraljevstva. Na brojnim likovnim radionicama, uz \u0161kolsku djecu,\u2026","rel":"","context":"U &quot;Izlo\u017ebe&quot;","block_context":{"text":"Izlo\u017ebe","link":"https:\/\/historiografija.hr\/?cat=10"},"img":{"alt_text":"","src":"https:\/\/i0.wp.com\/historiografija.hr\/wp-content\/uploads\/2025\/10\/Klovicevi_sluzbeni-plakat.png?fit=840%2C1200&ssl=1&resize=350%2C200","width":350,"height":200,"srcset":"https:\/\/i0.wp.com\/historiografija.hr\/wp-content\/uploads\/2025\/10\/Klovicevi_sluzbeni-plakat.png?fit=840%2C1200&ssl=1&resize=350%2C200 1x, https:\/\/i0.wp.com\/historiografija.hr\/wp-content\/uploads\/2025\/10\/Klovicevi_sluzbeni-plakat.png?fit=840%2C1200&ssl=1&resize=525%2C300 1.5x, https:\/\/i0.wp.com\/historiografija.hr\/wp-content\/uploads\/2025\/10\/Klovicevi_sluzbeni-plakat.png?fit=840%2C1200&ssl=1&resize=700%2C400 2x"},"classes":[]},{"id":52675,"url":"https:\/\/historiografija.hr\/?p=52675","url_meta":{"origin":42709,"position":4},"title":"Predstavljanje knjige Luke Peji\u0107a &#8220;U taboru anarhista: \u017divot Ivana Zeppa&#8221; u Osijeku","author":"Branimir Jankovi\u0107","date":"27. travnja 2026.","format":false,"excerpt":"U \u010detvrtak, 30. travnja 2026.\u00a0u\u00a019.00 sati\u00a0u Klubu knji\u017eare Nova\u00a0(Trg Ante Star\u010devi\u0107a 4, Osijek) odr\u017eat \u0107e se predstavljanje nove knjige Luke Peji\u0107a U taboru anarhista: \u017divot Ivana Zeppa (DAF, 2025.). Uz autora o knjizi \u0107e govoriti recenzent i povjesni\u010dar Nikola Toma\u0161egovi\u0107 te povjesni\u010darka Ana Rajkovi\u0107 Peji\u0107. Razgovor \u0107e moderirati doktorandica\u00a0Valentina Kezi\u0107.\u2026","rel":"","context":"U &quot;Novosti&quot;","block_context":{"text":"Novosti","link":"https:\/\/historiografija.hr\/?cat=3"},"img":{"alt_text":"","src":"https:\/\/i0.wp.com\/historiografija.hr\/wp-content\/uploads\/2025\/11\/Pejic.jpg?fit=574%2C790&ssl=1&resize=350%2C200","width":350,"height":200,"srcset":"https:\/\/i0.wp.com\/historiografija.hr\/wp-content\/uploads\/2025\/11\/Pejic.jpg?fit=574%2C790&ssl=1&resize=350%2C200 1x, https:\/\/i0.wp.com\/historiografija.hr\/wp-content\/uploads\/2025\/11\/Pejic.jpg?fit=574%2C790&ssl=1&resize=525%2C300 1.5x"},"classes":[]},{"id":52578,"url":"https:\/\/historiografija.hr\/?p=52578","url_meta":{"origin":42709,"position":5},"title":"Poziv za sudjelovanje: XXII. Dani Julija Bene\u0161i\u0107a u Iloku","author":"Branimir Jankovi\u0107","date":"21. travnja 2026.","format":false,"excerpt":"Zavod za lingvisti\u010dka istra\u017eivanja Hrvatske akademije znanosti i umjetnosti, zajedno s Muzejom grada Iloka, organizira XXII. Dane Julija Bene\u0161i\u0107a, koji \u0107e se odr\u017eati od 28. do 30. listopada 2026. u Iloku.\u00a0Teme ovogodi\u0161njih Dana podijeljene su u dvije cjeline: Knji\u017eevno-jezikoslovni d\u00ecv\u0101n s Bene\u0161i\u0107em te Ilok i Srijem u povijesnim stalnicama i\u2026","rel":"","context":"U &quot;Novosti&quot;","block_context":{"text":"Novosti","link":"https:\/\/historiografija.hr\/?cat=3"},"img":{"alt_text":"","src":"https:\/\/i0.wp.com\/historiografija.hr\/wp-content\/uploads\/2019\/10\/HE2_Benesic.jpg?fit=413%2C591&ssl=1&resize=350%2C200","width":350,"height":200},"classes":[]}],"_links":{"self":[{"href":"https:\/\/historiografija.hr\/index.php?rest_route=\/wp\/v2\/posts\/42709","targetHints":{"allow":["GET"]}}],"collection":[{"href":"https:\/\/historiografija.hr\/index.php?rest_route=\/wp\/v2\/posts"}],"about":[{"href":"https:\/\/historiografija.hr\/index.php?rest_route=\/wp\/v2\/types\/post"}],"author":[{"embeddable":true,"href":"https:\/\/historiografija.hr\/index.php?rest_route=\/wp\/v2\/users\/2"}],"replies":[{"embeddable":true,"href":"https:\/\/historiografija.hr\/index.php?rest_route=%2Fwp%2Fv2%2Fcomments&post=42709"}],"version-history":[{"count":1,"href":"https:\/\/historiografija.hr\/index.php?rest_route=\/wp\/v2\/posts\/42709\/revisions"}],"predecessor-version":[{"id":42711,"href":"https:\/\/historiografija.hr\/index.php?rest_route=\/wp\/v2\/posts\/42709\/revisions\/42711"}],"wp:featuredmedia":[{"embeddable":true,"href":"https:\/\/historiografija.hr\/index.php?rest_route=\/wp\/v2\/media\/42710"}],"wp:attachment":[{"href":"https:\/\/historiografija.hr\/index.php?rest_route=%2Fwp%2Fv2%2Fmedia&parent=42709"}],"wp:term":[{"taxonomy":"category","embeddable":true,"href":"https:\/\/historiografija.hr\/index.php?rest_route=%2Fwp%2Fv2%2Fcategories&post=42709"},{"taxonomy":"post_tag","embeddable":true,"href":"https:\/\/historiografija.hr\/index.php?rest_route=%2Fwp%2Fv2%2Ftags&post=42709"}],"curies":[{"name":"wp","href":"https:\/\/api.w.org\/{rel}","templated":true}]}}