{"id":42684,"date":"2024-10-11T20:22:14","date_gmt":"2024-10-11T20:22:14","guid":{"rendered":"http:\/\/historiografija.hr\/?p=42684"},"modified":"2024-10-11T20:24:03","modified_gmt":"2024-10-11T20:24:03","slug":"historiografsko-misljenje-krzysztof-pomian-koliko-povjesnicar-posvecuje-ljubavi-domovini-toliko-oduzima-povlastica-povijesti-i-sto-je-bolji-podanik-to-je-gori-povjesnicar","status":"publish","type":"post","link":"https:\/\/historiografija.hr\/?p=42684","title":{"rendered":"Historiografsko mi\u0161ljenje \u2013 Krzysztof Pomian: \u201cKoliko povjesni\u010dar posve\u0107uje ljubavi domovini, toliko oduzima povlastica povijesti i \u0161to je bolji podanik, to je gori povjesni\u010dar\u201d"},"content":{"rendered":"\n<p>[Pierre Bayle (1647-1706), <em>Le Dictionnaire historique et critique<\/em>, 1697.]<\/p>\n\n\n\n<p>\u201cBayleov portret idealnoga povjesni\u010dara pokazuje da su njegovi zahtjevi vi\u0161e nego utemeljeni: \u201eSvi koji poznaju povijest slo\u017eit \u0107e se s time da se povjesni\u010dar koji \u017eeli odgovorno obavljati svoj posao mora li\u0161iti duha udvorni\u0161tva i duha klevetni\u0161tva te nastojati u okviru svojih snaga zauzeti stav stoika kojega ne mogu dirnuti nikakve \u017eudnje. Mora, ne osvr\u0107u\u0107i se ni na \u0161to drugo, biti osjetljiv jedino na interes istine; mora joj prinijeti \u017ertvu osje\u0107anja krivnje, prisje\u0107anje na dobivenu milost, pa \u010dak i ljubav spram domovine. Mora zaboraviti na to da potje\u010de iz odre\u0111ene zemlje, da je odgojen u odre\u0111enoj vjeri, da duguje svoj uspjeh ovim ili onim ljudima te da su ovi ili oni njegovi ro\u0111aci ili prijatelji. Povjesni\u010dar kao takav je poput Melkisedeka: bez oca, bez majke i bez rodoslovlja. Kada ga pitaju: \u201eOdakle potje\u010dete?\u201c \u2013 treba odgovoriti: \u201eNisam ni Francuz, ni Nijemac, ni Englez, niti \u0160panjolac; stanovnik sam svijeta. Nisam ni u slu\u017ebi cara ili kralja Francuske, nego jedino u slu\u017ebi istine. To je jedina kraljevna, samo sam njoj polo\u017eio prisegu na vjernost, odan sam joj vitez, a kao simbol reda nosim ono isto odli\u010dje kao i najvi\u0161i sudac i vrhovni sve\u0107enik Egipta.\u201c Koliko povjesni\u010dar posve\u0107uje ljubavi domovini, toliko oduzima povlastica povijesti i \u0161to je bolji podanik, to je gori povjesni\u010dar.\u201d<\/p>\n\n\n\n<hr class=\"wp-block-separator\"\/>\n\n\n\n<p>Krzysztof Pomian, <em>Pro\u0161lost kao predmet znanja: historija i filozofija u srednjovjekovnoj misli<\/em>, Pula 2023, str. 394-395.<\/p>\n\n\n\n<hr class=\"wp-block-separator\"\/>\n\n\n\n<figure class=\"wp-block-embed-wordpress wp-block-embed is-type-wp-embed is-provider-historiografija-hr\"><div class=\"wp-block-embed__wrapper\">\n<blockquote class=\"wp-embedded-content\" data-secret=\"ycik0mhfe3\"><a href=\"https:\/\/historiografija.hr\/?p=41786\">Krzysztof Pomian, \u201ePro\u0161lost kao predmet znanja: historija i filozofija u srednjovjekovnoj misli\u201c<\/a><\/blockquote><iframe loading=\"lazy\" class=\"wp-embedded-content\" sandbox=\"allow-scripts\" security=\"restricted\" style=\"position: absolute; clip: rect(1px, 1px, 1px, 1px);\" title=\"&#8220;Krzysztof Pomian, \u201ePro\u0161lost kao predmet znanja: historija i filozofija u srednjovjekovnoj misli\u201c&#8221; &#8212; Historiografija.hr\" src=\"https:\/\/historiografija.hr\/?p=41786&#038;embed=true#?secret=ycik0mhfe3\" data-secret=\"ycik0mhfe3\" width=\"600\" height=\"338\" frameborder=\"0\" marginwidth=\"0\" marginheight=\"0\" scrolling=\"no\"><\/iframe>\n<\/div><\/figure>\n\n\n\n<hr class=\"wp-block-separator\"\/>\n","protected":false},"excerpt":{"rendered":"","protected":false},"author":2,"featured_media":41787,"comment_status":"open","ping_status":"open","sticky":false,"template":"","format":"standard","meta":{"_acf_changed":false,"jetpack_post_was_ever_published":false,"_jetpack_newsletter_access":"","_jetpack_dont_email_post_to_subs":false,"_jetpack_newsletter_tier_id":0,"_jetpack_memberships_contains_paywalled_content":false,"_jetpack_memberships_contains_paid_content":false,"footnotes":"","jetpack_publicize_message":"","jetpack_publicize_feature_enabled":true,"jetpack_social_post_already_shared":true,"jetpack_social_options":{"image_generator_settings":{"template":"highway","default_image_id":0,"font":"","enabled":false},"version":2}},"categories":[3,11],"tags":[],"class_list":["post-42684","post","type-post","status-publish","format-standard","has-post-thumbnail","hentry","category-novosti","category-rubrike"],"acf":{"facebook_opis":""},"jetpack_publicize_connections":[],"jetpack_featured_media_url":"https:\/\/i0.wp.com\/historiografija.hr\/wp-content\/uploads\/2024\/07\/Pomian.png?fit=570%2C678&ssl=1","jetpack_sharing_enabled":true,"jetpack-related-posts":[],"_links":{"self":[{"href":"https:\/\/historiografija.hr\/index.php?rest_route=\/wp\/v2\/posts\/42684","targetHints":{"allow":["GET"]}}],"collection":[{"href":"https:\/\/historiografija.hr\/index.php?rest_route=\/wp\/v2\/posts"}],"about":[{"href":"https:\/\/historiografija.hr\/index.php?rest_route=\/wp\/v2\/types\/post"}],"author":[{"embeddable":true,"href":"https:\/\/historiografija.hr\/index.php?rest_route=\/wp\/v2\/users\/2"}],"replies":[{"embeddable":true,"href":"https:\/\/historiografija.hr\/index.php?rest_route=%2Fwp%2Fv2%2Fcomments&post=42684"}],"version-history":[{"count":2,"href":"https:\/\/historiografija.hr\/index.php?rest_route=\/wp\/v2\/posts\/42684\/revisions"}],"predecessor-version":[{"id":42686,"href":"https:\/\/historiografija.hr\/index.php?rest_route=\/wp\/v2\/posts\/42684\/revisions\/42686"}],"wp:featuredmedia":[{"embeddable":true,"href":"https:\/\/historiografija.hr\/index.php?rest_route=\/wp\/v2\/media\/41787"}],"wp:attachment":[{"href":"https:\/\/historiografija.hr\/index.php?rest_route=%2Fwp%2Fv2%2Fmedia&parent=42684"}],"wp:term":[{"taxonomy":"category","embeddable":true,"href":"https:\/\/historiografija.hr\/index.php?rest_route=%2Fwp%2Fv2%2Fcategories&post=42684"},{"taxonomy":"post_tag","embeddable":true,"href":"https:\/\/historiografija.hr\/index.php?rest_route=%2Fwp%2Fv2%2Ftags&post=42684"}],"curies":[{"name":"wp","href":"https:\/\/api.w.org\/{rel}","templated":true}]}}