{"id":42673,"date":"2024-10-11T19:34:03","date_gmt":"2024-10-11T19:34:03","guid":{"rendered":"http:\/\/historiografija.hr\/?p=42673"},"modified":"2024-10-11T20:27:11","modified_gmt":"2024-10-11T20:27:11","slug":"medunarodna-konferencija-istorija-jugoslavije-perspektive-mladih-istrazivaca-sa-postjugoslovenskog-prostora","status":"publish","type":"post","link":"https:\/\/historiografija.hr\/?p=42673","title":{"rendered":"Me\u0111unarodna konferencija \u201eIstorija Jugoslavije: perspektive mladih istra\u017eiva\u010da sa postjugoslovenskog prostora\u201c"},"content":{"rendered":"\n<p>Institut za noviju istoriju Srbije organizuje me\u0111unarodni nau\u010dni skup pod nazivom: &#8220;Istorija Jugoslavije: perspektive mladih istra\u017eiva\u010da sa postjugoslovenskog prostora&#8221; u periodu od 15. do 18. oktobra 2024. u prostorijama Arhiva Jugoslavije (Vase Pelagi\u0107a 33, Beograd).<br><br>Institut \u0107e ugostiti preko 30 mladih istra\u017eiva\u010dica i istra\u017eiva\u010da iz Srbije, Slovenije, Hrvatske, Bosne i Hercegovina, Crne Gore i Severne Makedonije.<\/p>\n\n\n\n<hr class=\"wp-block-separator\"\/>\n\n\n\n<p><a href=\"http:\/\/inis.bg.ac.rs\/lat\/uploaded\/tematski%20zbornici\/mladi%20istrazivaci%202024\/program%20konferencije.pdf\">program konferencije<\/a><\/p>\n\n\n\n<hr class=\"wp-block-separator\"\/>\n\n\n\n<p>Izvor i knjiga apstrakata:<\/p>\n\n\n\n<p><a href=\"https:\/\/inis.bg.ac.rs\/lat\/vesti\/9\/2024\/10\/09\/-istorija-jugoslavije_-perspektive-mladih-istrazivaca-sa-postjugoslovenskog-prostora.html\">https:\/\/inis.bg.ac.rs\/lat\/vesti\/9\/2024\/10\/09\/-istorija-jugoslavije_-perspektive-mladih-istrazivaca-sa-postjugoslovenskog-prostora.html<\/a><\/p>\n\n\n\n<hr class=\"wp-block-separator\"\/>\n","protected":false},"excerpt":{"rendered":"","protected":false},"author":2,"featured_media":42674,"comment_status":"open","ping_status":"open","sticky":false,"template":"","format":"standard","meta":{"_acf_changed":false,"jetpack_post_was_ever_published":false,"_jetpack_newsletter_access":"","_jetpack_dont_email_post_to_subs":false,"_jetpack_newsletter_tier_id":0,"_jetpack_memberships_contains_paywalled_content":false,"_jetpack_memberships_contains_paid_content":false,"footnotes":"","jetpack_publicize_message":"","jetpack_publicize_feature_enabled":true,"jetpack_social_post_already_shared":true,"jetpack_social_options":{"image_generator_settings":{"template":"highway","default_image_id":0,"font":"","enabled":false},"version":2}},"categories":[3,9],"tags":[],"class_list":["post-42673","post","type-post","status-publish","format-standard","has-post-thumbnail","hentry","category-novosti","category-skupovi"],"acf":{"facebook_opis":""},"jetpack_publicize_connections":[],"jetpack_featured_media_url":"https:\/\/i0.wp.com\/historiografija.hr\/wp-content\/uploads\/2024\/10\/Istorija_Jugoslavije.jpg?fit=263%2C372&ssl=1","jetpack_sharing_enabled":true,"jetpack-related-posts":[],"_links":{"self":[{"href":"https:\/\/historiografija.hr\/index.php?rest_route=\/wp\/v2\/posts\/42673","targetHints":{"allow":["GET"]}}],"collection":[{"href":"https:\/\/historiografija.hr\/index.php?rest_route=\/wp\/v2\/posts"}],"about":[{"href":"https:\/\/historiografija.hr\/index.php?rest_route=\/wp\/v2\/types\/post"}],"author":[{"embeddable":true,"href":"https:\/\/historiografija.hr\/index.php?rest_route=\/wp\/v2\/users\/2"}],"replies":[{"embeddable":true,"href":"https:\/\/historiografija.hr\/index.php?rest_route=%2Fwp%2Fv2%2Fcomments&post=42673"}],"version-history":[{"count":5,"href":"https:\/\/historiografija.hr\/index.php?rest_route=\/wp\/v2\/posts\/42673\/revisions"}],"predecessor-version":[{"id":42687,"href":"https:\/\/historiografija.hr\/index.php?rest_route=\/wp\/v2\/posts\/42673\/revisions\/42687"}],"wp:featuredmedia":[{"embeddable":true,"href":"https:\/\/historiografija.hr\/index.php?rest_route=\/wp\/v2\/media\/42674"}],"wp:attachment":[{"href":"https:\/\/historiografija.hr\/index.php?rest_route=%2Fwp%2Fv2%2Fmedia&parent=42673"}],"wp:term":[{"taxonomy":"category","embeddable":true,"href":"https:\/\/historiografija.hr\/index.php?rest_route=%2Fwp%2Fv2%2Fcategories&post=42673"},{"taxonomy":"post_tag","embeddable":true,"href":"https:\/\/historiografija.hr\/index.php?rest_route=%2Fwp%2Fv2%2Ftags&post=42673"}],"curies":[{"name":"wp","href":"https:\/\/api.w.org\/{rel}","templated":true}]}}