{"id":42665,"date":"2024-10-11T19:15:31","date_gmt":"2024-10-11T19:15:31","guid":{"rendered":"http:\/\/historiografija.hr\/?p=42665"},"modified":"2024-10-11T19:23:21","modified_gmt":"2024-10-11T19:23:21","slug":"seriju-otvorenih-predavanja-jugoslavija-od-periferije-ka-socijalizmu-i-natrag-u-beogradu","status":"publish","type":"post","link":"https:\/\/historiografija.hr\/?p=42665","title":{"rendered":"Serija otvorenih predavanja \u201eJugoslavija od periferije ka socijalizmu i natrag\u201d u Beogradu"},"content":{"rendered":"\n<p>Muzej Jugoslavije i Departman za studije politike Fakulteta za medije i komunikacije u Beogradu organizuju seriju predavanja \u201eJugoslavija od periferije ka socijalizmu i natrag\u201d. Predavanja \u0107e se baviti istorijskim procesima koji su vodili Jugoslaviju od zavisnog kapitalizma u me\u0111uratnom periodu, ka poku\u0161aju izgradnje socijalizma i izmje\u0161tanja sa periferne pozicije u me\u0111unarodnoj podjeli rada u periodu posle Drugog svetskog rata, do perifernog razvoja zemalja koje su nastale raspadom Jugoslavije u periodu restauracije kapitalizma.<\/p>\n\n\n\n<p>Retrospektivno mo\u017eemo re\u0107i da se zemlje nastale raspadom Jugoslavije nalaze na poziciji koju su zauzimale u periodu izme\u0111u Prvog i Drugog svetskog rata, tj. na poziciji perifernog kapitalizma. S druge strane, period jugoslovenskog socijalizma mo\u017eemo sagledati kao poku\u0161aj izlaska iz ove pozicije. Sada\u0161njost tako name\u0107e urgentnost kriti\u010dkog preispitivanja pro\u0161losti i ponovnog otvaranja horizonta mi\u0161ljenja koje cilja ka emancipaciji od obrazaca zavisnog razvoja.<\/p>\n\n\n\n<p>Predavanja \u0107e iz istorijsko-materijalisti\u010dke perspektive analizirati pozicioniranja Jugoslavije u me\u0111unarodnoj podjeli rada, kriti\u010dki preispitati jugoslovenski razvoj dru\u0161tvenih nauka u tradicionalnim akademskim aparatima i poku\u0161aje izgradnje alternativnih institucija teorijske proizvodnje. Osvrnu\u0107e se i na domete \u017eenske emancipacije u socijalisti\u010dkoj Jugoslaviji, kritikovati dana\u0161nje dominantne pristupe naslje\u0111u jugoslovenskog socijalizma i analizirati puteve perifernog, zavisnog razvoja kojima idu zemlje nastale raspadom Jugoslavije nakon restauracije kapitalizma.<\/p>\n\n\n\n<p><strong>Program predavanja<\/strong><\/p>\n\n\n\n<p>14. oktobar \u2013 Rade Panti\u0107, \u201eJugoslavija u me\u0111unarodnoj podeli rada&#8221;<\/p>\n\n\n\n<p>21. oktobar \u2013 Mislav \u017ditko, \u201e\u0160to da se radi s&nbsp;<em>Kapitalom<\/em>? Jugoslavenski odgovor\u201d<\/p>\n\n\n\n<p>4. novembar \u2013 Aleksandar Matkovi\u0107, \u201eNa rubu znanosti: politi\u010dke \u0161kole i marksisti\u010dko obrazovanje u Jugoslaviji 1919-1991.\u201d<\/p>\n\n\n\n<p>18. novembar \u2013 Lilijana Burcar, \u201cThe SFRY: Reproductive rights as basic human rights\u201d<\/p>\n\n\n\n<p>2. decembar \u2013 Rastko Mo\u010dnik, \u201eVarijeteti obnove kapitalizma na jugoslovenskom prostoru\u201d<\/p>\n\n\n\n<p>16. decembar \u2013 Maja Breznik, \u201ePam\u0107enje i zaborav u studijama jugonostalgije\u201d<\/p>\n\n\n\n<p>Sva predavanja \u0107e se odr\u017eati u bioskopskoj sali Muzeja Jugoslavije, sa po\u010detkom u 19 sati.<\/p>\n\n\n\n<p>Ulaz je slobodan.<\/p>\n\n\n\n<hr class=\"wp-block-separator\"\/>\n\n\n\n<p>Izvor: <a href=\"https:\/\/muzej-jugoslavije.org\/program\/jugoslavija-od-periferije-ka-socijalizmu-i-natrag\/\">Muzej Jugoslavije<\/a><\/p>\n\n\n\n<hr class=\"wp-block-separator\"\/>\n\n\n\n<p>Preneseno s portala <strong>Historiografija.ba<\/strong>:<\/p>\n\n\n\n<p><a href=\"https:\/\/historiografija.ba\/historija-u-javnosti\/naucne-manifestacije\/jugoslavija-od-periferije-ka-socijalizmu-i-natrag\">https:\/\/historiografija.ba\/historija-u-javnosti\/naucne-manifestacije\/jugoslavija-od-periferije-ka-socijalizmu-i-natrag<\/a><\/p>\n\n\n\n<hr class=\"wp-block-separator\"\/>\n","protected":false},"excerpt":{"rendered":"","protected":false},"author":2,"featured_media":42666,"comment_status":"open","ping_status":"open","sticky":false,"template":"","format":"standard","meta":{"_acf_changed":false,"jetpack_post_was_ever_published":false,"_jetpack_newsletter_access":"","_jetpack_dont_email_post_to_subs":false,"_jetpack_newsletter_tier_id":0,"_jetpack_memberships_contains_paywalled_content":false,"_jetpack_memberships_contains_paid_content":false,"footnotes":"","jetpack_publicize_message":"","jetpack_publicize_feature_enabled":true,"jetpack_social_post_already_shared":true,"jetpack_social_options":{"image_generator_settings":{"template":"highway","default_image_id":0,"font":"","enabled":false},"version":2}},"categories":[3],"tags":[],"class_list":["post-42665","post","type-post","status-publish","format-standard","has-post-thumbnail","hentry","category-novosti"],"acf":{"facebook_opis":""},"jetpack_publicize_connections":[],"jetpack_featured_media_url":"https:\/\/i0.wp.com\/historiografija.hr\/wp-content\/uploads\/2024\/10\/muzej-jugoslavije-serija-predavanja.jpg?fit=555%2C555&ssl=1","jetpack_sharing_enabled":true,"jetpack-related-posts":[],"_links":{"self":[{"href":"https:\/\/historiografija.hr\/index.php?rest_route=\/wp\/v2\/posts\/42665","targetHints":{"allow":["GET"]}}],"collection":[{"href":"https:\/\/historiografija.hr\/index.php?rest_route=\/wp\/v2\/posts"}],"about":[{"href":"https:\/\/historiografija.hr\/index.php?rest_route=\/wp\/v2\/types\/post"}],"author":[{"embeddable":true,"href":"https:\/\/historiografija.hr\/index.php?rest_route=\/wp\/v2\/users\/2"}],"replies":[{"embeddable":true,"href":"https:\/\/historiografija.hr\/index.php?rest_route=%2Fwp%2Fv2%2Fcomments&post=42665"}],"version-history":[{"count":3,"href":"https:\/\/historiografija.hr\/index.php?rest_route=\/wp\/v2\/posts\/42665\/revisions"}],"predecessor-version":[{"id":42669,"href":"https:\/\/historiografija.hr\/index.php?rest_route=\/wp\/v2\/posts\/42665\/revisions\/42669"}],"wp:featuredmedia":[{"embeddable":true,"href":"https:\/\/historiografija.hr\/index.php?rest_route=\/wp\/v2\/media\/42666"}],"wp:attachment":[{"href":"https:\/\/historiografija.hr\/index.php?rest_route=%2Fwp%2Fv2%2Fmedia&parent=42665"}],"wp:term":[{"taxonomy":"category","embeddable":true,"href":"https:\/\/historiografija.hr\/index.php?rest_route=%2Fwp%2Fv2%2Fcategories&post=42665"},{"taxonomy":"post_tag","embeddable":true,"href":"https:\/\/historiografija.hr\/index.php?rest_route=%2Fwp%2Fv2%2Ftags&post=42665"}],"curies":[{"name":"wp","href":"https:\/\/api.w.org\/{rel}","templated":true}]}}