{"id":42662,"date":"2024-10-11T19:08:43","date_gmt":"2024-10-11T19:08:43","guid":{"rendered":"http:\/\/historiografija.hr\/?p=42662"},"modified":"2024-10-11T19:08:43","modified_gmt":"2024-10-11T19:08:43","slug":"praktikum-za-angazirani-pristup-bastini","status":"publish","type":"post","link":"https:\/\/historiografija.hr\/?p=42662","title":{"rendered":"Praktikum za anga\u017eirani pristup ba\u0161tini"},"content":{"rendered":"\n<p><strong>OBRAZOVNI PROGRAM&nbsp;<\/strong><\/p>\n\n\n\n<p><strong>listopad \/ studeni 2024.<\/strong><\/p>\n\n\n\n<p><strong>ZAGREB<\/strong><\/p>\n\n\n\n<p>Prijavite se na besplatnu edukaciju o dru\u0161tveno anga\u017eiranom i kriti\u010dkom pristupu muzejima i ba\u0161tini. Krenuv\u0161i od dugogodi\u0161nje prakse rada u lokalnoj zajednici i bilje\u017eenja kvartovske povijesti odozdo u okviru na\u0161eg programa <strong>Muzej susjedstva Tre\u0161njevka<\/strong>, kroz diskusije, radionice i terensku nastavu, otvaramo teme <strong>kvartovskih muzeja<\/strong>, <strong>kolonijalizma<\/strong>, <strong>stambenog pitanja i muzeja<\/strong>, <strong>antifa\u0161isti\u010dkog naslje\u0111a<\/strong> i <strong>revizionizma<\/strong>.&nbsp;<\/p>\n\n\n\n<p>Praktikum je interdisciplinarnog karaktera i namijenjen je studentima i studenticama dru\u0161tveno-humanisti\u010dkih znanosti (muzeologije, arhivistike, povijesti umjetnosti, povijesti, etnologije i antropologije, sociologije, novinarstva, politologije), arhitekture, dizajna, umjetni\u010dkih akademija i drugih studija.<\/p>\n\n\n\n<p>Dio programa otvoren je za \u0161iru javnost (bez potrebnih prijava).<\/p>\n\n\n\n<p>Program je potpuno besplatan, uklju\u010duju\u0107i i tro\u0161kove puta i prehrane u Ogulinu i Dre\u017enici. Broj polaznika je ograni\u010den, osim javnog seminara koji se odr\u017eava 7. studenog.&nbsp;<\/p>\n\n\n\n<p><strong>Prijave se \u0161alju na blok@blok.hr (subject: Praktikum) do 13. 10. 2024.&nbsp;<\/strong><\/p>\n\n\n\n<p>Prijavljenima \u0107emo najkasnije do 15. 10. javiti rezultate.<\/p>\n\n\n\n<p>Prijava treba sadr\u017eavati: ime i prezime, naziv studija, smjera i godinu studiranja te kra\u0107e motivacijsko pismo (do jedne kartice teksta) u kojemu \u0107ete izlo\u017eiti za\u0161to vas program zanima te jeste li i koliko upoznati s temama. Prethodno predznanje nije preduvjet niti prednost u odabiru sudionika ve\u0107 \u0107e nam te informacije pomo\u0107i da pripremimo nastavu. Temelj odabira polaznica i polaznika su motivacija, mogu\u0107nost redovnog poha\u0111anja programa i spremnost na sudjelovanje u kolektivnom radu.<\/p>\n\n\n\n<p><strong>*PROGRAM*<\/strong><\/p>\n\n\n\n<p><strong>srijeda 23. 10. | 16 &#8211; 20 h |<\/strong><\/p>\n\n\n\n<p><strong>uvodni susret i predstavljanje programa Muzej susjedstva Tre\u0161njevka<\/strong><\/p>\n\n\n\n<p>Upoznajemo se, predstavljamo program i vje\u017ebu koju \u0107e na polaznici raditi kontinuirano tijekom praktikuma. Kroz \u0161etnju Tre\u0161njevkom i potom prezentaciju virtualnog fundusa te diskusiju u Novoj BAZI predstavljamo BLOK-ov program Muzej susjedstva Tre\u0161njevka (MST). Cilj MST-a je \u010duvanje, istra\u017eivanje, revalorizacija i aktualizacija bogatog radni\u010dkog naslije\u0111a ovog najve\u0107eg zagreba\u010dkog kvarta. Zanima nas ba\u0161tina koju slu\u017ebene institucije \u010desto zaobilaze, a koja potje\u010de od samih stanovnika, radnika i radnica Tre\u0161njevke. Lokalna povijest postaje alat u razumijevanju procesa koji oblikuju kvart, ali i okida\u010d za anga\u017eman na Tre\u0161njevci kakva je danas. Kad ka\u017eemo \u201cmuzej\u201d, ne mislimo na zgradu, ve\u0107 na stvaranje prostora za zajedni\u010dko \u010duvanje i interpretiranje ba\u0161tine, socijalizaciju i zajedni\u010dko djelovanje.&nbsp;<\/p>\n\n\n\n<p>Muzej susjedstva Tre\u0161njevka ima dva klju\u010dna segmenta. Prvi je bogati virtualni fundus tre\u0161njeva\u010dke povijesti koji se sastoji od fotografija i skenova razli\u010ditih predmeta koje prikupljamo od samih (biv\u0161ih i sada\u0161njih) stanovnika i svih onih na bilo koji na\u010din vezanih za ovaj kvart. Drugi je kulturno-umjetni\u010dki program \u201c\u017diva ba\u0161tina\u201d koji obuhva\u0107a razne aktivnosti: umjetni\u010dka istra\u017eivanja i produkcije, izlo\u017ebe, glazbene izvedbe, filmske programe, intervencije u javnom prostoru, edukativne ture o povijesti kvarta i tematske radionice za susjede.<\/p>\n\n\n\n<p><strong>subota 26. 10. | cjelodnevni program |<\/strong><\/p>\n\n\n\n<p><strong>terenska nastava u Ogulinu i Dre\u017enici s \u010dlanovima tima projekta Ba\u0161tina odozdo | Dre\u017enica: Tragovi i sje\u0107anja 1941.\u20131945.<\/strong><\/p>\n\n\n\n<p>Jednodnevni izlet obuhva\u0107a posjet Zavi\u010dajnom muzeju Ogulin, Dre\u017enici i spomeni\u010dkom kompleksu posve\u0107enom partizanskoj bolnici br. 7 na Javornici. Na tom prodru\u010dju me\u0111unarodni tim projekta&nbsp;<a href=\"https:\/\/www.ipu.hr\/article\/en\/761\/heritage-from-below-dreznica-traces-and-memories-1941-1945\" target=\"_blank\" rel=\"noreferrer noopener\">Ba\u0161tina odozdo | Dre\u017enica: Tragovi i sje\u0107anja 1941.-1945.<\/a> interdisciplinarnim pristupom istra\u017euje pro\u0161lost dre\u017eni\u010dkog kraja, bilje\u017ee\u0107i i sudjeluju\u0107i u ba\u0161tinskim praksama lokalne zajednice, koje egzistiraju i perzistiraju onkraj slu\u017ebenih povijesnih narativa, institucionalnih okvira i tr\u017ei\u0161nih modela ba\u0161tinske proizvodnje. Projekt se bavi i mikrohistorijskim ispitivanjem specifi\u010dnog razvoja ba\u0161tine u okviru samoupravnog socijalizma, kada politi\u010dko naslje\u0111e NOB-a proliferira nove, ne uvijek uspje\u0161ne poku\u0161aje (re)afirmacije antifa\u0161isti\u010dkih i antikapitalisti\u010dkih povijesnih narativa. Terenski posjet Dre\u017enici i Ogulinu uklju\u010duje posjet muzejima i memorijalnim lokalitetima koji ukazuju na stanje ovog naslije\u0111a na terenu, njegovu uvjetovanost materijalnim uvjetima \u017eivota u ruralnim krajevim, ali i na potencijal alternativnih ba\u0161tinskih praksi lokalne zajednice koji usmjeravaju nove istra\u017eiva\u010dke pristupe.<\/p>\n\n\n\n<p><strong>srijeda 30. 10. | 16 &#8211; 20 h |<\/strong><\/p>\n\n\n\n<p><strong>posjet gradskoj instituciji: kriti\u010dko promi\u0161ljanje muzeja<\/strong><\/p>\n\n\n\n<p>Zajedni\u010dki obilazimo Muzej grada Zagreba, jedinu gradsku instituciju koja u ve\u0107em opsegu prikuplja kulturno-povijesnu gra\u0111u lokalnog konteksta. Kao ustanova koja kontekstualizira kulturu grada, mo\u017eemo re\u0107i da reprezentira \u010ditavu jednu mikrokulturnu regiju. U tom kontekstu \u017eelimo otvoriti temu neutralnosti muzeja kroz pitanja kao \u0161to su: \u010dije glasove \u010dujemo u gradskom muzeju, tko je zami\u0161ljeni posjetitelj_ica kome se muzej obra\u0107a, kako se u postavu reflektiraju pozicije poput klase, rase, roda, kako muzej mo\u017ee zauzeti jasan stav o povijesnom kontekstu vlastite gra\u0111e, kakav stav muzej zauzima prema vlastitoj pro\u0161losti i utemeljenju?<\/p>\n\n\n\n<p><strong>srijeda 6. 11. | 16 &#8211; 20 h |<\/strong><\/p>\n\n\n\n<p><strong>radionica s kustosicama Anom Kne\u017eevi\u0107 i Emilijom Ep\u0161tajn iz Muzeja afri\u010dke umetnosti u Beogradu<\/strong><\/p>\n\n\n\n<p>Kustoskinje Muzeja afri\u010dke umetnosti \u2013 zbirka Vede i dr. Zdravka Pe\u010dara, Emilia Ep\u0161tajn i Ana Kne\u017eevi\u0107 su u prethodnih nekoliko godina rada usmerile fokus svog istra\u017eivanja na (ne)vidljivu arhivsku gra\u0111u i nasle\u0111e nesvrstanih, kako unutar same muzejske institucije, tako i izvan nje, u privatnim i porodi\u010dnim kontekstima. Otkrivanjem zbirke fotografija i dokumenata Vede Zagorac i Zdravka Pe\u010dara (osniva\u010da MAU), sistemski sa\u010duvanom, ali zaboravljenom u MAU, otvaraju se teme poput uloge Jugoslovena i Jugoslovenki u Al\u017eirskoj borbi za nezavisnost, prisustva jugoslovenskih diplomata, radnika i radnica u Africi, kao i kriti\u010dkog pristupa jugoslovenskom antikolonijalizmu. To je dovelo do novog pronalaska niza vrednih izvora arhivske gra\u0111e i van same muzejske institucije, kao i do prikupljanja nasle\u0111a nesvrstanih i nesvrstanog nasle\u0111a \u201eodozdo\u201c. Obrada ovih materijala primenom metodologije \u201eperformativnog arhiva\u201c rezultiralo je izlo\u017ebama koje su kriti\u010dki pristupile razli\u010ditim temama i problemima nesvrstanosti, \u0161to je od posebnog zna\u010daja u vremenu i dru\u0161tvu u kome se uporno vr\u0161i revizionizam jugoslovenske i nesvrstane pro\u0161losti. Na ovoj radionici bavit \u0107emo se pitanjima (ne)vidljivosti nasle\u0111a (zaboravlja\/\u010duvanja, marginalizacije, revizionizma), otkrivanja sekundarnih i bo\u010dnih arhiva, pro\u0161irivanjem opsega pojma zbirka\/arhiv kroz mapiranje vrednih istorijskih izvora van \u201emuzejskih zidina\u201c, reinterpretacije nasle\u0111a nesvrstanih kroz selektivno arhivsko se\u0107anje i rad na stvaranju usmenih istorija i baze online podataka te interpretacije i muzealizacije nasle\u0111a i izlo\u017ebi kao \u201epri\u010da otvorenog kraja\u201c.<\/p>\n\n\n\n<p><strong>\u010detvrtak 7. 11. | 17 &#8211; 20 h | (dio programa otvoren javnosti, program je na engleskom jeziku)<\/strong><\/p>\n\n\n\n<p><strong>seminar o dru\u0161tveno-anga\u017eiranim muzejima &#8211; tri studije slu\u010daja:<\/strong><\/p>\n\n\n\n<p><strong>Muzej afri\u010dke umetnosti \/ Beograd<\/strong><\/p>\n\n\n\n<p>Muzej afri\u010dke umjetnosti u Beogradu iniciran je 1973., a svoja je vrata javnosti otvorio 1977. godine te je je prvi i jedini muzej u regiji koji je isklju\u010divo posve\u0107en kulturama i umjetnostima afri\u010dkog kontinenta. S obzirom na povijest njegovih zbirki i izlo\u017ebenih praksi, ovaj je muzej jedinstveni primjer etnografsko-umjetni\u010dkog muzeja proiza\u0161log iz pokreta Nesvrstanih. Povijesni pregled njegovog osnivanja te prikuplja\u010dkih i izlaga\u010dkih praksi, kao i prezentacija aktualnih istra\u017eiva\u010dkih, izlaga\u010dkih i umjetni\u010dkih projekata muzeja ukazat \u0107e na specifi\u010dno pozicioniranje ove institucije u trenutnim raspravama o dekolonizaciji muzejskih praksi.<\/p>\n\n\n\n<p><strong>L&#8217;AMuLoP | Association pour un mus\u00e9e du logement populaire du Grand Paris (Udru\u017eenje za muzej javnog stanovanja \u0161ireg pari\u0161kog podru\u010dja)<\/strong><\/p>\n\n\n\n<p>AMuLoP je pari\u0161ka udruga koja radi na muzejskom projektu posve\u0107enom dru\u0161tvenom stanovanju i povijesti radni\u0161tva i radni\u010dke svakodnevice u predgra\u0111u sjevernog Pariza. Okuplja kolektiv srednjo\u0161kolskih i visoko\u0161kolskih nastavnika, povjesni\u010dara, sociologa, glumaca i stru\u010dnjaka iz polja ba\u0161tine. Projekt \u017eeli doprinijeti afirmaciji radni\u010dkog naslije\u0111a koje se u dominantnim narativima i institucijama \u010desto zanemaruje i diskreditira. Najve\u0107i dosada\u0161nji program kolektiva je izlo\u017eba \u201cHLM Life\u201d odnosno \u201cPri\u010de stanovnika radni\u010dkih stanova u Aubervilleu 1950.-2000.\u201d<\/p>\n\n\n\n<p><strong>MUBIG | Museo di Comunit\u00e0&nbsp; (Muzej zajednice) \/ Milano<\/strong><\/p>\n\n\n\n<p>MUBIG je projekt muzeja zajednice pokrenut 2020. godine u milanskoj radni\u010dkoj \u010detvrti Greco. Pokrenuo ga je kolektiv arhitekata, edukatora i urbanista ABCitt\u00e0 u partnerstvu s Universit\u00e0 degli Studi di Milano-Bicocca te u suradnji sa Social Green Way, Stazione Radio Martesana i uz podr\u0161ku Gruppo FAS, Greco Positiva, IC Locatelli &#8211; Quasimodo. Cilj je projekta suprotstaviti se previsokim cijenama najma u gentrificiranom gradu kao \u0161to je Milano, u kojem je jaz izme\u0111u siroma\u0161nih i bogatih sve nagla\u0161eniji. U prostoru u kojem je muzej smje\u0161ten organiziraju kulturno-umjetni\u010dke programe za zajednicu kulturno-umjetni\u010dke i edukativne (izlo\u017ebe, izvedbe, urbane ture, audio ture kvartom itd.), vode online zbirku koja bilje\u017ei povijest susjedstva te sura\u0111uju s volonterima aktivnima na odr\u017eavanju komunalnog vrta, lokalnim sportskim klubovima, dva centra za besku\u0107nike i s drugim lokalnim organizacijama.<\/p>\n\n\n\n<p>\u2014<\/p>\n\n\n\n<p>Obrazovni program zavr\u0161ava prakti\u010dnim radom i njegovom javnom prezentacijom \u010diji \u0107emo termin u suglasnosti s polaznicima utvrditi na prvom susretu. To\u010dne lokacije odr\u017eavanja programa bit \u0107e komunicirane naknadno.<\/p>\n\n\n\n<p><strong>organizator:<\/strong> BLOK<\/p>\n\n\n\n<p><strong>stru\u010dna suradnica:<\/strong> Tea Kantoci<\/p>\n\n\n\n<p><strong>dizajn:<\/strong> Neva Zidi\u0107<\/p>\n\n\n\n<p><strong>Obrazovni program organiziran je u okviru projekta \u201cTre\u0161njevka Neighbourhood Museum Without Walls&#8221; koji podupire zaklada Foundation for Arts Initiatives te projekta \u201cMikropolitike: \u010cija ba\u0161tina? Muzeji, arhivi i dru\u0161tveni anga\u017eman\u201d koji podr\u017eavaju Gradski ured za kulturu i civilno dru\u0161tvo grada Zagreba i Ministarstvo kulture i medija RH. Godi\u0161nji program BLOK-a 2024. podr\u017eava Zaklada &#8220;Kultura nova&#8221;.<\/strong><\/p>\n\n\n\n<hr class=\"wp-block-separator\"\/>\n\n\n\n<p>Izvor:<\/p>\n\n\n\n<p><a href=\"https:\/\/www.blok.hr\/hr\/muzej-susjedstva-tresnjevka\/praktikum-za-angazirani-pristup-bastini\">https:\/\/www.blok.hr\/hr\/muzej-susjedstva-tresnjevka\/praktikum-za-angazirani-pristup-bastini<\/a><\/p>\n\n\n\n<hr class=\"wp-block-separator\"\/>\n","protected":false},"excerpt":{"rendered":"","protected":false},"author":2,"featured_media":42663,"comment_status":"open","ping_status":"open","sticky":false,"template":"","format":"standard","meta":{"_acf_changed":false,"jetpack_post_was_ever_published":false,"_jetpack_newsletter_access":"","_jetpack_dont_email_post_to_subs":false,"_jetpack_newsletter_tier_id":0,"_jetpack_memberships_contains_paywalled_content":false,"_jetpack_memberships_contains_paid_content":false,"footnotes":"","jetpack_publicize_message":"","jetpack_publicize_feature_enabled":true,"jetpack_social_post_already_shared":true,"jetpack_social_options":{"image_generator_settings":{"template":"highway","default_image_id":0,"font":"","enabled":false},"version":2}},"categories":[3],"tags":[],"class_list":["post-42662","post","type-post","status-publish","format-standard","has-post-thumbnail","hentry","category-novosti"],"acf":{"facebook_opis":""},"jetpack_publicize_connections":[],"jetpack_featured_media_url":"https:\/\/i0.wp.com\/historiografija.hr\/wp-content\/uploads\/2024\/10\/MST_LAB-ig.png?fit=475%2C475&ssl=1","jetpack_sharing_enabled":true,"jetpack-related-posts":[],"_links":{"self":[{"href":"https:\/\/historiografija.hr\/index.php?rest_route=\/wp\/v2\/posts\/42662","targetHints":{"allow":["GET"]}}],"collection":[{"href":"https:\/\/historiografija.hr\/index.php?rest_route=\/wp\/v2\/posts"}],"about":[{"href":"https:\/\/historiografija.hr\/index.php?rest_route=\/wp\/v2\/types\/post"}],"author":[{"embeddable":true,"href":"https:\/\/historiografija.hr\/index.php?rest_route=\/wp\/v2\/users\/2"}],"replies":[{"embeddable":true,"href":"https:\/\/historiografija.hr\/index.php?rest_route=%2Fwp%2Fv2%2Fcomments&post=42662"}],"version-history":[{"count":1,"href":"https:\/\/historiografija.hr\/index.php?rest_route=\/wp\/v2\/posts\/42662\/revisions"}],"predecessor-version":[{"id":42664,"href":"https:\/\/historiografija.hr\/index.php?rest_route=\/wp\/v2\/posts\/42662\/revisions\/42664"}],"wp:featuredmedia":[{"embeddable":true,"href":"https:\/\/historiografija.hr\/index.php?rest_route=\/wp\/v2\/media\/42663"}],"wp:attachment":[{"href":"https:\/\/historiografija.hr\/index.php?rest_route=%2Fwp%2Fv2%2Fmedia&parent=42662"}],"wp:term":[{"taxonomy":"category","embeddable":true,"href":"https:\/\/historiografija.hr\/index.php?rest_route=%2Fwp%2Fv2%2Fcategories&post=42662"},{"taxonomy":"post_tag","embeddable":true,"href":"https:\/\/historiografija.hr\/index.php?rest_route=%2Fwp%2Fv2%2Ftags&post=42662"}],"curies":[{"name":"wp","href":"https:\/\/api.w.org\/{rel}","templated":true}]}}