{"id":42658,"date":"2024-10-11T18:29:41","date_gmt":"2024-10-11T18:29:41","guid":{"rendered":"http:\/\/historiografija.hr\/?p=42658"},"modified":"2024-10-11T18:30:43","modified_gmt":"2024-10-11T18:30:43","slug":"promocija-knjige-vinka-tadica-dijalog-u-sumskoj-dvorani-tragovima-paroha-pozeskih","status":"publish","type":"post","link":"https:\/\/historiografija.hr\/?p=42658","title":{"rendered":"Promocija knjige Vinka Tadi\u0107a \u201eDijalog u \u0161umskoj dvorani \u2013 tragovima paroha po\u017ee\u0161kih\u201c"},"content":{"rendered":"\n<p>Promocija knjige <em><strong>Dijalog u \u0161umskoj dvorani<\/strong><\/em> <strong><em>\u2013 tragovima paroha po\u017ee\u0161kih<\/em><\/strong><em> <\/em>autora <strong>Vinka Tadi\u0107a<\/strong> odr\u017eat \u0107e se <strong>u \u010detvrtak<\/strong>, <strong>17. listopada<\/strong>, <strong>u 18 sati na Galeriji svjetlosti<\/strong> Gradske knji\u017enice Po\u017eega. O spomenutoj knjizi govorit \u0107e <strong>recenzenti<\/strong> dr. sc. Dragutin Babi\u0107, znanstveni savjetnik, prof. dr. sc. Aleksandra Ku\u010dekovi\u0107 i prof. dr. sc. Zlata \u017divakovi\u0107 Ker\u017ee, a predstavljanje knjige svojim \u0107e nastupom upotpuniti zbor <strong>Crkve<\/strong> <strong>Preobra\u017eenja Gospodnjeg iz Zagreba<\/strong>.<\/p>\n\n\n\n<p><br>Organizatori su programa <strong>Institut za istra\u017eivanje migracija<\/strong>, <strong>Povijesno dru\u0161tvo Po\u017eega<\/strong>, <strong>SKD \u201cProsvjeta\u201d \u2013 pododbor Po\u017eega<\/strong> te <strong>\u017dupanijsko stru\u010dno vije\u0107e u\u010ditelja i nastavnika povijesti<\/strong>.<\/p>\n\n\n\n<hr class=\"wp-block-separator\"\/>\n\n\n\n<p>Izvor:<\/p>\n\n\n\n<figure class=\"wp-block-embed-wordpress wp-block-embed is-type-wp-embed is-provider-gradska-knjiznica-pozega\"><div class=\"wp-block-embed__wrapper\">\n<blockquote class=\"wp-embedded-content\" data-secret=\"8xZOYRk7AH\"><a href=\"https:\/\/gkpz.hr\/dogadaji\/promocija-knjige-dijalog-u-sumskoj-dvorani\/\">Promocija knjige Dijalog u \u0161umskoj dvorani<\/a><\/blockquote><iframe loading=\"lazy\" class=\"wp-embedded-content\" sandbox=\"allow-scripts\" security=\"restricted\" style=\"position: absolute; clip: rect(1px, 1px, 1px, 1px);\" title=\"&#8220;Promocija knjige Dijalog u \u0161umskoj dvorani&#8221; &#8212; Gradska knji\u017enica Po\u017eega\" src=\"https:\/\/gkpz.hr\/dogadaji\/promocija-knjige-dijalog-u-sumskoj-dvorani\/embed\/#?secret=2kjctAMRGy#?secret=8xZOYRk7AH\" data-secret=\"8xZOYRk7AH\" width=\"600\" height=\"338\" frameborder=\"0\" marginwidth=\"0\" marginheight=\"0\" scrolling=\"no\"><\/iframe>\n<\/div><\/figure>\n\n\n\n<hr class=\"wp-block-separator\"\/>\n\n\n\n<figure class=\"wp-block-image size-large\"><img data-recalc-dims=\"1\" loading=\"lazy\" decoding=\"async\" width=\"724\" height=\"1024\" data-attachment-id=\"42659\" data-permalink=\"https:\/\/historiografija.hr\/?attachment_id=42659\" data-orig-file=\"https:\/\/i0.wp.com\/historiografija.hr\/wp-content\/uploads\/2024\/10\/Pozivnica-V.-Tadi%C4%87-.jpg?fit=1653%2C2338&amp;ssl=1\" data-orig-size=\"1653,2338\" data-comments-opened=\"1\" data-image-meta=\"{&quot;aperture&quot;:&quot;0&quot;,&quot;credit&quot;:&quot;work&quot;,&quot;camera&quot;:&quot;&quot;,&quot;caption&quot;:&quot;&quot;,&quot;created_timestamp&quot;:&quot;0&quot;,&quot;copyright&quot;:&quot;&quot;,&quot;focal_length&quot;:&quot;0&quot;,&quot;iso&quot;:&quot;0&quot;,&quot;shutter_speed&quot;:&quot;0&quot;,&quot;title&quot;:&quot;Tadic_Dijalog u sumskoj dvora...&quot;,&quot;orientation&quot;:&quot;1&quot;}\" data-image-title=\"Tadic_Dijalog u sumskoj dvora&amp;#8230;\" data-image-description=\"\" data-image-caption=\"\" data-large-file=\"https:\/\/i0.wp.com\/historiografija.hr\/wp-content\/uploads\/2024\/10\/Pozivnica-V.-Tadi%C4%87-.jpg?fit=724%2C1024&amp;ssl=1\" src=\"https:\/\/i0.wp.com\/historiografija.hr\/wp-content\/uploads\/2024\/10\/Pozivnica-V.-Tadi%C4%87-.jpg?resize=724%2C1024&#038;ssl=1\" alt=\"\" class=\"wp-image-42659\" srcset=\"https:\/\/i0.wp.com\/historiografija.hr\/wp-content\/uploads\/2024\/10\/Pozivnica-V.-Tadi%C4%87-.jpg?resize=724%2C1024&amp;ssl=1 724w, https:\/\/i0.wp.com\/historiografija.hr\/wp-content\/uploads\/2024\/10\/Pozivnica-V.-Tadi%C4%87-.jpg?resize=212%2C300&amp;ssl=1 212w, https:\/\/i0.wp.com\/historiografija.hr\/wp-content\/uploads\/2024\/10\/Pozivnica-V.-Tadi%C4%87-.jpg?resize=768%2C1086&amp;ssl=1 768w, https:\/\/i0.wp.com\/historiografija.hr\/wp-content\/uploads\/2024\/10\/Pozivnica-V.-Tadi%C4%87-.jpg?resize=1086%2C1536&amp;ssl=1 1086w, https:\/\/i0.wp.com\/historiografija.hr\/wp-content\/uploads\/2024\/10\/Pozivnica-V.-Tadi%C4%87-.jpg?resize=1448%2C2048&amp;ssl=1 1448w, https:\/\/i0.wp.com\/historiografija.hr\/wp-content\/uploads\/2024\/10\/Pozivnica-V.-Tadi%C4%87-.jpg?w=1653&amp;ssl=1 1653w\" sizes=\"auto, (max-width: 724px) 100vw, 724px\" \/><\/figure>\n\n\n\n<hr class=\"wp-block-separator\"\/>\n\n\n\n<p>Op\u0161irnije:<\/p>\n\n\n\n<figure class=\"wp-block-embed-wordpress wp-block-embed is-type-wp-embed is-provider-historiografija-hr\"><div class=\"wp-block-embed__wrapper\">\n<blockquote class=\"wp-embedded-content\" data-secret=\"WV0Ki9GY7C\"><a href=\"https:\/\/historiografija.hr\/?p=41070\">Vinko Tadi\u0107, \u201eDijalog u \u0161umskoj dvorani \u2013 tragovima paroha po\u017ee\u0161kih\u201c<\/a><\/blockquote><iframe loading=\"lazy\" class=\"wp-embedded-content\" sandbox=\"allow-scripts\" security=\"restricted\" style=\"position: absolute; clip: rect(1px, 1px, 1px, 1px);\" title=\"&#8220;Vinko Tadi\u0107, \u201eDijalog u \u0161umskoj dvorani \u2013 tragovima paroha po\u017ee\u0161kih\u201c&#8221; &#8212; Historiografija.hr\" src=\"https:\/\/historiografija.hr\/?p=41070&#038;embed=true#?secret=WV0Ki9GY7C\" data-secret=\"WV0Ki9GY7C\" width=\"600\" height=\"338\" frameborder=\"0\" marginwidth=\"0\" marginheight=\"0\" scrolling=\"no\"><\/iframe>\n<\/div><\/figure>\n\n\n\n<hr class=\"wp-block-separator\"\/>\n","protected":false},"excerpt":{"rendered":"","protected":false},"author":2,"featured_media":42659,"comment_status":"open","ping_status":"open","sticky":false,"template":"","format":"standard","meta":{"_acf_changed":false,"jetpack_post_was_ever_published":false,"_jetpack_newsletter_access":"","_jetpack_dont_email_post_to_subs":false,"_jetpack_newsletter_tier_id":0,"_jetpack_memberships_contains_paywalled_content":false,"_jetpack_memberships_contains_paid_content":false,"footnotes":"","jetpack_publicize_message":"","jetpack_publicize_feature_enabled":true,"jetpack_social_post_already_shared":true,"jetpack_social_options":{"image_generator_settings":{"template":"highway","default_image_id":0,"font":"","enabled":false},"version":2}},"categories":[3],"tags":[],"class_list":["post-42658","post","type-post","status-publish","format-standard","has-post-thumbnail","hentry","category-novosti"],"acf":{"facebook_opis":""},"jetpack_publicize_connections":[],"jetpack_featured_media_url":"https:\/\/i0.wp.com\/historiografija.hr\/wp-content\/uploads\/2024\/10\/Pozivnica-V.-Tadi%C4%87-.jpg?fit=1653%2C2338&ssl=1","jetpack_sharing_enabled":true,"jetpack-related-posts":[],"_links":{"self":[{"href":"https:\/\/historiografija.hr\/index.php?rest_route=\/wp\/v2\/posts\/42658","targetHints":{"allow":["GET"]}}],"collection":[{"href":"https:\/\/historiografija.hr\/index.php?rest_route=\/wp\/v2\/posts"}],"about":[{"href":"https:\/\/historiografija.hr\/index.php?rest_route=\/wp\/v2\/types\/post"}],"author":[{"embeddable":true,"href":"https:\/\/historiografija.hr\/index.php?rest_route=\/wp\/v2\/users\/2"}],"replies":[{"embeddable":true,"href":"https:\/\/historiografija.hr\/index.php?rest_route=%2Fwp%2Fv2%2Fcomments&post=42658"}],"version-history":[{"count":2,"href":"https:\/\/historiografija.hr\/index.php?rest_route=\/wp\/v2\/posts\/42658\/revisions"}],"predecessor-version":[{"id":42661,"href":"https:\/\/historiografija.hr\/index.php?rest_route=\/wp\/v2\/posts\/42658\/revisions\/42661"}],"wp:featuredmedia":[{"embeddable":true,"href":"https:\/\/historiografija.hr\/index.php?rest_route=\/wp\/v2\/media\/42659"}],"wp:attachment":[{"href":"https:\/\/historiografija.hr\/index.php?rest_route=%2Fwp%2Fv2%2Fmedia&parent=42658"}],"wp:term":[{"taxonomy":"category","embeddable":true,"href":"https:\/\/historiografija.hr\/index.php?rest_route=%2Fwp%2Fv2%2Fcategories&post=42658"},{"taxonomy":"post_tag","embeddable":true,"href":"https:\/\/historiografija.hr\/index.php?rest_route=%2Fwp%2Fv2%2Ftags&post=42658"}],"curies":[{"name":"wp","href":"https:\/\/api.w.org\/{rel}","templated":true}]}}