{"id":42652,"date":"2024-10-10T20:08:54","date_gmt":"2024-10-10T20:08:54","guid":{"rendered":"http:\/\/historiografija.hr\/?p=42652"},"modified":"2024-10-10T20:10:23","modified_gmt":"2024-10-10T20:10:23","slug":"medunarodni-znanstveni-skup-medieval-rural-space-u-zagrebu","status":"publish","type":"post","link":"https:\/\/historiografija.hr\/?p=42652","title":{"rendered":"Me\u0111unarodni znanstveni skup &#8220;Medieval Rural Space&#8221; u Zagrebu"},"content":{"rendered":"\n<p>U sklopu rada na znanstveno-istra\u017eiva\u010dkom projektu \u201eTopografijja srednjovjekovne Zagreba\u010dke \u017eupanije\u201c (IP-2020-02-8706) financiranog od Hrvatske zaklade za znanost koji se provodi na Hrvatskom katoli\u010dkom sveu\u010dili\u0161tu 16. i 17. listopada 2024. godine odr\u017eat \u0107e se me\u0111unarodna znanstvena konferencija <strong>Medieval rural space<\/strong> \/<strong> Srednjovjekovni ruralni prostor<\/strong> <strong>\/ Srednjeve\u0161ki ruralni prostor<\/strong> u suorganizaciji Hrvatskog katoli\u010dkog sveu\u010dili\u0161ta i Zgodovinskog in\u0161tituta \u201eMilka Kosa\u201c Znanstvenoraziskovalnog centra Slovenske akademije znanosti in umetnosti na kojoj \u0107e sudjelovati niz znanstvenika iz inozemstva i Hrvatske.<\/p>\n\n\n\n<hr class=\"wp-block-separator\"\/>\n\n\n\n<div class=\"wp-block-file\"><a href=\"https:\/\/historiografija.hr\/wp-content\/uploads\/2024\/10\/Program_i_knji\u017eica_sa\u017eetaka.pdf\">Program_i_knji\u017eica_sa\u017eetaka<\/a><a href=\"https:\/\/historiografija.hr\/wp-content\/uploads\/2024\/10\/Program_i_knji\u017eica_sa\u017eetaka.pdf\" class=\"wp-block-file__button\" download>Preuzmi<\/a><\/div>\n\n\n\n<hr class=\"wp-block-separator\"\/>\n\n\n\n<p>Obavijest o konferenciji objavljena je i na sljede\u0107oj poveznici:<\/p>\n\n\n\n<figure class=\"wp-block-embed-wordpress wp-block-embed is-type-wp-embed is-provider-hrvatsko-katolicko-sveuciliste\"><div class=\"wp-block-embed__wrapper\">\n<blockquote class=\"wp-embedded-content\" data-secret=\"0zhqcLhK11\"><a href=\"https:\/\/www.unicath.hr\/hks-najave\/konferencija-srednjovjekovni-ruralni-prostor\">Konferencija &#8220;Srednjovjekovni ruralni prostor&#8221;<\/a><\/blockquote><iframe loading=\"lazy\" class=\"wp-embedded-content\" sandbox=\"allow-scripts\" security=\"restricted\" style=\"position: absolute; clip: rect(1px, 1px, 1px, 1px);\" title=\"&#8220;Konferencija &#8220;Srednjovjekovni ruralni prostor&#8221;&#8221; &#8212; Hrvatsko katoli\u010dko sveu\u010dili\u0161te\" src=\"https:\/\/www.unicath.hr\/hks-najave\/konferencija-srednjovjekovni-ruralni-prostor\/embed#?secret=vdCaSomzZB#?secret=0zhqcLhK11\" data-secret=\"0zhqcLhK11\" width=\"600\" height=\"338\" frameborder=\"0\" marginwidth=\"0\" marginheight=\"0\" scrolling=\"no\"><\/iframe>\n<\/div><\/figure>\n\n\n\n<hr class=\"wp-block-separator\"\/>\n","protected":false},"excerpt":{"rendered":"","protected":false},"author":2,"featured_media":42654,"comment_status":"open","ping_status":"open","sticky":false,"template":"","format":"standard","meta":{"_acf_changed":false,"jetpack_post_was_ever_published":false,"_jetpack_newsletter_access":"","_jetpack_dont_email_post_to_subs":false,"_jetpack_newsletter_tier_id":0,"_jetpack_memberships_contains_paywalled_content":false,"_jetpack_memberships_contains_paid_content":false,"footnotes":"","jetpack_publicize_message":"","jetpack_publicize_feature_enabled":true,"jetpack_social_post_already_shared":true,"jetpack_social_options":{"image_generator_settings":{"template":"highway","default_image_id":0,"font":"","enabled":false},"version":2}},"categories":[3,9],"tags":[],"class_list":["post-42652","post","type-post","status-publish","format-standard","has-post-thumbnail","hentry","category-novosti","category-skupovi"],"acf":{"facebook_opis":""},"jetpack_publicize_connections":[],"jetpack_featured_media_url":"https:\/\/i0.wp.com\/historiografija.hr\/wp-content\/uploads\/2024\/10\/Naslovnica.jpg?fit=1240%2C1755&ssl=1","jetpack_sharing_enabled":true,"jetpack-related-posts":[],"_links":{"self":[{"href":"https:\/\/historiografija.hr\/index.php?rest_route=\/wp\/v2\/posts\/42652","targetHints":{"allow":["GET"]}}],"collection":[{"href":"https:\/\/historiografija.hr\/index.php?rest_route=\/wp\/v2\/posts"}],"about":[{"href":"https:\/\/historiografija.hr\/index.php?rest_route=\/wp\/v2\/types\/post"}],"author":[{"embeddable":true,"href":"https:\/\/historiografija.hr\/index.php?rest_route=\/wp\/v2\/users\/2"}],"replies":[{"embeddable":true,"href":"https:\/\/historiografija.hr\/index.php?rest_route=%2Fwp%2Fv2%2Fcomments&post=42652"}],"version-history":[{"count":2,"href":"https:\/\/historiografija.hr\/index.php?rest_route=\/wp\/v2\/posts\/42652\/revisions"}],"predecessor-version":[{"id":42656,"href":"https:\/\/historiografija.hr\/index.php?rest_route=\/wp\/v2\/posts\/42652\/revisions\/42656"}],"wp:featuredmedia":[{"embeddable":true,"href":"https:\/\/historiografija.hr\/index.php?rest_route=\/wp\/v2\/media\/42654"}],"wp:attachment":[{"href":"https:\/\/historiografija.hr\/index.php?rest_route=%2Fwp%2Fv2%2Fmedia&parent=42652"}],"wp:term":[{"taxonomy":"category","embeddable":true,"href":"https:\/\/historiografija.hr\/index.php?rest_route=%2Fwp%2Fv2%2Fcategories&post=42652"},{"taxonomy":"post_tag","embeddable":true,"href":"https:\/\/historiografija.hr\/index.php?rest_route=%2Fwp%2Fv2%2Ftags&post=42652"}],"curies":[{"name":"wp","href":"https:\/\/api.w.org\/{rel}","templated":true}]}}