{"id":42648,"date":"2024-10-10T19:38:28","date_gmt":"2024-10-10T19:38:28","guid":{"rendered":"http:\/\/historiografija.hr\/?p=42648"},"modified":"2024-10-10T19:38:59","modified_gmt":"2024-10-10T19:38:59","slug":"damir-stanic-pogranicavanje-bihac-i-bihacka-kapetanija-1527-1592","status":"publish","type":"post","link":"https:\/\/historiografija.hr\/?p=42648","title":{"rendered":"Damir Stani\u0107, \u201ePograni\u010davanje. Biha\u0107 i Biha\u0107ka kapetanija 1527. &#8211; 1592.\u201c"},"content":{"rendered":"\n<p>Slobodni kraljevski grad Biha\u0107 do osmanskog osvajanja 1592. jedan je od najva\u017enijih urbanih i sociopoliti\u010dkih centara onodobnoga hrvatskog prostora. Izvanredno pozicioniran uz va\u017enu komunikaciju koja je spajala jadranski i panonski prostor, smje\u0161ten na toku rijeke Une, za\u0161ti\u0107en planinama te dobro naseljen i utvr\u0111en, Biha\u0107 je ubrzo postao i va\u017eno vojno protuosmansko sredi\u0161te. Proces transformacije Biha\u0107a u jedan od centara protuosmanskoga obrambenog sustava zapo\u010deo je desetlje\u0107ima prije stupanja dinastije Habsburg na ugarsko-hrvatsko prijestolje, a kulminirao je nakon 1527. kada grad postaje sjedi\u0161te Biha\u0107ke kapetanije te zborno mjesto Hrvatske krajine. U knjizi se analizira nastanak Biha\u0107ke kapetanije, njezin teritorijalni razvoj, promjene u strate\u0161kom zna\u010denju, broj i karakteristike vojnika gradske posade te vojnih postrojbi slanih u pomo\u0107 gradu, stanje i promjene na gradskim fortifikacijama, a posebno poglavlje posve\u0107eno je biha\u0107kim kapetanima i vi\u0161im \u010dasnicima gradske posade. Prezentirana je i problematika dopreme i skladi\u0161tenja oru\u017eja i opreme u gradu te obavje\u0161tajna, stra\u017earska i po\u0161tanska va\u017enost Biha\u0107a u kraji\u0161kom kontekstu. Tako\u0111er, fokus je stavljen i na posljedice pograni\u010davanja, odnosno militarizacije hrvatskog prostora koja se o\u010ditovala u porastu stanovni\u0161tva uklju\u010dena u ratne aktivnosti i uzdizanju kraji\u0161ke upravne strukture nad tradicionalnom biha\u0107kom gradskom op\u0107inom. Prikazani su dostupni podatci o pripadnicima gradske op\u0107ine u promatranom periodu, prezentirana je dinamika suodnosa civilnih i vojnih vlasti, demografska problematika Biha\u0107a, odnosno pitanje broja stanovnika te pozicija Biha\u0107a u kontekstu velikih migracija stanovni\u0161tva na pograni\u010dju te prema unutra\u0161njosti. Na kraju je istra\u017eeno kako i odakle se prehranjivalo biha\u0107ko stanovni\u0161tvo, kako je ure\u0111en opskrbni sustav te odakle su i kojim komunikacijama pristizale namirnice za gradsku vojnu posadu.<\/p>\n\n\n\n<p>Prava knjiga za svakoga koga zanima povijest nekada\u0161njeg <em>de facto<\/em> glavnog grada Kraljevine Hrvatske te razdoblje burnih ratova s Osmanskim Carstvom koji su uvelike definirali i na\u0161u sada\u0161njost.<\/p>\n\n\n\n<p>Knjiga ima 455 stranica, 19 karata te 22 slikovna i 15 tabli\u010dnih prikaza, a mo\u017ee se nabaviti po cijeni od 20 \u20ac.<\/p>\n\n\n\n<hr class=\"wp-block-separator\"\/>\n\n\n\n<p>Izvor:<\/p>\n\n\n\n<p><a href=\"http:\/\/www.arhiv.hr\/hr-hr\/Kulturno-prosvjetne-aktivnosti\/ArticleId\/1819\/oamid\/1633\">http:\/\/www.arhiv.hr\/hr-hr\/Kulturno-prosvjetne-aktivnosti\/ArticleId\/1819\/oamid\/1633<\/a><\/p>\n\n\n\n<hr class=\"wp-block-separator\"\/>\n","protected":false},"excerpt":{"rendered":"","protected":false},"author":2,"featured_media":42649,"comment_status":"open","ping_status":"open","sticky":false,"template":"","format":"standard","meta":{"_acf_changed":false,"jetpack_post_was_ever_published":false,"_jetpack_newsletter_access":"","_jetpack_dont_email_post_to_subs":false,"_jetpack_newsletter_tier_id":0,"_jetpack_memberships_contains_paywalled_content":false,"_jetpack_memberships_contains_paid_content":false,"footnotes":"","jetpack_publicize_message":"","jetpack_publicize_feature_enabled":true,"jetpack_social_post_already_shared":true,"jetpack_social_options":{"image_generator_settings":{"template":"highway","default_image_id":0,"font":"","enabled":false},"version":2}},"categories":[8,3],"tags":[],"class_list":["post-42648","post","type-post","status-publish","format-standard","has-post-thumbnail","hentry","category-knjige","category-novosti"],"acf":{"facebook_opis":""},"jetpack_publicize_connections":[],"jetpack_featured_media_url":"https:\/\/i0.wp.com\/historiografija.hr\/wp-content\/uploads\/2024\/10\/Damir_Stani%C4%87.jpg?fit=500%2C500&ssl=1","jetpack_sharing_enabled":true,"jetpack-related-posts":[],"_links":{"self":[{"href":"https:\/\/historiografija.hr\/index.php?rest_route=\/wp\/v2\/posts\/42648","targetHints":{"allow":["GET"]}}],"collection":[{"href":"https:\/\/historiografija.hr\/index.php?rest_route=\/wp\/v2\/posts"}],"about":[{"href":"https:\/\/historiografija.hr\/index.php?rest_route=\/wp\/v2\/types\/post"}],"author":[{"embeddable":true,"href":"https:\/\/historiografija.hr\/index.php?rest_route=\/wp\/v2\/users\/2"}],"replies":[{"embeddable":true,"href":"https:\/\/historiografija.hr\/index.php?rest_route=%2Fwp%2Fv2%2Fcomments&post=42648"}],"version-history":[{"count":2,"href":"https:\/\/historiografija.hr\/index.php?rest_route=\/wp\/v2\/posts\/42648\/revisions"}],"predecessor-version":[{"id":42651,"href":"https:\/\/historiografija.hr\/index.php?rest_route=\/wp\/v2\/posts\/42648\/revisions\/42651"}],"wp:featuredmedia":[{"embeddable":true,"href":"https:\/\/historiografija.hr\/index.php?rest_route=\/wp\/v2\/media\/42649"}],"wp:attachment":[{"href":"https:\/\/historiografija.hr\/index.php?rest_route=%2Fwp%2Fv2%2Fmedia&parent=42648"}],"wp:term":[{"taxonomy":"category","embeddable":true,"href":"https:\/\/historiografija.hr\/index.php?rest_route=%2Fwp%2Fv2%2Fcategories&post=42648"},{"taxonomy":"post_tag","embeddable":true,"href":"https:\/\/historiografija.hr\/index.php?rest_route=%2Fwp%2Fv2%2Ftags&post=42648"}],"curies":[{"name":"wp","href":"https:\/\/api.w.org\/{rel}","templated":true}]}}