{"id":42645,"date":"2024-10-10T19:13:30","date_gmt":"2024-10-10T19:13:30","guid":{"rendered":"http:\/\/historiografija.hr\/?p=42645"},"modified":"2024-10-10T19:13:30","modified_gmt":"2024-10-10T19:13:30","slug":"medunarodni-znanstveni-skup-kult-svetog-sime-u-prostoru-i-vremenu","status":"publish","type":"post","link":"https:\/\/historiografija.hr\/?p=42645","title":{"rendered":"Me\u0111unarodni znanstveni skup &#8220;Kult svetog \u0160ime u prostoru i vremenu&#8221;"},"content":{"rendered":"\n<p>U \u010detvrtak, 10. listopada 2024. u Kne\u017eevoj pala\u010di u Zadru odr\u017ean je me\u0111unarodni znanstveni skup &#8220;Kult svetog \u0160ime u prostoru i vremenu&#8221;.<\/p>\n\n\n\n<hr class=\"wp-block-separator\"\/>\n\n\n\n<p>Kult svetog \u0160imuna Pravednika zauzima posebno mjesto u religijskoj tradiciji Zadra, jednog od najstarijih gradova na hrvatskoj obali. Ovaj svetac, koji je \u017eivio u 1. stolje\u0107u, jedan je od svetaca za\u0161titnika Zadra, a njegova kultna prisutnost duboko je ukorijenjena u lokalnoj kulturi i tradiciji. O tome najzornije svjedo\u010di \u0161krinja svetog \u0160imuna u kojoj je pohranjeno sve\u010devo neraspadnuto tijelo, a koja je zlatnim vezom utkana u identifikacijsku sliku grada. Prema predaji, sveti \u0160imun je bio \u010dovjek duboke duhovnosti koji je vodio asketski \u017eivot. Njegov kult u Zadru po\u010dinje u srednjem vijeku, kada su ga po\u010deli \u0161tovati kao za\u0161titnika grada i njegovih stanovnika. Tijekom stolje\u0107a kult svetog \u0160imuna postao je simbol identiteta i otpornosti Zadrana. Kult svetog \u0160imuna u Zadru predstavlja vi\u0161e od religijske prakse; on je va\u017ean dio kulturnog identiteta grada. Kroz liturgiju, tradiciju, umjetnost i sve\u010dane proslave, svetac ne samo da \u010duva duh Zadra, ve\u0107 i povezuje generacije kr\u0161\u0107ana u zajedni\u010dkoj potrazi za duhovnim smislom i zajedni\u0161tvom. Sve\u010dev kult, ukorijenjen u stolje\u0107ima, ostaje \u017eiva tradicija koja se prenosi s koljena na koljeno te osna\u017euje lokalnu zajednicu i udahnjuje joj osje\u0107aj pripadnosti. Na tragu dubokih povijesnih poveznica i dru\u0161tveno-politi\u010dkih mijena u zadarskoj pro\u0161losti nije pretenciozno zaklju\u010diti da je kult svetog \u0160imuna gotovo osam stolje\u0107a bio i ostao prepoznatljiva zadarska konstanta. Ta \u010dinjenica bila je temeljni pokreta\u010d organizacije ovog znanstvenog skupa kojim se \u017eele predstaviti razli\u010dita motri\u0161ta \u0161tovanja\u00a0svetog \u0160imuna Pravednika u Zadru, Hrvatskoj, ali i u cijelom kr\u0161\u0107anskom svijetu.<\/p>\n\n\n\n<hr class=\"wp-block-separator\"\/>\n\n\n\n<p>Izvor:<\/p>\n\n\n\n<p><a href=\"https:\/\/www.unizd.hr\/obavijesti\/view\/medunarodni-znanstveni-skup-kult-svetog-sime-u-prostoru-i-vremenu\">https:\/\/www.unizd.hr\/obavijesti\/view\/medunarodni-znanstveni-skup-kult-svetog-sime-u-prostoru-i-vremenu<\/a><\/p>\n\n\n\n<hr class=\"wp-block-separator\"\/>\n","protected":false},"excerpt":{"rendered":"","protected":false},"author":2,"featured_media":42646,"comment_status":"open","ping_status":"open","sticky":false,"template":"","format":"standard","meta":{"_acf_changed":false,"jetpack_post_was_ever_published":false,"_jetpack_newsletter_access":"","_jetpack_dont_email_post_to_subs":false,"_jetpack_newsletter_tier_id":0,"_jetpack_memberships_contains_paywalled_content":false,"_jetpack_memberships_contains_paid_content":false,"footnotes":"","jetpack_publicize_message":"","jetpack_publicize_feature_enabled":true,"jetpack_social_post_already_shared":true,"jetpack_social_options":{"image_generator_settings":{"template":"highway","default_image_id":0,"font":"","enabled":false},"version":2}},"categories":[3,9],"tags":[],"class_list":["post-42645","post","type-post","status-publish","format-standard","has-post-thumbnail","hentry","category-novosti","category-skupovi"],"acf":{"facebook_opis":""},"jetpack_publicize_connections":[],"jetpack_featured_media_url":"https:\/\/i0.wp.com\/historiografija.hr\/wp-content\/uploads\/2024\/10\/ZD_skup.png?fit=1920%2C888&ssl=1","jetpack_sharing_enabled":true,"jetpack-related-posts":[],"_links":{"self":[{"href":"https:\/\/historiografija.hr\/index.php?rest_route=\/wp\/v2\/posts\/42645","targetHints":{"allow":["GET"]}}],"collection":[{"href":"https:\/\/historiografija.hr\/index.php?rest_route=\/wp\/v2\/posts"}],"about":[{"href":"https:\/\/historiografija.hr\/index.php?rest_route=\/wp\/v2\/types\/post"}],"author":[{"embeddable":true,"href":"https:\/\/historiografija.hr\/index.php?rest_route=\/wp\/v2\/users\/2"}],"replies":[{"embeddable":true,"href":"https:\/\/historiografija.hr\/index.php?rest_route=%2Fwp%2Fv2%2Fcomments&post=42645"}],"version-history":[{"count":1,"href":"https:\/\/historiografija.hr\/index.php?rest_route=\/wp\/v2\/posts\/42645\/revisions"}],"predecessor-version":[{"id":42647,"href":"https:\/\/historiografija.hr\/index.php?rest_route=\/wp\/v2\/posts\/42645\/revisions\/42647"}],"wp:featuredmedia":[{"embeddable":true,"href":"https:\/\/historiografija.hr\/index.php?rest_route=\/wp\/v2\/media\/42646"}],"wp:attachment":[{"href":"https:\/\/historiografija.hr\/index.php?rest_route=%2Fwp%2Fv2%2Fmedia&parent=42645"}],"wp:term":[{"taxonomy":"category","embeddable":true,"href":"https:\/\/historiografija.hr\/index.php?rest_route=%2Fwp%2Fv2%2Fcategories&post=42645"},{"taxonomy":"post_tag","embeddable":true,"href":"https:\/\/historiografija.hr\/index.php?rest_route=%2Fwp%2Fv2%2Ftags&post=42645"}],"curies":[{"name":"wp","href":"https:\/\/api.w.org\/{rel}","templated":true}]}}