{"id":42642,"date":"2024-10-10T16:14:17","date_gmt":"2024-10-10T16:14:17","guid":{"rendered":"http:\/\/historiografija.hr\/?p=42642"},"modified":"2024-10-10T16:14:17","modified_gmt":"2024-10-10T16:14:17","slug":"27e-rendez-vous-de-lhistoire-la-ville-blois-9-13-oct-2024","status":"publish","type":"post","link":"https:\/\/historiografija.hr\/?p=42642","title":{"rendered":"27e Rendez-vous de l\u2019histoire : \u00ab La Ville \u00bb (Blois, 9 \u2013 13 oct. 2024)"},"content":{"rendered":"\n<p>U Bloisu u Francuskoj odr\u017eava se od 9. do 13. listopada 2024. godine 27. festival povijesti, \u010diji program sadr\u017ei brojna predavanja, okrugle stolove i projekcije filmova, dodjelu nagrada i sajam knjiga. Sredi\u0161nja tema ovogodi\u0161njeg festivala povijesti je \u2013 grad.<\/p>\n\n\n\n<hr class=\"wp-block-separator\"\/>\n\n\n\n<p><strong>Les Rendez-vous de l\u2019histoire<\/strong><\/p>\n\n\n\n<p>BLOIS<\/p>\n\n\n\n<hr class=\"wp-block-separator\"\/>\n\n\n\n<p><strong>\u00c0 propos du festival<\/strong><\/p>\n\n\n\n<p>1000 \u00a0intervenants \/ plus de 600 d\u00e9bats et conf\u00e9rences \/ 150 \u00e9diteurs pr\u00e9sents \/ 300 auteurs en d\u00e9dicace \/ 50 000 festivaliers \/ un salon du livre \/ le cycle cin\u00e9ma &#8211; 50 films \/ des caf\u00e9s et des diners historiques \/ des expositions \/ des concerts \/ des spectacles etc.<\/p>\n\n\n\n<hr class=\"wp-block-separator\"\/>\n\n\n\n<p><a href=\"https:\/\/rdv-histoire.com\/\">https:\/\/rdv-histoire.com\/<\/a><\/p>\n\n\n\n<hr class=\"wp-block-separator\"\/>\n","protected":false},"excerpt":{"rendered":"","protected":false},"author":2,"featured_media":42643,"comment_status":"open","ping_status":"open","sticky":false,"template":"","format":"standard","meta":{"_acf_changed":false,"jetpack_post_was_ever_published":false,"_jetpack_newsletter_access":"","_jetpack_dont_email_post_to_subs":false,"_jetpack_newsletter_tier_id":0,"_jetpack_memberships_contains_paywalled_content":false,"_jetpack_memberships_contains_paid_content":false,"footnotes":"","jetpack_publicize_message":"","jetpack_publicize_feature_enabled":true,"jetpack_social_post_already_shared":true,"jetpack_social_options":{"image_generator_settings":{"template":"highway","default_image_id":0,"font":"","enabled":false},"version":2}},"categories":[3],"tags":[],"class_list":["post-42642","post","type-post","status-publish","format-standard","has-post-thumbnail","hentry","category-novosti"],"acf":{"facebook_opis":""},"jetpack_publicize_connections":[],"jetpack_featured_media_url":"https:\/\/i0.wp.com\/historiografija.hr\/wp-content\/uploads\/2024\/10\/Blois.jpeg?fit=1000%2C563&ssl=1","jetpack_sharing_enabled":true,"jetpack-related-posts":[],"_links":{"self":[{"href":"https:\/\/historiografija.hr\/index.php?rest_route=\/wp\/v2\/posts\/42642","targetHints":{"allow":["GET"]}}],"collection":[{"href":"https:\/\/historiografija.hr\/index.php?rest_route=\/wp\/v2\/posts"}],"about":[{"href":"https:\/\/historiografija.hr\/index.php?rest_route=\/wp\/v2\/types\/post"}],"author":[{"embeddable":true,"href":"https:\/\/historiografija.hr\/index.php?rest_route=\/wp\/v2\/users\/2"}],"replies":[{"embeddable":true,"href":"https:\/\/historiografija.hr\/index.php?rest_route=%2Fwp%2Fv2%2Fcomments&post=42642"}],"version-history":[{"count":1,"href":"https:\/\/historiografija.hr\/index.php?rest_route=\/wp\/v2\/posts\/42642\/revisions"}],"predecessor-version":[{"id":42644,"href":"https:\/\/historiografija.hr\/index.php?rest_route=\/wp\/v2\/posts\/42642\/revisions\/42644"}],"wp:featuredmedia":[{"embeddable":true,"href":"https:\/\/historiografija.hr\/index.php?rest_route=\/wp\/v2\/media\/42643"}],"wp:attachment":[{"href":"https:\/\/historiografija.hr\/index.php?rest_route=%2Fwp%2Fv2%2Fmedia&parent=42642"}],"wp:term":[{"taxonomy":"category","embeddable":true,"href":"https:\/\/historiografija.hr\/index.php?rest_route=%2Fwp%2Fv2%2Fcategories&post=42642"},{"taxonomy":"post_tag","embeddable":true,"href":"https:\/\/historiografija.hr\/index.php?rest_route=%2Fwp%2Fv2%2Ftags&post=42642"}],"curies":[{"name":"wp","href":"https:\/\/api.w.org\/{rel}","templated":true}]}}