{"id":42625,"date":"2024-10-09T19:01:15","date_gmt":"2024-10-09T19:01:15","guid":{"rendered":"http:\/\/historiografija.hr\/?p=42625"},"modified":"2024-10-09T19:01:57","modified_gmt":"2024-10-09T19:01:57","slug":"predstavljanje-zbornika-dr-franjo-tudman-zivot-i-naslijede","status":"publish","type":"post","link":"https:\/\/historiografija.hr\/?p=42625","title":{"rendered":"Predstavljanje zbornika \u201eDr. Franjo Tu\u0111man \u2013 \u017eivot i naslije\u0111e\u201c"},"content":{"rendered":"\n<p>U ponedjeljak, 14. listopada 2024. u 18 sati u Velikoj \u010ditaonici Hrvatskog dr\u017eavnog arhiva u Zagrebu bit \u0107e odr\u017eano predstavljanje zbornika \u201eDr. Franjo Tu\u0111man \u2013 \u017eivot i naslije\u0111e\u201c.<\/p>\n\n\n\n<hr class=\"wp-block-separator\"\/>\n\n\n\n<p>Izvor:<\/p>\n\n\n\n<p><a href=\"http:\/\/www.isp.hr\/14-listopada-2024-u-18-sati-predstavljanje-zbornika-dr-franjo-tudman-zivot-i-naslijede\/\">http:\/\/www.isp.hr\/14-listopada-2024-u-18-sati-predstavljanje-zbornika-dr-franjo-tudman-zivot-i-naslijede\/<\/a><\/p>\n\n\n\n<hr class=\"wp-block-separator\"\/>\n\n\n\n<p>Op\u0161irnije o zborniku:<\/p>\n\n\n\n<figure class=\"wp-block-embed-wordpress wp-block-embed is-type-wp-embed is-provider-historiografija-hr\"><div class=\"wp-block-embed__wrapper\">\n<blockquote class=\"wp-embedded-content\" data-secret=\"6PrUgVYBc9\"><a href=\"https:\/\/historiografija.hr\/?p=42286\">Zbornik radova \u201eDr. Franjo Tu\u0111man \u2013 \u017eivot i naslije\u0111e\u201c<\/a><\/blockquote><iframe loading=\"lazy\" class=\"wp-embedded-content\" sandbox=\"allow-scripts\" security=\"restricted\" style=\"position: absolute; clip: rect(1px, 1px, 1px, 1px);\" title=\"&#8220;Zbornik radova \u201eDr. Franjo Tu\u0111man \u2013 \u017eivot i naslije\u0111e\u201c&#8221; &#8212; Historiografija.hr\" src=\"https:\/\/historiografija.hr\/?p=42286&#038;embed=true#?secret=6PrUgVYBc9\" data-secret=\"6PrUgVYBc9\" width=\"600\" height=\"338\" frameborder=\"0\" marginwidth=\"0\" marginheight=\"0\" scrolling=\"no\"><\/iframe>\n<\/div><\/figure>\n\n\n\n<hr class=\"wp-block-separator\"\/>\n","protected":false},"excerpt":{"rendered":"","protected":false},"author":2,"featured_media":42626,"comment_status":"open","ping_status":"open","sticky":false,"template":"","format":"standard","meta":{"_acf_changed":false,"jetpack_post_was_ever_published":false,"_jetpack_newsletter_access":"","_jetpack_dont_email_post_to_subs":false,"_jetpack_newsletter_tier_id":0,"_jetpack_memberships_contains_paywalled_content":false,"_jetpack_memberships_contains_paid_content":false,"footnotes":"","jetpack_publicize_message":"","jetpack_publicize_feature_enabled":true,"jetpack_social_post_already_shared":true,"jetpack_social_options":{"image_generator_settings":{"template":"highway","default_image_id":0,"font":"","enabled":false},"version":2}},"categories":[3],"tags":[],"class_list":["post-42625","post","type-post","status-publish","format-standard","has-post-thumbnail","hentry","category-novosti"],"acf":{"facebook_opis":""},"jetpack_publicize_connections":[],"jetpack_featured_media_url":"https:\/\/i0.wp.com\/historiografija.hr\/wp-content\/uploads\/2024\/10\/Pozivnica-zbornik.jpg?fit=600%2C374&ssl=1","jetpack_sharing_enabled":true,"jetpack-related-posts":[],"_links":{"self":[{"href":"https:\/\/historiografija.hr\/index.php?rest_route=\/wp\/v2\/posts\/42625","targetHints":{"allow":["GET"]}}],"collection":[{"href":"https:\/\/historiografija.hr\/index.php?rest_route=\/wp\/v2\/posts"}],"about":[{"href":"https:\/\/historiografija.hr\/index.php?rest_route=\/wp\/v2\/types\/post"}],"author":[{"embeddable":true,"href":"https:\/\/historiografija.hr\/index.php?rest_route=\/wp\/v2\/users\/2"}],"replies":[{"embeddable":true,"href":"https:\/\/historiografija.hr\/index.php?rest_route=%2Fwp%2Fv2%2Fcomments&post=42625"}],"version-history":[{"count":2,"href":"https:\/\/historiografija.hr\/index.php?rest_route=\/wp\/v2\/posts\/42625\/revisions"}],"predecessor-version":[{"id":42628,"href":"https:\/\/historiografija.hr\/index.php?rest_route=\/wp\/v2\/posts\/42625\/revisions\/42628"}],"wp:featuredmedia":[{"embeddable":true,"href":"https:\/\/historiografija.hr\/index.php?rest_route=\/wp\/v2\/media\/42626"}],"wp:attachment":[{"href":"https:\/\/historiografija.hr\/index.php?rest_route=%2Fwp%2Fv2%2Fmedia&parent=42625"}],"wp:term":[{"taxonomy":"category","embeddable":true,"href":"https:\/\/historiografija.hr\/index.php?rest_route=%2Fwp%2Fv2%2Fcategories&post=42625"},{"taxonomy":"post_tag","embeddable":true,"href":"https:\/\/historiografija.hr\/index.php?rest_route=%2Fwp%2Fv2%2Ftags&post=42625"}],"curies":[{"name":"wp","href":"https:\/\/api.w.org\/{rel}","templated":true}]}}