{"id":42619,"date":"2024-10-09T18:30:14","date_gmt":"2024-10-09T18:30:14","guid":{"rendered":"http:\/\/historiografija.hr\/?p=42619"},"modified":"2024-10-09T18:30:14","modified_gmt":"2024-10-09T18:30:14","slug":"izlozba-barbarogenij-nadrealizma","status":"publish","type":"post","link":"https:\/\/historiografija.hr\/?p=42619","title":{"rendered":"Izlo\u017eba \u201eBarbarogenij nadrealizma\u201c"},"content":{"rendered":"\n<p>Uo\u010di Dana srpske kulture i otvorenja Srpskog kulturnog centra u Zagrebu pozivamo Vas na otvorenje izlo\u017ebe Barbarogenij nadrealizma u organizaciji SKD Prosvjeta, Srpskog narodnog vije\u0107a i Kulturno informativnog centra (KIC) iz Zagreba koja se odr\u017eava povodom stogodi\u0161njice nadrealisti\u010dkog manifesta Andrea Bretona.<\/p>\n\n\n\n<p>Program zapo\u010dinje otvorenjem izlo\u017ebe u Galeriji SKD Prosvjeta, Preradovi\u0107eva 21, u \u010detvrtak, 10.10. 2024. u 18 sati, a izlo\u017eba \u0107e biti otvorena do 02. 12. 2024.<\/p>\n\n\n\n<p>Drugi dio izlo\u017ebe otvara se u Galeriji Forum, Teslina 16, u petak, 11. 10. 2024. u 19 sati, te \u0107e biti otvorena do 02. 11. 2024.<\/p>\n\n\n\n<p>Izlo\u017eba Barbarogenij nadrealizma u fokus stavlja avangardne umjetni\u010dke pokrete dvadesetog stolje\u0107a zenitizam i dadaizam, kulturne veze koje su Anu\u0161ka Kohn Mici\u0107, te bra\u0107a iz Majskih Poljana kod Gline, Ljubomir Mici\u0107 i Branko Ve Poljanski, pokrenuli oko internacionalnog \u010dasopisa za umjetnost i kulturu Zenit, u kojem su Ivan Goll i Bo\u0161ko Tokin u velikoj mjeri posredovali da suradnicima \u010dasopisa postanu europski avangardni umjetnici. Zenitizam i dadaizam su svojim vizualnim jezikom, tipografijom, povezivanjem knji\u017eevnog i vizualnog stvarala\u0161tva, multimedijalnim pristupom i dru\u0161tvenom anga\u017eirano\u0161\u0107u anticipirali avangardne stilske i dru\u0161tvene odrednice nadrealizma. Izlo\u017eba prati nastavak stvaranja kulturne mre\u017ee kroz knji\u017eevne \u010dasopise Nadrealizam danas i ovde, Svedo\u010danstva, Putevi, Pe\u010dat i Danas, knji\u017eevna i teorijska izdanja, bogatu privatnu korespondenciju, te umjetni\u010dka djela. <\/p>\n\n\n\n<p>Poseban naglasak stavljamo na suradnju hrvatskih i srpskih autora koje karakterizira avangardni duh i dru\u0161tvena kriti\u010dnost. Me\u0111u dvjestotinjak djela koje \u0107emo predstaviti, iz kolekcije rijetke bibliofilske gra\u0111e izdvajamo Turpitudu, zabranjenu poemu Marka Risti\u0107a s ilustracijama Krste Hegedu\u0161i\u0107a, Nacrt za jednu fenomenologiju iracionalnog, djelo Marka Risti\u0107a i Ko\u010de Popovi\u0107a, na koje se osvr\u0107e i rad beogradskog konceptualnog umjetnika Zorana Todorovi\u0107a, zatim djela Ljubomira Mici\u0107a Isto\u010dni greh s ilustracijama Vilka Gecana, Spas du\u0161e s ilustracijama Anke Krizmani\u0107, djela Aleksandra Vu\u010da, Nemeniku\u0107e, Ako se jo\u0161 jednom setim s crte\u017eima Marina Tartaglie, \u010dasopise Nadrealizam danas i ovde, Svedo\u010danstva, Putevi, Pe\u010dat i Danas, umjetni\u010dka djela Vilka Gecana, \u017deljka Hegedu\u0161i\u0107a, Jo Kleka (Josipa Seissla), Vjere Biller, veliko ilustrirano Divotvelebnopismo Miroslava Krle\u017ee Marku Risti\u0107u i dr. <\/p>\n\n\n\n<p>Relevantnost nadrealisti\u010dkih ideja vidljiva je u suvremenoj umjetni\u010dkoj praksi, video umjetnosti, kazali\u0161tu i filmu. Uz Zorana Todorovi\u0107a, na izlo\u017ebi su zastupljeni i drugi suvremeni autori \u010diji se radovi referiraju na razdoblje nadrealizma; Ivana Mom\u010dilovi\u0107 s Dru\u017einom Pet petli\u0107a na Visu, te posebno isti\u010demo novu produkciju nastalu u sklopu projekta Barbarogenij nadrealizma video rad Ne-Svest: Onirizam u nadrealizmu Ivice \u0110or\u0111evi\u0107a, te audio-vizualnu instalaciju Marka Paunovi\u0107a Poslednja nadrealistkinja, koji nas upoznaje s avangardnim likom Marijane Nikoli\u0107 Iv\u0161i\u0107, a Gildo Bav\u010devi\u0107 i Vinko Bari\u0107, predstavljaju se novim video radom Titov kuvar. Na otvorenju izlo\u017ebe izvest \u0107e se performativna \u201cnadrealisti\u010dka ve\u010dernja\u201d po receptu Luje Pare\u017eanina koja povezuje dva bitna nadrealisti\u010dka elementa rije\u010di i djela, u ovom slu\u010daju poeziju i poslastice, poeziju \u010ditaju Damian Humski i Lovro Rimac. <\/p>\n\n\n\n<p>Naoko oksimoron prisutan u nazivu izlo\u017ebe Barbarogenij nadrealizma, nastavak je kustoskih praksi povezivanja razdvajanih i sukobljenih (izlo\u017ebe u sklopu Dana srpske kulture Veze Zagreb-Beograd i Umjetnost pribli\u017eavanja), u ovom slu\u010daju dva avangardna pokreta koje karakteriziraju brojni sukobi i podudarnosti. Autorica koncepta izlo\u017ebe i kustosica je Davorka Peri\u0107, stru\u010dna suradnica na izlo\u017ebi je povjesni\u010darka umjetnosti Senka Ristivojevi\u0107 i asistentica izlo\u017ebe povjesni\u010daka umjetnosti Lea Bulaja.<\/p>\n\n\n\n<p><strong>Program uz izlo\u017ebu Barbarogenij nadrealizma:<\/strong><\/p>\n\n\n\n<p>18. \u2013 26. 10. 2024.<br>KIC, Preradovi\u0107eva 5<br>Filmski program<\/p>\n\n\n\n<p>Uvod u nadrealizam<br>Entr\u2019acte \/ Me\u0111u\u010din (Ren\u00e9 Clair), Andaluzijski pas \/ Un chien andalou (Luis Bu\u00f1uel), Zlatno doba \/ L\u2019 \u00c2ged\u2019or (Luis Bu\u00f1uel), Pjesnikova krv \/ Le sang d\u2019un po\u00e8te (Jean Cocteau), Mre\u017ee popodneva \/ Meshes of theAfternoon (Maya Deren), Na kopnu \/ At Land (Maya Deren), Opsjednut \/ Spellbound (Alfred Hitchcock),Snovi \u0161to se mogu kupiti novcem \/ Dreams That Money Can Buy (Hans Richter), Taj mra\u010dni predmet\u017eudnje \/ Cet obscur objet du d\u00e9sir (Luis Bu\u00f1uel), Izgubljena cesta \/ Lost Highway (David Lynch)KIC (Kulturno informativni centar) i Kino Tu\u0161kanac, autori programa: Hrvoje Hribar i Filip Zovko<\/p>\n\n\n\n<p>KIC (Kulturno informativni centar) i Kino Tu\u0161kanac, autori programa: Hrvoje Hribar i Filip Zovko<\/p>\n\n\n\n<p>03. 11. 2024. u 18 sati<br>SKD Prosvjeta, Preradovi\u0107eva 21<br>Predavanje i razgovor<\/p>\n\n\n\n<p>Aleksandar Bo\u0161kovi\u0107 , Columbia University \u2013 New York<br>Subverzivna pedagogija beogradskog nadrealizma<\/p>\n\n\n\n<p>03. 11. 2024. u 19 sati<br>SKD Prosvjeta, Preradovi\u0107eva 21<\/p>\n\n\n\n<p>Predstavljanje knjige i razgovor<br>Knjiga Edicije Jugoslavija Nepredvidiva pro\u0161lost budu\u0107nosti, O politi\u010dkom potencijalu utopije sadr\u017ei i dje\u010dji socijalno-utopijski roman o novom obrazovanju anonimne autorice Male Zore napisan u Beogradu 1924. Na predstavljanju sudjeluju urednica knjige, dramaturginja Ivana Mom\u010dilovi\u0107, knji\u017eevna teoreti\u010darka<\/p>\n\n\n\n<p>Biljana Andonovska i novinar Sre\u0107ko Pulig. Predstavljanje knjige posve\u0107eno je Leonardu Kova\u010devi\u0107u.<\/p>\n\n\n\n<p>15. i 16. 11. 2024 u 20 sati<br>De\u017emanov prolaz, Zagreb<br>Krle\u017eino divot pismo<br>Kazali\u0161na predstava<\/p>\n\n\n\n<p>Krle\u017eino divot pismo<br>Krle\u017eino divot pismo, nastavak je projekta Simfonije\/Turpituda koji je nastao na temelju epistolarne korespondencije, Krle\u017einih i Risti\u0107evih dnevnika, dramatizacije Krle\u017einih Simfonija i Risti\u0107eve poeme Turpituda. Obje otvaraju temu prijeratnog sukoba na knji\u017eevnoj ljevici, osvjetljavaju\u0107i turbulentne odnose umjetnosti i revolucije, dru\u0161tvenog anga\u017emana i umjetni\u010dkog solipsizma. Glazbu potpisuje Stanko Juzba\u0161i\u0107, scenografiju Tihomir Milovac, a re\u017eiju Branko Brezovec.<\/p>\n\n\n\n<p>Partneri projekta: KIC (Kulturno informativni centar), Galerija Forum, Bibliofil, Muzej primenjene umetnosti Beograd, Muzej suvremene umjetnosti, Hrvatska radio televizija, Radio televizija Srbije, Muzej savremene umetnosti Beograd, Kino Tu\u0161kanac, Nacionalni muzej modrene umjetnosti, Istorijski arhiv Beograda \u2013 Legat Ko\u010de Popovi\u0107a i Leposave Perovi\u0107, Narodni muzej Srbije, Privatna kolekcija vm, Srpska akademija nauka i umetnosti \u2013 Legat Marka Risti\u0107a, Biblioteka SANU, Arhiv SANU, Kolekcija Perilo \u2013 Udru\u017eenje Perilo, Eurokaz.<\/p>\n\n\n\n<hr class=\"wp-block-separator\"\/>\n\n\n\n<p>Izvori i dodatne obavijesti:<\/p>\n\n\n\n<figure class=\"wp-block-embed-wordpress wp-block-embed is-type-wp-embed is-provider-skd-prosvjeta-2024\"><div class=\"wp-block-embed__wrapper\">\n<blockquote class=\"wp-embedded-content\" data-secret=\"z6BZCaYnv0\"><a href=\"https:\/\/skd-prosvjeta.hr\/otvorenje-izlozbe-barbarogenij-nadrealizma\/\">Otvorenje izlo\u017ebe Barbarogenij nadrealizma<\/a><\/blockquote><iframe loading=\"lazy\" class=\"wp-embedded-content\" sandbox=\"allow-scripts\" security=\"restricted\" style=\"position: absolute; clip: rect(1px, 1px, 1px, 1px);\" title=\"&#8220;Otvorenje izlo\u017ebe Barbarogenij nadrealizma&#8221; &#8212; SKD Prosvjeta 2024\" src=\"https:\/\/skd-prosvjeta.hr\/otvorenje-izlozbe-barbarogenij-nadrealizma\/embed\/#?secret=jIRZgqSWHs#?secret=z6BZCaYnv0\" data-secret=\"z6BZCaYnv0\" width=\"600\" height=\"338\" frameborder=\"0\" marginwidth=\"0\" marginheight=\"0\" scrolling=\"no\"><\/iframe>\n<\/div><\/figure>\n\n\n\n<figure class=\"wp-block-embed-wordpress wp-block-embed is-type-wp-embed is-provider-srpsko-narodno-vijece-snv\"><div class=\"wp-block-embed__wrapper\">\n<blockquote class=\"wp-embedded-content\" data-secret=\"eu3C1hH0Jb\"><a href=\"https:\/\/snv.hr\/10-oktobar-2024-otvorit-cemo-skc-zagreb-i-izlozbu-barbarogenij-nadrealizma\/\">10. oktobra otvorit \u0107emo SKC Zagreb i izlo\u017ebu Barbarogenij nadrealizma<\/a><\/blockquote><iframe loading=\"lazy\" class=\"wp-embedded-content\" sandbox=\"allow-scripts\" security=\"restricted\" style=\"position: absolute; clip: rect(1px, 1px, 1px, 1px);\" title=\"&#8220;10. oktobra otvorit \u0107emo SKC Zagreb i izlo\u017ebu Barbarogenij nadrealizma&#8221; &#8212; Srpsko Narodno Vije\u0107e - SNV\" src=\"https:\/\/snv.hr\/10-oktobar-2024-otvorit-cemo-skc-zagreb-i-izlozbu-barbarogenij-nadrealizma\/embed\/#?secret=m1eoxqTYHV#?secret=eu3C1hH0Jb\" data-secret=\"eu3C1hH0Jb\" width=\"600\" height=\"338\" frameborder=\"0\" marginwidth=\"0\" marginheight=\"0\" scrolling=\"no\"><\/iframe>\n<\/div><\/figure>\n\n\n\n<p><a href=\"https:\/\/www.kic.hr\/galerija-forum\/barbarogenij-nadrealizma\/\">https:\/\/www.kic.hr\/galerija-forum\/barbarogenij-nadrealizma\/<\/a><\/p>\n\n\n\n<p><a href=\"https:\/\/www.portalnovosti.com\/u-cetvrtak-se-otvara-izlozba-barbarogenij-nadrealizma\">https:\/\/www.portalnovosti.com\/u-cetvrtak-se-otvara-izlozba-barbarogenij-nadrealizma<\/a><\/p>\n\n\n\n<hr class=\"wp-block-separator\"\/>\n","protected":false},"excerpt":{"rendered":"","protected":false},"author":2,"featured_media":42620,"comment_status":"open","ping_status":"open","sticky":false,"template":"","format":"standard","meta":{"_acf_changed":false,"jetpack_post_was_ever_published":false,"_jetpack_newsletter_access":"","_jetpack_dont_email_post_to_subs":false,"_jetpack_newsletter_tier_id":0,"_jetpack_memberships_contains_paywalled_content":false,"_jetpack_memberships_contains_paid_content":false,"footnotes":"","jetpack_publicize_message":"","jetpack_publicize_feature_enabled":true,"jetpack_social_post_already_shared":true,"jetpack_social_options":{"image_generator_settings":{"template":"highway","default_image_id":0,"font":"","enabled":false},"version":2}},"categories":[10,3],"tags":[],"class_list":["post-42619","post","type-post","status-publish","format-standard","has-post-thumbnail","hentry","category-izlozbe","category-novosti"],"acf":{"facebook_opis":""},"jetpack_publicize_connections":[],"jetpack_featured_media_url":"https:\/\/i0.wp.com\/historiografija.hr\/wp-content\/uploads\/2024\/10\/Nadrealizam.jpg?fit=1024%2C535&ssl=1","jetpack_sharing_enabled":true,"jetpack-related-posts":[],"_links":{"self":[{"href":"https:\/\/historiografija.hr\/index.php?rest_route=\/wp\/v2\/posts\/42619","targetHints":{"allow":["GET"]}}],"collection":[{"href":"https:\/\/historiografija.hr\/index.php?rest_route=\/wp\/v2\/posts"}],"about":[{"href":"https:\/\/historiografija.hr\/index.php?rest_route=\/wp\/v2\/types\/post"}],"author":[{"embeddable":true,"href":"https:\/\/historiografija.hr\/index.php?rest_route=\/wp\/v2\/users\/2"}],"replies":[{"embeddable":true,"href":"https:\/\/historiografija.hr\/index.php?rest_route=%2Fwp%2Fv2%2Fcomments&post=42619"}],"version-history":[{"count":1,"href":"https:\/\/historiografija.hr\/index.php?rest_route=\/wp\/v2\/posts\/42619\/revisions"}],"predecessor-version":[{"id":42621,"href":"https:\/\/historiografija.hr\/index.php?rest_route=\/wp\/v2\/posts\/42619\/revisions\/42621"}],"wp:featuredmedia":[{"embeddable":true,"href":"https:\/\/historiografija.hr\/index.php?rest_route=\/wp\/v2\/media\/42620"}],"wp:attachment":[{"href":"https:\/\/historiografija.hr\/index.php?rest_route=%2Fwp%2Fv2%2Fmedia&parent=42619"}],"wp:term":[{"taxonomy":"category","embeddable":true,"href":"https:\/\/historiografija.hr\/index.php?rest_route=%2Fwp%2Fv2%2Fcategories&post=42619"},{"taxonomy":"post_tag","embeddable":true,"href":"https:\/\/historiografija.hr\/index.php?rest_route=%2Fwp%2Fv2%2Ftags&post=42619"}],"curies":[{"name":"wp","href":"https:\/\/api.w.org\/{rel}","templated":true}]}}