{"id":42616,"date":"2024-10-09T18:00:43","date_gmt":"2024-10-09T18:00:43","guid":{"rendered":"http:\/\/historiografija.hr\/?p=42616"},"modified":"2024-10-09T18:01:15","modified_gmt":"2024-10-09T18:01:15","slug":"poziv-za-prijavu-na-konferenciju-dijalog-o-trendovima-u-savremenoj-srpskoj-istoriografiji","status":"publish","type":"post","link":"https:\/\/historiografija.hr\/?p=42616","title":{"rendered":"Poziv za prijavu na konferenciju \u201eDijalog o trendovima u savremenoj srpskoj istoriografiji\u201c"},"content":{"rendered":"\n<p>Pozivamo Vas da uzmete u\u010de\u0161\u0107e u nacionalnoj nau\u010dnoj konferenciji <strong>\u201eDijalog o trendovima u savremenoj srpskoj istoriografiji\u201c<\/strong> koja \u0107e se odr\u017eati <strong>28. i 29. novembra 2024<\/strong>. godine u Beogradu, u organizaciji Instituta za noviju istoriju Srbije.<br><br>U prilogu dostavljamo pozivnicu i <a href=\"http:\/\/inis.bg.ac.rs\/lat\/uploaded\/Poziv%20dijalog%2024.pdf\"><strong>detalje konferencije<\/strong><\/a>. Svi zainteresovani mogu poslati prijavu do 1. oktobra, na mejl adresu: dijalogistoriografija@gmail.com.<br><br>Molimo Vas da ovaj poziv prosledite saradnicima, kao i svim kolegama potencijalno zainteresovanim za u\u010de\u0161\u0107e.<br><br>Srda\u010dno,<br><br>Organizacioni odbor<br><br>Dr Mile Bjelajac, direktor INIS, nau\u010dni savetnik<br><br>Dr Jelena Rafailovi\u0107, vi\u0161i nau\u010dni saradnik<br><br>Dr Aleksandar Stojanovi\u0107, vi\u0161i nau\u010dni saradnik<br><br>Dr Milana \u017divanovi\u0107, nau\u010dni saradnik<br><br>Dr Natalija Dimi\u0107 Lompar, nau\u010dni saradnik<\/p>\n\n\n\n<hr class=\"wp-block-separator\"\/>\n\n\n\n<p>Izvor:<\/p>\n\n\n\n<p><a href=\"https:\/\/inis.bg.ac.rs\/lat\/vesti\/9\/2024\/08\/13\/poziv-za-naucnu-konferenciju-u-organizaciji-inis.html\">https:\/\/inis.bg.ac.rs\/lat\/vesti\/9\/2024\/08\/13\/poziv-za-naucnu-konferenciju-u-organizaciji-inis.html<\/a><\/p>\n\n\n\n<hr class=\"wp-block-separator\"\/>\n","protected":false},"excerpt":{"rendered":"","protected":false},"author":2,"featured_media":17713,"comment_status":"open","ping_status":"open","sticky":false,"template":"","format":"standard","meta":{"_acf_changed":false,"jetpack_post_was_ever_published":false,"_jetpack_newsletter_access":"","_jetpack_dont_email_post_to_subs":false,"_jetpack_newsletter_tier_id":0,"_jetpack_memberships_contains_paywalled_content":false,"_jetpack_memberships_contains_paid_content":false,"footnotes":"","jetpack_publicize_message":"","jetpack_publicize_feature_enabled":true,"jetpack_social_post_already_shared":true,"jetpack_social_options":{"image_generator_settings":{"template":"highway","default_image_id":0,"font":"","enabled":false},"version":2}},"categories":[3,9],"tags":[],"class_list":["post-42616","post","type-post","status-publish","format-standard","has-post-thumbnail","hentry","category-novosti","category-skupovi"],"acf":{"facebook_opis":""},"jetpack_publicize_connections":[],"jetpack_featured_media_url":"https:\/\/i0.wp.com\/historiografija.hr\/wp-content\/uploads\/2019\/11\/Inis.png?fit=600%2C400&ssl=1","jetpack_sharing_enabled":true,"jetpack-related-posts":[],"_links":{"self":[{"href":"https:\/\/historiografija.hr\/index.php?rest_route=\/wp\/v2\/posts\/42616","targetHints":{"allow":["GET"]}}],"collection":[{"href":"https:\/\/historiografija.hr\/index.php?rest_route=\/wp\/v2\/posts"}],"about":[{"href":"https:\/\/historiografija.hr\/index.php?rest_route=\/wp\/v2\/types\/post"}],"author":[{"embeddable":true,"href":"https:\/\/historiografija.hr\/index.php?rest_route=\/wp\/v2\/users\/2"}],"replies":[{"embeddable":true,"href":"https:\/\/historiografija.hr\/index.php?rest_route=%2Fwp%2Fv2%2Fcomments&post=42616"}],"version-history":[{"count":2,"href":"https:\/\/historiografija.hr\/index.php?rest_route=\/wp\/v2\/posts\/42616\/revisions"}],"predecessor-version":[{"id":42618,"href":"https:\/\/historiografija.hr\/index.php?rest_route=\/wp\/v2\/posts\/42616\/revisions\/42618"}],"wp:featuredmedia":[{"embeddable":true,"href":"https:\/\/historiografija.hr\/index.php?rest_route=\/wp\/v2\/media\/17713"}],"wp:attachment":[{"href":"https:\/\/historiografija.hr\/index.php?rest_route=%2Fwp%2Fv2%2Fmedia&parent=42616"}],"wp:term":[{"taxonomy":"category","embeddable":true,"href":"https:\/\/historiografija.hr\/index.php?rest_route=%2Fwp%2Fv2%2Fcategories&post=42616"},{"taxonomy":"post_tag","embeddable":true,"href":"https:\/\/historiografija.hr\/index.php?rest_route=%2Fwp%2Fv2%2Ftags&post=42616"}],"curies":[{"name":"wp","href":"https:\/\/api.w.org\/{rel}","templated":true}]}}