{"id":42608,"date":"2024-10-09T17:43:02","date_gmt":"2024-10-09T17:43:02","guid":{"rendered":"http:\/\/historiografija.hr\/?p=42608"},"modified":"2024-10-09T17:43:02","modified_gmt":"2024-10-09T17:43:02","slug":"odrzana-regionalna-skola-devedesete-u-jugoslaviji-novi-izvori-i-metodologije","status":"publish","type":"post","link":"https:\/\/historiografija.hr\/?p=42608","title":{"rendered":"Odr\u017eana regionalna \u0161kola \u201cDevedesete u Jugoslaviji \u2013 novi izvori i metodologije\u201d"},"content":{"rendered":"\n<p><em>\u201c<\/em><strong><em>Fundamentalno je va\u017eno da se prou\u010davaju i kriti\u010dki preispituju ratne 90-te, jer ako se ova dru\u0161tva ne podvrgnu kriti\u010dkom propitivanju i izu\u010davanju 90-ih, ako se mladi ne upoznaju sa svim strahotama tog perioda, postoji realna opasnost da nam se neke lo\u0161e stvari ponove<\/em><\/strong><em>\u201d,<\/em> jedan je od zaklju\u010daka sa prve regionalne \u0161kole <em>\u201c<\/em><strong><em>Devedesete u Jugoslaviji \u2013 novi izvori i metodologije<\/em><\/strong><em>\u201d,<\/em> odr\u017eane od 4. do 8. oktobra 2024. godine u Budvi.<\/p>\n\n\n\n<p>Tokom trajanja \u0160kole, <strong>u\u010desnici\/e iz Srbije, Bosne i Hercegovine, Hrvatske i Crne Gore<\/strong> imali su priliku da u\u010de o razli\u010ditim pristupima prou\u010davanju 90-ih, ali i primjeni savremenih metoda za bolje razumijevanje ovog vremena. <strong>Sa njima su radili<\/strong> istori\u010dari <strong>Milivoj Be\u0161lin<\/strong>, vi\u0161i nau\u010dni saradnik Instituta za filozofiju i dru\u0161tvenu teoriju Univerziteta u Beogradu, <strong>Adnan Preki\u0107<\/strong>, profesor Filozofskog fakulteta Univerziteta Crne Gore, <strong>Dubravka Stojanovi\u0107<\/strong>, profesorka Filozofskog fakulteta Univerziteta u Beogradu, <strong>Filip Kuzman<\/strong>, rukovodilac Istorijskog muzeja Crne Gore, <strong>Ana Radakovi\u0107<\/strong>, istra\u017eiva\u010dica Muzeja 90-ih, kao i <strong>Sanja Radovi\u0107<\/strong>. Tako\u0111e, dio predava\u010dko-radiona\u010darskog tima bili su i reditelj <strong>Andro Martinovi\u0107<\/strong>, direktor Kulturnog centra Grad \/ Inicijativa Muzej 90-ih <strong>Dejan Ubovi\u0107<\/strong>, zatim <strong>Milo\u0161 Vukanovi\u0107<\/strong>, predsjednik Udru\u017eenja profesora istorije HIPMONT, <strong>Vukan Ra\u017enatovi\u0107<\/strong>, rukovodilac Muzeja kralja Nikole na Cetinju, <strong>Maja Marinovi\u0107<\/strong> i <strong>Damir Suljevi\u0107<\/strong> iz CGO-a.<\/p>\n\n\n\n<p><strong>U okviru intenzivnog i interaktivnog programa, obra\u0111ene su razli\u010dite teme<\/strong>, poput uticaja ideologije nacionalizma na rat i raspad Jugoslavije, pozicioniranja usmene istorije u razumijevanju 90ih, zatim zna\u010daj arhive Ha\u0161kog tribunala, ali i spomeni\u010dke kulture, a dat je i osvrt na crnogorske dru\u0161tveno-politi\u010dke prilike 90-ih, kao i na dana\u0161nji pogled mladih na 90-te. To su pratile i projekcije filmova i diskusija o njima, predstavljena je izlo\u017eba \u201cLavirint 90-ih\u201d, a u\u010desnici\/e su imali priliku podijeliti i svoje pri\u010de kroz postavku li\u010dnih predmeta iz tog perioda. U okviru programa bile su i studijske posjete Herceg Novom i Morinju, kao mjestima zlo\u010dina i sje\u0107anja, uz predavanja o procesu suo\u010davanja sa pro\u0161lo\u0161\u0107u i procesuiranju ratnih zlo\u010dina u Crnoj Gori. Kona\u010dno, dio programa bili su i edukativno-zabavni sadr\u017eaji, poput ex-YU ve\u010deri \u201cUkusi mog zavi\u010daja\u201d i kviza poznavanja 90-ih, koji su poslu\u017eili kao kreativna platforma za restrospekciju nau\u010denog i povezivanje u\u010desnika\/ca.<\/p>\n\n\n\n<hr class=\"wp-block-separator\"\/>\n\n\n\n<p><strong><em>Cjelokupni \u010dlanak dostupan je na sljede\u0107oj poveznici:<\/em><\/strong><\/p>\n\n\n\n<figure class=\"wp-block-embed-wordpress wp-block-embed is-type-wp-embed is-provider-centar-za-gradansko-obrazovanje\"><div class=\"wp-block-embed__wrapper\">\n<blockquote class=\"wp-embedded-content\" data-secret=\"tOrJ1LZKVD\"><a href=\"https:\/\/cgo-cce.org\/2024\/10\/08\/okoncana-prva-regionalna-skola-o-devedesetima-u-jugoslaviji-ucesnici-nose-iskustva-za-pamcenje\/\">Okon\u010dana prva regionalna \u0161kola o devedesetima u Jugoslaviji, u\u010desnici nose iskustva za pam\u0107enje<\/a><\/blockquote><iframe loading=\"lazy\" class=\"wp-embedded-content\" sandbox=\"allow-scripts\" security=\"restricted\" style=\"position: absolute; clip: rect(1px, 1px, 1px, 1px);\" title=\"&#8220;Okon\u010dana prva regionalna \u0161kola o devedesetima u Jugoslaviji, u\u010desnici nose iskustva za pam\u0107enje&#8221; &#8212; Centar za gra\u0111ansko obrazovanje\" src=\"https:\/\/cgo-cce.org\/2024\/10\/08\/okoncana-prva-regionalna-skola-o-devedesetima-u-jugoslaviji-ucesnici-nose-iskustva-za-pamcenje\/embed\/#?secret=dNuhZUb46Z#?secret=tOrJ1LZKVD\" data-secret=\"tOrJ1LZKVD\" width=\"600\" height=\"338\" frameborder=\"0\" marginwidth=\"0\" marginheight=\"0\" scrolling=\"no\"><\/iframe>\n<\/div><\/figure>\n\n\n\n<hr class=\"wp-block-separator\"\/>\n","protected":false},"excerpt":{"rendered":"","protected":false},"author":2,"featured_media":42609,"comment_status":"open","ping_status":"open","sticky":false,"template":"","format":"standard","meta":{"_acf_changed":false,"jetpack_post_was_ever_published":false,"_jetpack_newsletter_access":"","_jetpack_dont_email_post_to_subs":false,"_jetpack_newsletter_tier_id":0,"_jetpack_memberships_contains_paywalled_content":false,"_jetpack_memberships_contains_paid_content":false,"footnotes":"","jetpack_publicize_message":"","jetpack_publicize_feature_enabled":true,"jetpack_social_post_already_shared":true,"jetpack_social_options":{"image_generator_settings":{"template":"highway","default_image_id":0,"font":"","enabled":false},"version":2}},"categories":[3],"tags":[],"class_list":["post-42608","post","type-post","status-publish","format-standard","has-post-thumbnail","hentry","category-novosti"],"acf":{"facebook_opis":""},"jetpack_publicize_connections":[],"jetpack_featured_media_url":"https:\/\/i0.wp.com\/historiografija.hr\/wp-content\/uploads\/2024\/10\/Regionalna-skola.jpg?fit=1024%2C768&ssl=1","jetpack_sharing_enabled":true,"jetpack-related-posts":[{"id":52607,"url":"https:\/\/historiografija.hr\/?p=52607","url_meta":{"origin":42608,"position":0},"title":"No\u0107 knjige: Kako je prije 410 godina smr\u0107u Shakespearea i Cervantesa zavr\u0161ilo razdoblje renesanse u knji\u017eevnosti","author":"Branimir Jankovi\u0107","date":"22. travnja 2026.","format":false,"excerpt":"\u010cetvrtak, 23. travnja 2026. u 18:00 sati, Knji\u017eara Matice hrvatske, Ulica Matice hrvatske 2, Zagreb Uvodna rije\u010d: dr. sc.\u00a0Dubravka Brezak Stama\u0107, pro\u010delnica Odjela za knji\u017eevnost Matice hrvatske Prof. dr. sc. Ivan Lupi\u0107, redoviti profesor u Odsjeku za anglistiku i Odsjeku za kroatistiku Sveu\u010dili\u0161ta u RijeciShakespeare, kazali\u0161te, glazbaKada se susre\u0107emo sa\u2026","rel":"","context":"U &quot;Novosti&quot;","block_context":{"text":"Novosti","link":"https:\/\/historiografija.hr\/?cat=3"},"img":{"alt_text":"","src":"https:\/\/i0.wp.com\/historiografija.hr\/wp-content\/uploads\/2026\/04\/noc_knjige_2026.jpg?fit=680%2C276&ssl=1&resize=350%2C200","width":350,"height":200,"srcset":"https:\/\/i0.wp.com\/historiografija.hr\/wp-content\/uploads\/2026\/04\/noc_knjige_2026.jpg?fit=680%2C276&ssl=1&resize=350%2C200 1x, https:\/\/i0.wp.com\/historiografija.hr\/wp-content\/uploads\/2026\/04\/noc_knjige_2026.jpg?fit=680%2C276&ssl=1&resize=525%2C300 1.5x"},"classes":[]},{"id":52669,"url":"https:\/\/historiografija.hr\/?p=52669","url_meta":{"origin":42608,"position":1},"title":"Predavanje Igora Dude &#8220;Odmor kao \u017eivotna potreba: o slobodnom vremenu u socijalisti\u010dkoj Jugoslaviji&#8221;","author":"Branimir Jankovi\u0107","date":"27. travnja 2026.","format":false,"excerpt":"U sklopu proljetnog ciklusa programa\u00a0Kriti\u010dka dramaturgija: pauza, u\u00a0subotu, 25. travnja 2026. u 19 sati\u00a0u prostoru Udru\u017eenja hrvatskih arhitekata povjesni\u010dar Igor Duda\u00a0odr\u017eao je predavanje naslovljeno\u00a0Odmor kao \u017eivotna potreba: o slobodnom vremenu u socijalisti\u010dkoj Jugoslaviji. Industrijalizacija i urbanizacija dru\u0161tava u povijesti su zna\u010dile i prelazak s predindustrijskog na industrijsko shva\u0107anje vremena. Ono\u2026","rel":"","context":"U &quot;Novosti&quot;","block_context":{"text":"Novosti","link":"https:\/\/historiografija.hr\/?cat=3"},"img":{"alt_text":"","src":"https:\/\/i0.wp.com\/historiografija.hr\/wp-content\/uploads\/2026\/04\/Duda.png?fit=1200%2C628&ssl=1&resize=350%2C200","width":350,"height":200,"srcset":"https:\/\/i0.wp.com\/historiografija.hr\/wp-content\/uploads\/2026\/04\/Duda.png?fit=1200%2C628&ssl=1&resize=350%2C200 1x, https:\/\/i0.wp.com\/historiografija.hr\/wp-content\/uploads\/2026\/04\/Duda.png?fit=1200%2C628&ssl=1&resize=525%2C300 1.5x, https:\/\/i0.wp.com\/historiografija.hr\/wp-content\/uploads\/2026\/04\/Duda.png?fit=1200%2C628&ssl=1&resize=700%2C400 2x, https:\/\/i0.wp.com\/historiografija.hr\/wp-content\/uploads\/2026\/04\/Duda.png?fit=1200%2C628&ssl=1&resize=1050%2C600 3x"},"classes":[]},{"id":52628,"url":"https:\/\/historiografija.hr\/?p=52628","url_meta":{"origin":42608,"position":2},"title":"Predavanje dopisnog \u010dlana HAZU Alaina Finkielkrauta Izrael, Europa, antisemitizam","author":"Branimir Jankovi\u0107","date":"23. travnja 2026.","format":false,"excerpt":"Francuski filozof Alain Finkielkraut, redoviti \u010dlan Francuske akademije i dopisni \u010dlan HAZU, odr\u017eat \u0107e predavanje\u00a0Izrael, Europa, antisemitizam u utorak 28. travnja 2026. u 13 sati u Knji\u017enici HAZU,\u00a0Strossmayerov trg 14 u Zagrebu. Uvodne rije\u010di odr\u017eat \u0107e\u00a0akademkinja \u017deljka \u010corak i\u00a0akademik Dra\u017een Katunari\u0107. Predavanje \u0107e se odr\u017eati na francuskom jeziku uz konsekutivno\u2026","rel":"","context":"U &quot;Novosti&quot;","block_context":{"text":"Novosti","link":"https:\/\/historiografija.hr\/?cat=3"},"img":{"alt_text":"","src":"https:\/\/i0.wp.com\/historiografija.hr\/wp-content\/uploads\/2026\/04\/Alain_Finkielkraut.jpg?fit=350%2C407&ssl=1&resize=350%2C200","width":350,"height":200},"classes":[]},{"id":52633,"url":"https:\/\/historiografija.hr\/?p=52633","url_meta":{"origin":42608,"position":3},"title":"POVIJEST TRE\u0160NJEVA\u010cKE GLAZBE: prikupljanje virtualnog fundusa Muzeja susjedstva Tre\u0161njevka","author":"Branimir Jankovi\u0107","date":"23. travnja 2026.","format":false,"excerpt":"utorak 28. 4. 2026. 14 - 18 h Nova BAZA, Nova cesta 66, Zagreb Prvi su dani ljeta 1957. godine. Bo\u017eica Kalafati\u0107 poha\u0111a drugi razred Osnovne \u0161kole Bratstvo i jedinstvo, danas kralja Tomislava, a ide i na muzi\u010dke satove u Mo\u0161\u0107eni\u010dkoj ulici. Na fotografiji s harmonikom u rukama stoji u\u2026","rel":"","context":"U &quot;Novosti&quot;","block_context":{"text":"Novosti","link":"https:\/\/historiografija.hr\/?cat=3"},"img":{"alt_text":"","src":"https:\/\/i0.wp.com\/historiografija.hr\/wp-content\/uploads\/2026\/04\/MST_prikupljanje.jpg?fit=380%2C475&ssl=1&resize=350%2C200","width":350,"height":200},"classes":[]},{"id":52569,"url":"https:\/\/historiografija.hr\/?p=52569","url_meta":{"origin":42608,"position":4},"title":"[Predavanje] Ne \u010dekaju\u0107i inspiraciju \u2013 anga\u017eovane intelektualne, kulturalne i umetni\u010dke prakse u me\u0111uratnom periodu: teorija i praksa kriti\u010dke levice u jugoslovenskoj kulturi (YugoLab)","author":"Branimir Jankovi\u0107","date":"21. travnja 2026.","format":false,"excerpt":"U vreme agresivnog ja\u010danja globalne desnice, (pro)fa\u0161isti\u010dkih, rasisti\u010dkih i imperijalisti\u010dkih politika, dok je istovremeno globalna levica izrazito slaba, a progresivni pokreti atomizirani i fragmentisani, va\u017eno je iz savremene perspektive vratiti se revolucionarnim i emancipatorskim zbivanjima u jugoslovenskom (ali i s njima u vezi internacionalnim de\u0161avanjima), kao i dru\u0161tvenoj ulozi kulturalnih\u2026","rel":"","context":"U &quot;Novosti&quot;","block_context":{"text":"Novosti","link":"https:\/\/historiografija.hr\/?cat=3"},"img":{"alt_text":"","src":"","width":0,"height":0},"classes":[]},{"id":52439,"url":"https:\/\/historiografija.hr\/?p=52439","url_meta":{"origin":42608,"position":5},"title":"Tribina &#8220;Ahmi\u0107i 33 godine kasnije: Ne u na\u0161e ime&#8221;","author":"Branimir Jankovi\u0107","date":"16. travnja 2026.","format":false,"excerpt":"U \u010detvrtak, 16. travnja 2026. u 17 sati u Knji\u017enici i \u010ditaonici Bogdana Ogrizovi\u0107a u Zagrebu odr\u017eat \u0107e se tribina pod nazivom Ahmi\u0107i 33 godine kasnije: Ne u na\u0161e ime. Na tribini \u0107e govoriti Ivica \u0110iki\u0107, novinar, Mubera Masli\u0107 \u2013 \u017ddralovi\u0107, aktivistikinja, prevoditeljica za arapski, Domagoj Fuk, student politologije, \u010dlan\u2026","rel":"","context":"U &quot;Novosti&quot;","block_context":{"text":"Novosti","link":"https:\/\/historiografija.hr\/?cat=3"},"img":{"alt_text":"","src":"https:\/\/i0.wp.com\/historiografija.hr\/wp-content\/uploads\/2026\/04\/Zagreb_2026.jpeg?fit=1200%2C900&ssl=1&resize=350%2C200","width":350,"height":200,"srcset":"https:\/\/i0.wp.com\/historiografija.hr\/wp-content\/uploads\/2026\/04\/Zagreb_2026.jpeg?fit=1200%2C900&ssl=1&resize=350%2C200 1x, https:\/\/i0.wp.com\/historiografija.hr\/wp-content\/uploads\/2026\/04\/Zagreb_2026.jpeg?fit=1200%2C900&ssl=1&resize=525%2C300 1.5x, https:\/\/i0.wp.com\/historiografija.hr\/wp-content\/uploads\/2026\/04\/Zagreb_2026.jpeg?fit=1200%2C900&ssl=1&resize=700%2C400 2x, https:\/\/i0.wp.com\/historiografija.hr\/wp-content\/uploads\/2026\/04\/Zagreb_2026.jpeg?fit=1200%2C900&ssl=1&resize=1050%2C600 3x"},"classes":[]}],"_links":{"self":[{"href":"https:\/\/historiografija.hr\/index.php?rest_route=\/wp\/v2\/posts\/42608","targetHints":{"allow":["GET"]}}],"collection":[{"href":"https:\/\/historiografija.hr\/index.php?rest_route=\/wp\/v2\/posts"}],"about":[{"href":"https:\/\/historiografija.hr\/index.php?rest_route=\/wp\/v2\/types\/post"}],"author":[{"embeddable":true,"href":"https:\/\/historiografija.hr\/index.php?rest_route=\/wp\/v2\/users\/2"}],"replies":[{"embeddable":true,"href":"https:\/\/historiografija.hr\/index.php?rest_route=%2Fwp%2Fv2%2Fcomments&post=42608"}],"version-history":[{"count":1,"href":"https:\/\/historiografija.hr\/index.php?rest_route=\/wp\/v2\/posts\/42608\/revisions"}],"predecessor-version":[{"id":42610,"href":"https:\/\/historiografija.hr\/index.php?rest_route=\/wp\/v2\/posts\/42608\/revisions\/42610"}],"wp:featuredmedia":[{"embeddable":true,"href":"https:\/\/historiografija.hr\/index.php?rest_route=\/wp\/v2\/media\/42609"}],"wp:attachment":[{"href":"https:\/\/historiografija.hr\/index.php?rest_route=%2Fwp%2Fv2%2Fmedia&parent=42608"}],"wp:term":[{"taxonomy":"category","embeddable":true,"href":"https:\/\/historiografija.hr\/index.php?rest_route=%2Fwp%2Fv2%2Fcategories&post=42608"},{"taxonomy":"post_tag","embeddable":true,"href":"https:\/\/historiografija.hr\/index.php?rest_route=%2Fwp%2Fv2%2Ftags&post=42608"}],"curies":[{"name":"wp","href":"https:\/\/api.w.org\/{rel}","templated":true}]}}