{"id":42585,"date":"2024-10-08T19:50:45","date_gmt":"2024-10-08T19:50:45","guid":{"rendered":"http:\/\/historiografija.hr\/?p=42585"},"modified":"2024-10-08T19:52:24","modified_gmt":"2024-10-08T19:52:24","slug":"polemicki-prilozi-o-ocjeni-djelovanja-kontraadmirala-krste-durovica","status":"publish","type":"post","link":"https:\/\/historiografija.hr\/?p=42585","title":{"rendered":"Polemi\u010dki prilozi o ocjeni djelovanja crnogorskog kontraadmirala Krste \u0110urovi\u0107a"},"content":{"rendered":"\n<p>Na portalu Historiografija.ba objavljen je polemi\u010dki prilog Edina Omer\u010di\u0107a \u201eKrsto \u0110urovi\u0107 je naredio napad na Dubrovnik\u201c kao reakcija na \u201eInicijativu da Prijestonica Cetinje nazove ulicu po kontraadmiralu Krstu \u0110urovi\u0107u\u201c, koja polazi od toga da je \u0110urovi\u0107 \u201epoku\u0161avao da sprije\u010di sumanutu agresiju na Republiku Hrvatsku\u201c.<\/p>\n\n\n\n<hr class=\"wp-block-separator\"\/>\n\n\n\n<p>Edin Omer\u010di\u0107<\/p>\n\n\n\n<p><strong>Krsto \u0110urovi\u0107 je naredio napad na Dubrovnik<\/strong><\/p>\n\n\n\n<p><a href=\"https:\/\/historiografija.ba\/clanci-i-polemike\/omercic-krsto-djurovic-je-naredio-napad-na-dubrovnik\">https:\/\/historiografija.ba\/clanci-i-polemike\/omercic-krsto-djurovic-je-naredio-napad-na-dubrovnik<\/a><\/p>\n\n\n\n<hr class=\"wp-block-separator\"\/>\n\n\n\n<p><strong>Inicijativa da Prijestonica Cetinje nazove ulicu po kontraadmiralu Krstu \u0110urovi\u0107u<\/strong><\/p>\n\n\n\n<figure class=\"wp-block-embed-wordpress wp-block-embed is-type-wp-embed is-provider-centar-za-gradansko-obrazovanje\"><div class=\"wp-block-embed__wrapper\">\n<blockquote class=\"wp-embedded-content\" data-secret=\"REJFJPJixV\"><a href=\"https:\/\/cgo-cce.org\/2024\/10\/05\/inicijativa-da-prijestonica-cetinje-nazove-ulicu-po-kontraadmiralu-krstu-durovicu\/\">Inicijativa da Prijestonica Cetinje nazove ulicu po kontraadmiralu Krstu \u0110urovi\u0107u<\/a><\/blockquote><iframe loading=\"lazy\" class=\"wp-embedded-content\" sandbox=\"allow-scripts\" security=\"restricted\" style=\"position: absolute; clip: rect(1px, 1px, 1px, 1px);\" title=\"&#8220;Inicijativa da Prijestonica Cetinje nazove ulicu po kontraadmiralu Krstu \u0110urovi\u0107u&#8221; &#8212; Centar za gra\u0111ansko obrazovanje\" src=\"https:\/\/cgo-cce.org\/2024\/10\/05\/inicijativa-da-prijestonica-cetinje-nazove-ulicu-po-kontraadmiralu-krstu-durovicu\/embed\/#?secret=2C4Uhcvnci#?secret=REJFJPJixV\" data-secret=\"REJFJPJixV\" width=\"600\" height=\"338\" frameborder=\"0\" marginwidth=\"0\" marginheight=\"0\" scrolling=\"no\"><\/iframe>\n<\/div><\/figure>\n\n\n\n<hr class=\"wp-block-separator\"\/>\n","protected":false},"excerpt":{"rendered":"","protected":false},"author":2,"featured_media":42586,"comment_status":"open","ping_status":"open","sticky":false,"template":"","format":"standard","meta":{"_acf_changed":false,"jetpack_post_was_ever_published":false,"_jetpack_newsletter_access":"","_jetpack_dont_email_post_to_subs":false,"_jetpack_newsletter_tier_id":0,"_jetpack_memberships_contains_paywalled_content":false,"_jetpack_memberships_contains_paid_content":false,"footnotes":"","jetpack_publicize_message":"","jetpack_publicize_feature_enabled":true,"jetpack_social_post_already_shared":true,"jetpack_social_options":{"image_generator_settings":{"template":"highway","default_image_id":0,"font":"","enabled":false},"version":2}},"categories":[3,17],"tags":[],"class_list":["post-42585","post","type-post","status-publish","format-standard","has-post-thumbnail","hentry","category-novosti","category-rasprave"],"acf":{"facebook_opis":""},"jetpack_publicize_connections":[],"jetpack_featured_media_url":"https:\/\/i0.wp.com\/historiografija.hr\/wp-content\/uploads\/2024\/10\/Krsto_Djurovic.jpg?fit=283%2C356&ssl=1","jetpack_sharing_enabled":true,"jetpack-related-posts":[],"_links":{"self":[{"href":"https:\/\/historiografija.hr\/index.php?rest_route=\/wp\/v2\/posts\/42585","targetHints":{"allow":["GET"]}}],"collection":[{"href":"https:\/\/historiografija.hr\/index.php?rest_route=\/wp\/v2\/posts"}],"about":[{"href":"https:\/\/historiografija.hr\/index.php?rest_route=\/wp\/v2\/types\/post"}],"author":[{"embeddable":true,"href":"https:\/\/historiografija.hr\/index.php?rest_route=\/wp\/v2\/users\/2"}],"replies":[{"embeddable":true,"href":"https:\/\/historiografija.hr\/index.php?rest_route=%2Fwp%2Fv2%2Fcomments&post=42585"}],"version-history":[{"count":2,"href":"https:\/\/historiografija.hr\/index.php?rest_route=\/wp\/v2\/posts\/42585\/revisions"}],"predecessor-version":[{"id":42588,"href":"https:\/\/historiografija.hr\/index.php?rest_route=\/wp\/v2\/posts\/42585\/revisions\/42588"}],"wp:featuredmedia":[{"embeddable":true,"href":"https:\/\/historiografija.hr\/index.php?rest_route=\/wp\/v2\/media\/42586"}],"wp:attachment":[{"href":"https:\/\/historiografija.hr\/index.php?rest_route=%2Fwp%2Fv2%2Fmedia&parent=42585"}],"wp:term":[{"taxonomy":"category","embeddable":true,"href":"https:\/\/historiografija.hr\/index.php?rest_route=%2Fwp%2Fv2%2Fcategories&post=42585"},{"taxonomy":"post_tag","embeddable":true,"href":"https:\/\/historiografija.hr\/index.php?rest_route=%2Fwp%2Fv2%2Ftags&post=42585"}],"curies":[{"name":"wp","href":"https:\/\/api.w.org\/{rel}","templated":true}]}}