{"id":42579,"date":"2024-10-08T17:46:56","date_gmt":"2024-10-08T17:46:56","guid":{"rendered":"http:\/\/historiografija.hr\/?p=42579"},"modified":"2024-10-08T17:47:47","modified_gmt":"2024-10-08T17:47:47","slug":"upozorenje-strucnoj-javnosti-premijera-filma-jakova-sedlara-stradanje-zidova-u-titovoj-jugoslaviji-nastavak-holokausta","status":"publish","type":"post","link":"https:\/\/historiografija.hr\/?p=42579","title":{"rendered":"Upozorenje stru\u010dnoj javnosti: premijera filma Jakova Sedlara \u201cStradanje \u017didova u Titovoj Jugoslaviji\u201d (Nastavak Holokausta)"},"content":{"rendered":"\n<p>U utorak, 8. listopada 2024. u 19.30 u kinu Cinestar u Zagrebu bit \u0107e odr\u017eana premijera filma Jakova Sedlara \u201cStradanje \u017didova u Titovoj Jugoslaviji\u201d pod zaista besramnim podnaslovom \u201eNastavak Holokausta\u201c. Iako je tema odnosa prema \u017didovima u socijalisti\u010dkoj\/komunisti\u010dkoj Jugoslaviji va\u017ena tema, govoriti o tome kao \u201enastavku Holokausta\u201c krajnje je obezvre\u0111ivanje povijesti kao struke. Premda je u jednom dijelu hrvatske javnosti dovoljno re\u0107i \u201eTitova Jugoslavija\u201c da biste u nju trpali \u0161to god vam padne napamet (pa ne\u0107e biti iznena\u0111enje da se nakon \u201enastavka Holokausta\u201c pojavi ne\u0161to jo\u0161 neprimjerenije), nadamo se da \u0107e u\u010dinak tako predstavljenog filma ipak ostati vrlo ograni\u010den.<\/p>\n\n\n\n<hr class=\"wp-block-separator\"\/>\n\n\n\n<figure class=\"wp-block-image size-large\"><img data-recalc-dims=\"1\" loading=\"lazy\" decoding=\"async\" width=\"509\" height=\"720\" data-attachment-id=\"42580\" data-permalink=\"https:\/\/historiografija.hr\/?attachment_id=42580\" data-orig-file=\"https:\/\/i0.wp.com\/historiografija.hr\/wp-content\/uploads\/2024\/10\/Sedlar_film.jpg?fit=509%2C720&amp;ssl=1\" data-orig-size=\"509,720\" data-comments-opened=\"1\" data-image-meta=\"{&quot;aperture&quot;:&quot;0&quot;,&quot;credit&quot;:&quot;&quot;,&quot;camera&quot;:&quot;&quot;,&quot;caption&quot;:&quot;&quot;,&quot;created_timestamp&quot;:&quot;0&quot;,&quot;copyright&quot;:&quot;&quot;,&quot;focal_length&quot;:&quot;0&quot;,&quot;iso&quot;:&quot;0&quot;,&quot;shutter_speed&quot;:&quot;0&quot;,&quot;title&quot;:&quot;&quot;,&quot;orientation&quot;:&quot;0&quot;}\" data-image-title=\"Sedlar_film\" data-image-description=\"\" data-image-caption=\"\" data-large-file=\"https:\/\/i0.wp.com\/historiografija.hr\/wp-content\/uploads\/2024\/10\/Sedlar_film.jpg?fit=509%2C720&amp;ssl=1\" src=\"https:\/\/i0.wp.com\/historiografija.hr\/wp-content\/uploads\/2024\/10\/Sedlar_film.jpg?resize=509%2C720&#038;ssl=1\" alt=\"\" class=\"wp-image-42580\" srcset=\"https:\/\/i0.wp.com\/historiografija.hr\/wp-content\/uploads\/2024\/10\/Sedlar_film.jpg?w=509&amp;ssl=1 509w, https:\/\/i0.wp.com\/historiografija.hr\/wp-content\/uploads\/2024\/10\/Sedlar_film.jpg?resize=212%2C300&amp;ssl=1 212w\" sizes=\"auto, (max-width: 509px) 100vw, 509px\" \/><\/figure>\n\n\n\n<hr class=\"wp-block-separator\"\/>\n\n\n\n<p>Iz medija:<\/p>\n\n\n\n<figure class=\"wp-block-embed-wordpress wp-block-embed is-type-wp-embed is-provider-narod-hr\"><div class=\"wp-block-embed__wrapper\">\n<blockquote class=\"wp-embedded-content\" data-secret=\"jJFsMBBhYw\"><a href=\"https:\/\/narod.hr\/hrvatska\/ne-propustite-premijeru-sedlarovog-filma-stradanje-zidova-u-titovoj-jugoslaviji\">Ne propustite premijeru Sedlarovog filma &#8216;Stradanje \u017didova u Titovoj Jugoslaviji&#8217;<\/a><\/blockquote><iframe loading=\"lazy\" class=\"wp-embedded-content\" sandbox=\"allow-scripts\" security=\"restricted\" style=\"position: absolute; clip: rect(1px, 1px, 1px, 1px);\" title=\"&#8220;Ne propustite premijeru Sedlarovog filma &#8216;Stradanje \u017didova u Titovoj Jugoslaviji&#8217;&#8221; &#8212; narod.hr\" src=\"https:\/\/narod.hr\/hrvatska\/ne-propustite-premijeru-sedlarovog-filma-stradanje-zidova-u-titovoj-jugoslaviji\/embed#?secret=cRLtFBUiTj#?secret=jJFsMBBhYw\" data-secret=\"jJFsMBBhYw\" width=\"600\" height=\"338\" frameborder=\"0\" marginwidth=\"0\" marginheight=\"0\" scrolling=\"no\"><\/iframe>\n<\/div><\/figure>\n\n\n\n<figure class=\"wp-block-embed-wordpress wp-block-embed is-type-wp-embed is-provider-croativ-net\"><div class=\"wp-block-embed__wrapper\">\n<blockquote class=\"wp-embedded-content\" data-secret=\"gVpmJNy5GB\"><a href=\"https:\/\/croativ.net\/ljubicica-bijela-i-holocaust-premijera-filma-stradanje-zidova-u-titovoj-jugoslaviji-63029\/\">LJUBI\u010cICA BIJELA I HOLOCAUST: Premijera filma \u201cSTRADANJE \u017dIDOVA U TITOVOJ JUGOSLAVIJI\u201d<\/a><\/blockquote><iframe loading=\"lazy\" class=\"wp-embedded-content\" sandbox=\"allow-scripts\" security=\"restricted\" style=\"position: absolute; clip: rect(1px, 1px, 1px, 1px);\" title=\"&#8220;LJUBI\u010cICA BIJELA I HOLOCAUST: Premijera filma \u201cSTRADANJE \u017dIDOVA U TITOVOJ JUGOSLAVIJI\u201d&#8221; &#8212; Croativ.net\" src=\"https:\/\/croativ.net\/ljubicica-bijela-i-holocaust-premijera-filma-stradanje-zidova-u-titovoj-jugoslaviji-63029\/embed\/#?secret=dYPhew3HFA#?secret=gVpmJNy5GB\" data-secret=\"gVpmJNy5GB\" width=\"600\" height=\"338\" frameborder=\"0\" marginwidth=\"0\" marginheight=\"0\" scrolling=\"no\"><\/iframe>\n<\/div><\/figure>\n\n\n\n<hr class=\"wp-block-separator\"\/>\n","protected":false},"excerpt":{"rendered":"","protected":false},"author":2,"featured_media":42580,"comment_status":"open","ping_status":"open","sticky":false,"template":"","format":"standard","meta":{"_acf_changed":false,"jetpack_post_was_ever_published":false,"_jetpack_newsletter_access":"","_jetpack_dont_email_post_to_subs":false,"_jetpack_newsletter_tier_id":0,"_jetpack_memberships_contains_paywalled_content":false,"_jetpack_memberships_contains_paid_content":false,"footnotes":"","jetpack_publicize_message":"","jetpack_publicize_feature_enabled":true,"jetpack_social_post_already_shared":true,"jetpack_social_options":{"image_generator_settings":{"template":"highway","default_image_id":0,"font":"","enabled":false},"version":2}},"categories":[3,17],"tags":[],"class_list":["post-42579","post","type-post","status-publish","format-standard","has-post-thumbnail","hentry","category-novosti","category-rasprave"],"acf":{"facebook_opis":""},"jetpack_publicize_connections":[],"jetpack_featured_media_url":"https:\/\/i0.wp.com\/historiografija.hr\/wp-content\/uploads\/2024\/10\/Sedlar_film.jpg?fit=509%2C720&ssl=1","jetpack_sharing_enabled":true,"jetpack-related-posts":[],"_links":{"self":[{"href":"https:\/\/historiografija.hr\/index.php?rest_route=\/wp\/v2\/posts\/42579","targetHints":{"allow":["GET"]}}],"collection":[{"href":"https:\/\/historiografija.hr\/index.php?rest_route=\/wp\/v2\/posts"}],"about":[{"href":"https:\/\/historiografija.hr\/index.php?rest_route=\/wp\/v2\/types\/post"}],"author":[{"embeddable":true,"href":"https:\/\/historiografija.hr\/index.php?rest_route=\/wp\/v2\/users\/2"}],"replies":[{"embeddable":true,"href":"https:\/\/historiografija.hr\/index.php?rest_route=%2Fwp%2Fv2%2Fcomments&post=42579"}],"version-history":[{"count":2,"href":"https:\/\/historiografija.hr\/index.php?rest_route=\/wp\/v2\/posts\/42579\/revisions"}],"predecessor-version":[{"id":42582,"href":"https:\/\/historiografija.hr\/index.php?rest_route=\/wp\/v2\/posts\/42579\/revisions\/42582"}],"wp:featuredmedia":[{"embeddable":true,"href":"https:\/\/historiografija.hr\/index.php?rest_route=\/wp\/v2\/media\/42580"}],"wp:attachment":[{"href":"https:\/\/historiografija.hr\/index.php?rest_route=%2Fwp%2Fv2%2Fmedia&parent=42579"}],"wp:term":[{"taxonomy":"category","embeddable":true,"href":"https:\/\/historiografija.hr\/index.php?rest_route=%2Fwp%2Fv2%2Fcategories&post=42579"},{"taxonomy":"post_tag","embeddable":true,"href":"https:\/\/historiografija.hr\/index.php?rest_route=%2Fwp%2Fv2%2Ftags&post=42579"}],"curies":[{"name":"wp","href":"https:\/\/api.w.org\/{rel}","templated":true}]}}