{"id":42576,"date":"2024-10-08T17:17:59","date_gmt":"2024-10-08T17:17:59","guid":{"rendered":"http:\/\/historiografija.hr\/?p=42576"},"modified":"2024-10-08T17:17:59","modified_gmt":"2024-10-08T17:17:59","slug":"milan-radanovic-opcina-crkveni-bok-u-drugom-svjetskom-ratu-studija-slucaja-genocida-nad-srbima-u-ndh","status":"publish","type":"post","link":"https:\/\/historiografija.hr\/?p=42576","title":{"rendered":"Milan Radanovi\u0107, &#8220;Op\u0107ina Crkveni Bok u Drugom svjetskom ratu \u2013 studija slu\u010daja genocida nad Srbima u NDH&#8221;"},"content":{"rendered":"\n<p>U Zagrebu je u izdanju Srpskog narodnog vije\u0107a objavljena 2024. godine knjiga Milana Radanovi\u0107a &#8220;Op\u0107ina Crkveni Bok u Drugom svjetskom ratu \u2013 studija slu\u010daja genocida nad Srbima u NDH&#8221;.<\/p>\n\n\n\n<hr class=\"wp-block-separator\"\/>\n\n\n\n<p>Dodatne obavijesti:<\/p>\n\n\n\n<p><a href=\"https:\/\/www.portalnovosti.com\/milan-radanovic-ustase-su-sve-banijske-srbe-htjeli-otjerati-u-logore\">https:\/\/www.portalnovosti.com\/milan-radanovic-ustase-su-sve-banijske-srbe-htjeli-otjerati-u-logore<\/a><\/p>\n\n\n\n<hr class=\"wp-block-separator\"\/>\n","protected":false},"excerpt":{"rendered":"","protected":false},"author":2,"featured_media":42577,"comment_status":"open","ping_status":"open","sticky":false,"template":"","format":"standard","meta":{"_acf_changed":false,"jetpack_post_was_ever_published":false,"_jetpack_newsletter_access":"","_jetpack_dont_email_post_to_subs":false,"_jetpack_newsletter_tier_id":0,"_jetpack_memberships_contains_paywalled_content":false,"_jetpack_memberships_contains_paid_content":false,"footnotes":"","jetpack_publicize_message":"","jetpack_publicize_feature_enabled":true,"jetpack_social_post_already_shared":true,"jetpack_social_options":{"image_generator_settings":{"template":"highway","default_image_id":0,"font":"","enabled":false},"version":2}},"categories":[8,3],"tags":[],"class_list":["post-42576","post","type-post","status-publish","format-standard","has-post-thumbnail","hentry","category-knjige","category-novosti"],"acf":{"facebook_opis":""},"jetpack_publicize_connections":[],"jetpack_featured_media_url":"https:\/\/i0.wp.com\/historiografija.hr\/wp-content\/uploads\/2024\/10\/Op%C4%87ina.png?fit=422%2C617&ssl=1","jetpack_sharing_enabled":true,"jetpack-related-posts":[],"_links":{"self":[{"href":"https:\/\/historiografija.hr\/index.php?rest_route=\/wp\/v2\/posts\/42576","targetHints":{"allow":["GET"]}}],"collection":[{"href":"https:\/\/historiografija.hr\/index.php?rest_route=\/wp\/v2\/posts"}],"about":[{"href":"https:\/\/historiografija.hr\/index.php?rest_route=\/wp\/v2\/types\/post"}],"author":[{"embeddable":true,"href":"https:\/\/historiografija.hr\/index.php?rest_route=\/wp\/v2\/users\/2"}],"replies":[{"embeddable":true,"href":"https:\/\/historiografija.hr\/index.php?rest_route=%2Fwp%2Fv2%2Fcomments&post=42576"}],"version-history":[{"count":1,"href":"https:\/\/historiografija.hr\/index.php?rest_route=\/wp\/v2\/posts\/42576\/revisions"}],"predecessor-version":[{"id":42578,"href":"https:\/\/historiografija.hr\/index.php?rest_route=\/wp\/v2\/posts\/42576\/revisions\/42578"}],"wp:featuredmedia":[{"embeddable":true,"href":"https:\/\/historiografija.hr\/index.php?rest_route=\/wp\/v2\/media\/42577"}],"wp:attachment":[{"href":"https:\/\/historiografija.hr\/index.php?rest_route=%2Fwp%2Fv2%2Fmedia&parent=42576"}],"wp:term":[{"taxonomy":"category","embeddable":true,"href":"https:\/\/historiografija.hr\/index.php?rest_route=%2Fwp%2Fv2%2Fcategories&post=42576"},{"taxonomy":"post_tag","embeddable":true,"href":"https:\/\/historiografija.hr\/index.php?rest_route=%2Fwp%2Fv2%2Ftags&post=42576"}],"curies":[{"name":"wp","href":"https:\/\/api.w.org\/{rel}","templated":true}]}}