{"id":42563,"date":"2024-10-08T10:48:04","date_gmt":"2024-10-08T10:48:04","guid":{"rendered":"http:\/\/historiografija.hr\/?p=42563"},"modified":"2024-10-08T10:48:04","modified_gmt":"2024-10-08T10:48:04","slug":"borislav-grgin-dopuna-odgovoru","status":"publish","type":"post","link":"https:\/\/historiografija.hr\/?p=42563","title":{"rendered":"Borislav Grgin: Dopuna Odgovoru"},"content":{"rendered":"\n<p>U prethodnom odgovoru zaboravio sam se ispri\u010dati recenzentima knjige, kolegama Ivici Prlenderu i Dragi Roksandi\u0107u te autorima prikaza knjige, kolegama \u017deljku Karauli i Ivanu Botici, pa to \u010dinim ovom prilikom. Svi su oni svoje tekstove pisali u dobroj vjeri, a sva krivica i odgovornost za propuste je na meni. Ispri\u010davam im se i za eventualne neugodnosti koje su zbog svega ovoga imali ili imaju.<\/p>\n\n\n\n<p><br>Borislav Grgin<\/p>\n\n\n\n<hr class=\"wp-block-separator\"\/>\n","protected":false},"excerpt":{"rendered":"","protected":false},"author":2,"featured_media":0,"comment_status":"open","ping_status":"open","sticky":false,"template":"","format":"standard","meta":{"_acf_changed":false,"jetpack_post_was_ever_published":false,"_jetpack_newsletter_access":"","_jetpack_dont_email_post_to_subs":false,"_jetpack_newsletter_tier_id":0,"_jetpack_memberships_contains_paywalled_content":false,"_jetpack_memberships_contains_paid_content":false,"footnotes":"","jetpack_publicize_message":"","jetpack_publicize_feature_enabled":true,"jetpack_social_post_already_shared":true,"jetpack_social_options":{"image_generator_settings":{"template":"highway","default_image_id":0,"font":"","enabled":false},"version":2}},"categories":[4,17],"tags":[],"class_list":["post-42563","post","type-post","status-publish","format-standard","hentry","category-osvrti","category-rasprave"],"acf":{"facebook_opis":""},"jetpack_publicize_connections":[],"jetpack_featured_media_url":"","jetpack_sharing_enabled":true,"jetpack-related-posts":[],"_links":{"self":[{"href":"https:\/\/historiografija.hr\/index.php?rest_route=\/wp\/v2\/posts\/42563","targetHints":{"allow":["GET"]}}],"collection":[{"href":"https:\/\/historiografija.hr\/index.php?rest_route=\/wp\/v2\/posts"}],"about":[{"href":"https:\/\/historiografija.hr\/index.php?rest_route=\/wp\/v2\/types\/post"}],"author":[{"embeddable":true,"href":"https:\/\/historiografija.hr\/index.php?rest_route=\/wp\/v2\/users\/2"}],"replies":[{"embeddable":true,"href":"https:\/\/historiografija.hr\/index.php?rest_route=%2Fwp%2Fv2%2Fcomments&post=42563"}],"version-history":[{"count":1,"href":"https:\/\/historiografija.hr\/index.php?rest_route=\/wp\/v2\/posts\/42563\/revisions"}],"predecessor-version":[{"id":42564,"href":"https:\/\/historiografija.hr\/index.php?rest_route=\/wp\/v2\/posts\/42563\/revisions\/42564"}],"wp:attachment":[{"href":"https:\/\/historiografija.hr\/index.php?rest_route=%2Fwp%2Fv2%2Fmedia&parent=42563"}],"wp:term":[{"taxonomy":"category","embeddable":true,"href":"https:\/\/historiografija.hr\/index.php?rest_route=%2Fwp%2Fv2%2Fcategories&post=42563"},{"taxonomy":"post_tag","embeddable":true,"href":"https:\/\/historiografija.hr\/index.php?rest_route=%2Fwp%2Fv2%2Ftags&post=42563"}],"curies":[{"name":"wp","href":"https:\/\/api.w.org\/{rel}","templated":true}]}}