{"id":42558,"date":"2024-10-07T18:20:00","date_gmt":"2024-10-07T18:20:00","guid":{"rendered":"http:\/\/historiografija.hr\/?p=42558"},"modified":"2024-10-07T18:20:00","modified_gmt":"2024-10-07T18:20:00","slug":"izlozba-vecito-u-bihacu","status":"publish","type":"post","link":"https:\/\/historiografija.hr\/?p=42558","title":{"rendered":"Izlo\u017eba \u201eVE\u010cITO\u201c u Biha\u0107u"},"content":{"rendered":"\n<p>Sto godina od ro\u0111enja arh. Bogdana Bogdanovi\u0107a (1922-2010)<\/p>\n\n\n\n<p>Spomen-park \u017ertvama fa\u0161isti\u010dkog terora \u201cGaravice\u201d (1974-1981)<\/p>\n\n\n\n<hr class=\"wp-block-separator\"\/>\n\n\n\n<p>Muzej unsko-sanskog kantona Biha\u0107 i Centar za graditeljsko nasle\u0111e \u201cVAM\u201d Beograd organiziraju veliku retrospektivnu izlo\u017eba \u201eVE\u010cITO\u201c, posve\u0107enu stogodi\u0161njici ro\u0111enja velikana jugoslovenske arhitekture, Bogdanu Bogdanovi\u0107u (1922, Beograd \u2013 2010, Be\u010d).<\/p>\n\n\n\n<p>Budu\u0107i da Biha\u0107 poseduje jedno od najzanimljivijih djela ovog graditelja \u2013 Spomen-park \u017ertvama fa\u0161isti\u010dkog terora \u201cGaravice\u201d (projektovan 1969-1981, i gra\u0111en 1974-1981), za ovaj memorijal napravljena je posebna monografska postavka u okviru izlo\u017ebe. Tokom trajanja izlo\u017ebe bi\u0107e organizovana stru\u010dna vo\u0111enja, susreti na temu kulture se\u0107anja, kreativne i edukativne radionice za djecu i mlade. Posjetioci \u0107e na izlo\u017ebi mo\u0107i upoznati cjelokupno stvarala\u0161tvo Bogdanovi\u0107a, kako spomeni\u010dko, tako i knji\u017eevno (u vitrinama \u0107e biti izlo\u017eeno svih 20 knjiga koje je za \u017eivota Bogdanovi\u0107 napisao), a posebnom virtuelnom projekcijom bi\u0107e provedeni kroz njegove spomenike \u2013 vi\u0111enu sa zemlje i sa neba.<\/p>\n\n\n\n<p>U okviru monografskog izlo\u017ebenog korpusa o Garavicama prvi put \u0107e imati prilike da vide autenti\u010dne crte\u017ee koji se \u010duvaju u Beogradu i Be\u010du, a kojima se rasvjetljava proces nastanka ideje projekta.<\/p>\n\n\n\n<p>Autorka, kustoskinja i likovni identitet izlo\u017ebe: Mare Janakova Gruji\u0107<\/p>\n\n\n\n<p>Fotograf: Predrag Novakovi\u0107<\/p>\n\n\n\n<p>Voditeljica radionica: Aida \u0160arac Berbi\u0107, muzejski pedagog<\/p>\n\n\n\n<p>Pokrovitelji: Fond za Zapadni Balkan (Western Balkans Fund)<\/p>\n\n\n\n<p>Trajanje: 8 \u2013 30. oktobar 2024.<\/p>\n\n\n\n<p>Sve\u010dano otvaranje: utorak, 8. oktobar u 19 sati, Izlo\u017ebeni salon Muzeja unsko-sanskog kantona Biha\u0107.<\/p>\n\n\n\n<p>Za radionice za djecu osnovnih \u0161kola, koje \u0107e trajati od 14-18. oktobra, u\u010ditelji i vaspita\u010di mogu prijaviti razrede na e-mail: aidaa91@live.com<\/p>\n\n\n\n<p><a href=\"https:\/\/www.facebook.com\/profile.php?id=100063776284437\">https:\/\/www.facebook.com\/profile.php?id=100063776284437<\/a><\/p>\n\n\n\n<hr class=\"wp-block-separator\"\/>\n\n\n\n<p>Preneseno s portala <strong>Historiografija.ba<\/strong>:<\/p>\n\n\n\n<p><a href=\"https:\/\/historiografija.ba\/historija-u-javnosti\/naucne-manifestacije\/izlozba-vecito-u-bihacu\">https:\/\/historiografija.ba\/historija-u-javnosti\/naucne-manifestacije\/izlozba-vecito-u-bihacu<\/a><\/p>\n\n\n\n<hr class=\"wp-block-separator\"\/>\n","protected":false},"excerpt":{"rendered":"","protected":false},"author":2,"featured_media":42559,"comment_status":"open","ping_status":"open","sticky":false,"template":"","format":"standard","meta":{"_acf_changed":false,"jetpack_post_was_ever_published":false,"_jetpack_newsletter_access":"","_jetpack_dont_email_post_to_subs":false,"_jetpack_newsletter_tier_id":0,"_jetpack_memberships_contains_paywalled_content":false,"_jetpack_memberships_contains_paid_content":false,"footnotes":"","jetpack_publicize_message":"","jetpack_publicize_feature_enabled":true,"jetpack_social_post_already_shared":true,"jetpack_social_options":{"image_generator_settings":{"template":"highway","default_image_id":0,"font":"","enabled":false},"version":2}},"categories":[10,3],"tags":[],"class_list":["post-42558","post","type-post","status-publish","format-standard","has-post-thumbnail","hentry","category-izlozbe","category-novosti"],"acf":{"facebook_opis":""},"jetpack_publicize_connections":[],"jetpack_featured_media_url":"https:\/\/i0.wp.com\/historiografija.hr\/wp-content\/uploads\/2024\/10\/Bihac-izlozba-Bogdanovic-Garavice.jpg?fit=555%2C556&ssl=1","jetpack_sharing_enabled":true,"jetpack-related-posts":[],"_links":{"self":[{"href":"https:\/\/historiografija.hr\/index.php?rest_route=\/wp\/v2\/posts\/42558","targetHints":{"allow":["GET"]}}],"collection":[{"href":"https:\/\/historiografija.hr\/index.php?rest_route=\/wp\/v2\/posts"}],"about":[{"href":"https:\/\/historiografija.hr\/index.php?rest_route=\/wp\/v2\/types\/post"}],"author":[{"embeddable":true,"href":"https:\/\/historiografija.hr\/index.php?rest_route=\/wp\/v2\/users\/2"}],"replies":[{"embeddable":true,"href":"https:\/\/historiografija.hr\/index.php?rest_route=%2Fwp%2Fv2%2Fcomments&post=42558"}],"version-history":[{"count":1,"href":"https:\/\/historiografija.hr\/index.php?rest_route=\/wp\/v2\/posts\/42558\/revisions"}],"predecessor-version":[{"id":42560,"href":"https:\/\/historiografija.hr\/index.php?rest_route=\/wp\/v2\/posts\/42558\/revisions\/42560"}],"wp:featuredmedia":[{"embeddable":true,"href":"https:\/\/historiografija.hr\/index.php?rest_route=\/wp\/v2\/media\/42559"}],"wp:attachment":[{"href":"https:\/\/historiografija.hr\/index.php?rest_route=%2Fwp%2Fv2%2Fmedia&parent=42558"}],"wp:term":[{"taxonomy":"category","embeddable":true,"href":"https:\/\/historiografija.hr\/index.php?rest_route=%2Fwp%2Fv2%2Fcategories&post=42558"},{"taxonomy":"post_tag","embeddable":true,"href":"https:\/\/historiografija.hr\/index.php?rest_route=%2Fwp%2Fv2%2Ftags&post=42558"}],"curies":[{"name":"wp","href":"https:\/\/api.w.org\/{rel}","templated":true}]}}