{"id":42555,"date":"2024-10-07T18:05:14","date_gmt":"2024-10-07T18:05:14","guid":{"rendered":"http:\/\/historiografija.hr\/?p=42555"},"modified":"2024-10-07T18:05:14","modified_gmt":"2024-10-07T18:05:14","slug":"angela-y-davis-sloboda-je-stalna-borba-ferguson-palestina-i-temelji-pokreta","status":"publish","type":"post","link":"https:\/\/historiografija.hr\/?p=42555","title":{"rendered":"Angela Y. Davis, \u201eSloboda je stalna borba. Ferguson, Palestina i temelji pokreta\u201c"},"content":{"rendered":"\n<p><strong>Prevoditeljica: Milena Ostoji\u0107<br>Urednice: Nina \u010colovi\u0107 i Karolina Hrga<br>Za izdava\u010da: Nikola Dev\u010di\u0107<br>Oblikovanje: Dejan Dragosavac Ruta<br>Godina izdanja: 2024.<\/strong><\/p>\n\n\n\n<p>U ovdje izabranim esejima, intervjuima i govorima, Angela Y. Davis rasvjetljuje strukturne veze izme\u0111u borbe protiv dr\u017eavnog nasilja i otpora razli\u010ditim opresivnim mehanizmima temeljnima na rasi, klasi, rodu, seksualnosti i etnicitetu kroz povijest. U svome radu promi\u0161lja ih kroz djelovanje progresivnih dru\u0161tvenih pokreta za oslobo\u0111enje diljem svijeta. Razmatra va\u017enost Crnog feminizma, intersekcionalnosti kao metodologije i abolicije karceralnog sustava za dana\u0161nje borbe \u2013 od pokreta za slobodu Crnih ljudi preko ju\u017enoafri\u010dkog pokreta protiv aparthejda do aktualne borbe protiv okupacije Palestine.<\/p>\n\n\n\n<p>U kapitalisti\u010dkom, globaliziranom svijetu nadiru\u0107ih ratnih zona i antagonizama, kontinuiranih ekonomskih, ekolo\u0161kih i drugih kriza, Davis nas poziva na radikalnu imaginaciju pravednijeg svijeta za sve te izgradnju pokreta za oslobo\u0111enje, podsje\u0107aju\u0107i pritom da je \u201esloboda stalna borba\u201c.<\/p>\n\n\n\n<p>*&nbsp; *&nbsp; *<\/p>\n\n\n\n<p>U najnovijem tekstu njezina maestralnoga opusa, Angela Davis iznosi briljantne analize i ustrajno svjedo\u010denje o situaciji ovdje i drugdje u svijetu. Jasno i koncizno, ona utjelovljuje i primjenjuje \u201eintersekcionalnost\u201c \u2013 strukturni intelektualni i politi\u010dki odgovor na dinamiku nasilja, bjela\u010dku supremaciju, patrijarhat, dr\u017eavnu mo\u0107, kapitalisti\u010dka tr\u017ei\u0161ta i imperijalne politike. \u2014 Cornel West [iz predgovora]<\/p>\n\n\n\n<p><strong>Angela Y. Davis <\/strong>politi\u010dka je aktivistkinja, istra\u017eiva\u010dica i autorica. Nepokolebljiva je zagovornica potla\u010denih i eksploatiranih koja pi\u0161e o Crnom oslobo\u0111enju, dru\u0161tvenim pokretima, oslobo\u0111enju \u017eena, aboliciji karceralnog sustava i me\u0111unarodnoj solidarnosti s Palestinom. Njezin aktivisti\u010dki, organizacijski i teorijski rad ustrajno prepoznaje i adresira strukturnu me\u0111upovezanost rase, roda i klase. Sedamdesetih i osamdesetih bila je aktivna \u010dlanica Partije Crnih pantera i Komunisti\u010dke partije SAD-a. Autorica i koautorica je vi\u0161e knjiga, me\u0111u kojima su <em>An Autobiography <\/em>(1972.), <em>Women, Race, and Class <\/em>(1981.)<em>, Are Prisons Obsolete <\/em>(2003.),<em> Abolition. Feminism. Now. <\/em>(2022.), i druge<em>. <\/em>Osniva\u010dica je organizacije <em>Critical Resistance <\/em>koja se bori za aboliciju karceralnog sustava. Profesorica je emerita na Kalifornijskom sveu\u010dili\u0161tu Santa Cruz.<\/p>\n\n\n\n<p><strong>Frank Barat <\/strong>aktivist je za ljudska prava, autor i filmski producent. Bio je koordinator Russellova suda o Palestini i predsjednik udruge <em>Palestine Legal Action Network<\/em>. Me\u0111u knjigama koje je napisao ili priredio su <em>Gaza in Crisis<\/em>, <em>Corporate Complicity in Israel\u2019s Occupation<\/em> i <em>On Palestine. <\/em>Izme\u0111u ostalih, ure\u0111ivao je knjige s Noamom Chomskim, Ilanom Papp\u00e9om, Kenom Loachom. Bio je dio osniva\u010dkog tima Festivala <em>Cin\u00e9-Palestine<\/em> u Parizu i festivala <em>Palestine with Love<\/em> u Bruxellesu.<\/p>\n\n\n\n<p><strong>Cornel West<\/strong> filozof je, teolog i politi\u010dki aktivist. U tekstovima, govorima i edukatorskom radu isprepli\u0107u se tradicija Crne baptisti\u010dke crkve, progresivne politike i <em>jazza<\/em>. Njeguje strast komunikacije s velikim i raznolikim publikama odr\u017eavaju\u0107i tako \u017eivim naslje\u0111e Martina Luthera Kinga Jr. Njegove brojne knjige uklju\u010duju <em>Race Matters, Democracy Matters<\/em> i autobiografiju <em>Brother West: Living and Loving Out Loud<\/em>. West je negda\u0161nji profesor <em>praxis<\/em> filozofije na Sveu\u010dili\u0161tu Harvard i profesor emeritus na Sveu\u010dili\u0161tu Princeton.<\/p>\n\n\n\n<hr class=\"wp-block-separator\"\/>\n\n\n\n<p>Izvor:<\/p>\n\n\n\n<p><a href=\"https:\/\/subversivefestival.com\/izdavastvo\/biblioteka-parezija\/angela-y-davis-sloboda-je-stalna-borba\/\">https:\/\/subversivefestival.com\/izdavastvo\/biblioteka-parezija\/angela-y-davis-sloboda-je-stalna-borba\/<\/a><\/p>\n\n\n\n<hr class=\"wp-block-separator\"\/>\n","protected":false},"excerpt":{"rendered":"","protected":false},"author":2,"featured_media":42556,"comment_status":"open","ping_status":"open","sticky":false,"template":"","format":"standard","meta":{"_acf_changed":false,"jetpack_post_was_ever_published":false,"_jetpack_newsletter_access":"","_jetpack_dont_email_post_to_subs":false,"_jetpack_newsletter_tier_id":0,"_jetpack_memberships_contains_paywalled_content":false,"_jetpack_memberships_contains_paid_content":false,"footnotes":"","jetpack_publicize_message":"","jetpack_publicize_feature_enabled":true,"jetpack_social_post_already_shared":true,"jetpack_social_options":{"image_generator_settings":{"template":"highway","default_image_id":0,"font":"","enabled":false},"version":2}},"categories":[8,3],"tags":[],"class_list":["post-42555","post","type-post","status-publish","format-standard","has-post-thumbnail","hentry","category-knjige","category-novosti"],"acf":{"facebook_opis":""},"jetpack_publicize_connections":[],"jetpack_featured_media_url":"https:\/\/i0.wp.com\/historiografija.hr\/wp-content\/uploads\/2024\/10\/angela_davis.png?fit=375%2C600&ssl=1","jetpack_sharing_enabled":true,"jetpack-related-posts":[],"_links":{"self":[{"href":"https:\/\/historiografija.hr\/index.php?rest_route=\/wp\/v2\/posts\/42555","targetHints":{"allow":["GET"]}}],"collection":[{"href":"https:\/\/historiografija.hr\/index.php?rest_route=\/wp\/v2\/posts"}],"about":[{"href":"https:\/\/historiografija.hr\/index.php?rest_route=\/wp\/v2\/types\/post"}],"author":[{"embeddable":true,"href":"https:\/\/historiografija.hr\/index.php?rest_route=\/wp\/v2\/users\/2"}],"replies":[{"embeddable":true,"href":"https:\/\/historiografija.hr\/index.php?rest_route=%2Fwp%2Fv2%2Fcomments&post=42555"}],"version-history":[{"count":1,"href":"https:\/\/historiografija.hr\/index.php?rest_route=\/wp\/v2\/posts\/42555\/revisions"}],"predecessor-version":[{"id":42557,"href":"https:\/\/historiografija.hr\/index.php?rest_route=\/wp\/v2\/posts\/42555\/revisions\/42557"}],"wp:featuredmedia":[{"embeddable":true,"href":"https:\/\/historiografija.hr\/index.php?rest_route=\/wp\/v2\/media\/42556"}],"wp:attachment":[{"href":"https:\/\/historiografija.hr\/index.php?rest_route=%2Fwp%2Fv2%2Fmedia&parent=42555"}],"wp:term":[{"taxonomy":"category","embeddable":true,"href":"https:\/\/historiografija.hr\/index.php?rest_route=%2Fwp%2Fv2%2Fcategories&post=42555"},{"taxonomy":"post_tag","embeddable":true,"href":"https:\/\/historiografija.hr\/index.php?rest_route=%2Fwp%2Fv2%2Ftags&post=42555"}],"curies":[{"name":"wp","href":"https:\/\/api.w.org\/{rel}","templated":true}]}}