{"id":42548,"date":"2024-10-07T17:35:58","date_gmt":"2024-10-07T17:35:58","guid":{"rendered":"http:\/\/historiografija.hr\/?p=42548"},"modified":"2024-10-07T20:05:58","modified_gmt":"2024-10-07T20:05:58","slug":"marija-vulesica-nastanak-politickog-antisemitizma-u-hrvatskoj-i-slavoniji-1879-1906","status":"publish","type":"post","link":"https:\/\/historiografija.hr\/?p=42548","title":{"rendered":"Marija Vulesica, \u201eNastanak politi\u010dkog antisemitizma u Hrvatskoj i Slavoniji 1879. \u2013 1906.\u201c"},"content":{"rendered":"\n<p>Razvoj i oblikovanje politi\u010dkog antisemitizma u Hrvatskoj i Slavoniji na prijelazu iz 19. u 20. stolje\u0107e prikazan je kronolo\u0161ki. Nakon uvoda, u prvom su poglavlju predstavljeni povijesni kontekst i, prije svega, stranke koje su djelovale, njihove politi\u010dke linije, njihovi protagonisti i njihov tisak. Nakon opisa stranaka daje se sa\u017eet prikaz povijesti \u017didova u Hrvatskoj i Slavoniji. Iako se antisemitizam ne shva\u0107a primarno kao dio \u017eidovske povijesti, on je u razli\u010ditoj mjeri utjecao na europske \u017didove. Povijest hrvatskih \u017didova uglavnom je nepoznata \u010ditala\u010dkoj (stru\u010dnoj) publici izvan Hrvatske. Ovdje nije ocrtana samo zbog toga, ve\u0107 i zato da bi se pojasnio hrvatsko-\u017eidovski (tj. kr\u0161\u0107ansko-\u017eidovski) kontekst. Tre\u0107e poglavlje pokriva 1880-e, a \u010detvrto 1890-e godine. U petom je poglavlju u prvom planu razdoblje izme\u0111u 1901. i 1906, pri \u010demu se istra\u017eivanje na pojedinim mjestima produ\u017euje do 1910. godine.<\/p>\n\n\n\n<p>Preveli Ivana Cvijovi\u0107 Javorina i Marko Javorina.<\/p>\n\n\n\n<hr class=\"wp-block-separator\"\/>\n\n\n\n<p>Izvor:<\/p>\n\n\n\n<figure class=\"wp-block-embed-wordpress wp-block-embed is-type-wp-embed is-provider-srednja-europa\"><div class=\"wp-block-embed__wrapper\">\n<blockquote class=\"wp-embedded-content\" data-secret=\"5IsHfpph1O\"><a href=\"https:\/\/srednja-europa.hr\/nove-knjige\/nova-knjiga-nastanak-politickog-antisemitizma-u-hrvatskoj-i-slavoniji-1879-1906-marija-vulesica\/\">NOVA KNJIGA!! Nastanak politi\u010dkog antisemitizma. U Hrvatskoj i Slavoniji 1879. \u2013 1906., Marija Vulesica<\/a><\/blockquote><iframe loading=\"lazy\" class=\"wp-embedded-content\" sandbox=\"allow-scripts\" security=\"restricted\" style=\"position: absolute; clip: rect(1px, 1px, 1px, 1px);\" title=\"&#8220;NOVA KNJIGA!! Nastanak politi\u010dkog antisemitizma. U Hrvatskoj i Slavoniji 1879. \u2013 1906., Marija Vulesica&#8221; &#8212; Srednja Europa\" src=\"https:\/\/srednja-europa.hr\/nove-knjige\/nova-knjiga-nastanak-politickog-antisemitizma-u-hrvatskoj-i-slavoniji-1879-1906-marija-vulesica\/embed\/#?secret=5IsHfpph1O\" data-secret=\"5IsHfpph1O\" width=\"600\" height=\"338\" frameborder=\"0\" marginwidth=\"0\" marginheight=\"0\" scrolling=\"no\"><\/iframe>\n<\/div><\/figure>\n\n\n\n<hr class=\"wp-block-separator\"\/>\n\n\n\n<p>Obavijest je objavljena i na portalu <strong>Historiografija.ba<\/strong>:<\/p>\n\n\n\n<p><a href=\"https:\/\/historiografija.ba\/knjige\/jugoistocna-evropa\/nastanak-politickog-antisemitizma\">https:\/\/historiografija.ba\/knjige\/jugoistocna-evropa\/nastanak-politickog-antisemitizma<\/a><\/p>\n\n\n\n<hr class=\"wp-block-separator\"\/>\n","protected":false},"excerpt":{"rendered":"","protected":false},"author":2,"featured_media":42549,"comment_status":"open","ping_status":"open","sticky":false,"template":"","format":"standard","meta":{"_acf_changed":false,"jetpack_post_was_ever_published":false,"_jetpack_newsletter_access":"","_jetpack_dont_email_post_to_subs":false,"_jetpack_newsletter_tier_id":0,"_jetpack_memberships_contains_paywalled_content":false,"_jetpack_memberships_contains_paid_content":false,"footnotes":"","jetpack_publicize_message":"","jetpack_publicize_feature_enabled":true,"jetpack_social_post_already_shared":true,"jetpack_social_options":{"image_generator_settings":{"template":"highway","default_image_id":0,"font":"","enabled":false},"version":2}},"categories":[8,3],"tags":[],"class_list":["post-42548","post","type-post","status-publish","format-standard","has-post-thumbnail","hentry","category-knjige","category-novosti"],"acf":{"facebook_opis":""},"jetpack_publicize_connections":[],"jetpack_featured_media_url":"https:\/\/i0.wp.com\/historiografija.hr\/wp-content\/uploads\/2024\/10\/vulesica-politicki-antisemitizam.jpg?fit=450%2C645&ssl=1","jetpack_sharing_enabled":true,"jetpack-related-posts":[],"_links":{"self":[{"href":"https:\/\/historiografija.hr\/index.php?rest_route=\/wp\/v2\/posts\/42548","targetHints":{"allow":["GET"]}}],"collection":[{"href":"https:\/\/historiografija.hr\/index.php?rest_route=\/wp\/v2\/posts"}],"about":[{"href":"https:\/\/historiografija.hr\/index.php?rest_route=\/wp\/v2\/types\/post"}],"author":[{"embeddable":true,"href":"https:\/\/historiografija.hr\/index.php?rest_route=\/wp\/v2\/users\/2"}],"replies":[{"embeddable":true,"href":"https:\/\/historiografija.hr\/index.php?rest_route=%2Fwp%2Fv2%2Fcomments&post=42548"}],"version-history":[{"count":3,"href":"https:\/\/historiografija.hr\/index.php?rest_route=\/wp\/v2\/posts\/42548\/revisions"}],"predecessor-version":[{"id":42561,"href":"https:\/\/historiografija.hr\/index.php?rest_route=\/wp\/v2\/posts\/42548\/revisions\/42561"}],"wp:featuredmedia":[{"embeddable":true,"href":"https:\/\/historiografija.hr\/index.php?rest_route=\/wp\/v2\/media\/42549"}],"wp:attachment":[{"href":"https:\/\/historiografija.hr\/index.php?rest_route=%2Fwp%2Fv2%2Fmedia&parent=42548"}],"wp:term":[{"taxonomy":"category","embeddable":true,"href":"https:\/\/historiografija.hr\/index.php?rest_route=%2Fwp%2Fv2%2Fcategories&post=42548"},{"taxonomy":"post_tag","embeddable":true,"href":"https:\/\/historiografija.hr\/index.php?rest_route=%2Fwp%2Fv2%2Ftags&post=42548"}],"curies":[{"name":"wp","href":"https:\/\/api.w.org\/{rel}","templated":true}]}}