{"id":42533,"date":"2024-10-04T17:07:38","date_gmt":"2024-10-04T17:07:38","guid":{"rendered":"http:\/\/historiografija.hr\/?p=42533"},"modified":"2024-11-13T08:40:12","modified_gmt":"2024-11-13T08:40:12","slug":"polemicki-odjeci-povodom-prikazivanja-dokumentarne-serije-partija","status":"publish","type":"post","link":"https:\/\/historiografija.hr\/?p=42533","title":{"rendered":"Polemi\u010dki odjeci prikazivanja dokumentarne serije \u201ePartija\u201c"},"content":{"rendered":"\n<p>U prilogu Tportala su\u010deljeni su polemi\u010dki komentari povjesni\u010dara Hrvoja Klasi\u0107a i Zlatka Hasanbegovi\u0107a o dokumentarnoj seriji \u201ePartija\u201c, \u010dija je 1. epizoda prikazana na HTV-u u \u010detvrtak, 3. listopada 2024. godine. Kasnije je objavljen komentar Dragana Markovine u &#8220;Telegramu&#8221; i drugi polemi\u010dki prilozi.<\/p>\n\n\n\n<hr class=\"wp-block-separator\"\/>\n\n\n\n<p>Iz medija:<\/p>\n\n\n\n<p><a href=\"https:\/\/www.tportal.hr\/kultura\/clanak\/na-hrt-u-krenula-serija-o-kpj-suocili-smo-klasica-i-hasanbegovica-evo-sto-kazu-foto-20241004\">https:\/\/www.tportal.hr\/kultura\/clanak\/na-hrt-u-krenula-serija-o-kpj-suocili-smo-klasica-i-hasanbegovica-evo-sto-kazu-foto-20241004<\/a><\/p>\n\n\n\n<hr class=\"wp-block-separator\"\/>\n\n\n\n<p><a href=\"https:\/\/direktno.hr\/domovina\/hasanbegovic-protiv-klasica-vidjeli-smo-neoborive-cinjenice-o-zlocinackom-temelju-titoizma-356208\/\">https:\/\/direktno.hr\/domovina\/hasanbegovic-protiv-klasica-vidjeli-smo-neoborive-cinjenice-o-zlocinackom-temelju-titoizma-356208\/<\/a><\/p>\n\n\n\n<hr class=\"wp-block-separator\"\/>\n\n\n\n<figure class=\"wp-block-embed-wordpress wp-block-embed is-type-wp-embed is-provider-savez-antifasistickih-boraca-i-antifasista-republike-hrvatske\"><div class=\"wp-block-embed__wrapper\">\n<blockquote class=\"wp-embedded-content\" data-secret=\"ZDX2FLi2Wh\"><a href=\"https:\/\/sabh.hr\/na-hrt-u-krenula-serija-o-kpj-suocili-smo-klasica-i-hasanbegovica-evo-sto-kazu\/\">Na HRT-u krenula serija o KPJ: Suo\u010dili smo Klasi\u0107a i Hasanbegovi\u0107a, evo \u0161to ka\u017eu<\/a><\/blockquote><iframe loading=\"lazy\" class=\"wp-embedded-content\" sandbox=\"allow-scripts\" security=\"restricted\" style=\"position: absolute; clip: rect(1px, 1px, 1px, 1px);\" title=\"&#8220;Na HRT-u krenula serija o KPJ: Suo\u010dili smo Klasi\u0107a i Hasanbegovi\u0107a, evo \u0161to ka\u017eu&#8221; &#8212; Savez antifa\u0161isti\u010dkih boraca i antifa\u0161ista Republike Hrvatske\" src=\"https:\/\/sabh.hr\/na-hrt-u-krenula-serija-o-kpj-suocili-smo-klasica-i-hasanbegovica-evo-sto-kazu\/embed\/#?secret=zKd24eRzWw#?secret=ZDX2FLi2Wh\" data-secret=\"ZDX2FLi2Wh\" width=\"600\" height=\"338\" frameborder=\"0\" marginwidth=\"0\" marginheight=\"0\" scrolling=\"no\"><\/iframe>\n<\/div><\/figure>\n\n\n\n<hr class=\"wp-block-separator\"\/>\n\n\n\n<p><a href=\"https:\/\/historiografija.ba\/clanci-i-polemike\/da-li-je-serija-partija-primjer-povijesnog-revizionizma\">https:\/\/historiografija.ba\/clanci-i-polemike\/da-li-je-serija-partija-primjer-povijesnog-revizionizma<\/a><\/p>\n\n\n\n<hr class=\"wp-block-separator\"\/>\n\n\n\n<p><a href=\"https:\/\/www.popodnevnik.hr\/blog\/Spiljkov-hagiograf-i-pupovcev-voditelj-hrvoje-klasic-nije-zadovoljan-partijom-klasican-povijesni-revizionizam\/388\">https:\/\/www.popodnevnik.hr\/blog\/Spiljkov-hagiograf-i-pupovcev-voditelj-hrvoje-klasic-nije-zadovoljan-partijom-klasican-povijesni-revizionizam\/388<\/a><\/p>\n\n\n\n<hr class=\"wp-block-separator\"\/>\n\n\n\n<p><a href=\"https:\/\/direktno.hr\/domovina\/malic-ne-moze-vjerovati-sto-napravio-klasic-i-svi-zagrebacki-ljevicari-356229\/\">https:\/\/direktno.hr\/domovina\/malic-ne-moze-vjerovati-sto-napravio-klasic-i-svi-zagrebacki-ljevicari-356229\/<\/a><\/p>\n\n\n\n<figure class=\"wp-block-embed-wordpress wp-block-embed is-type-wp-embed is-provider-hrvatska-danas\"><div class=\"wp-block-embed__wrapper\">\n<blockquote class=\"wp-embedded-content\" data-secret=\"XMLZNPAa6Y\"><a href=\"https:\/\/hrvatska-danas.com\/2024\/10\/05\/malic-o-klasicu-a-sada-cini-i-nesto-puno-gluplje-i-gore-te-zlocine-pravda-mozda-pise-snima-pozira-i-ceslja-se-kao-narcisoidno-blebetalo-ali\/\">Mali\u0107 o Klasi\u0107u: A sada \u010dini i ne\u0161to puno gluplje i gore. Te zlo\u010dine pravda. Mo\u017eda pi\u0161e, snima, pozira i \u010de\u0161lja se kao narcisoidno blebetalo, ali&#8230;<\/a><\/blockquote><iframe loading=\"lazy\" class=\"wp-embedded-content\" sandbox=\"allow-scripts\" security=\"restricted\" style=\"position: absolute; clip: rect(1px, 1px, 1px, 1px);\" title=\"&#8220;Mali\u0107 o Klasi\u0107u: A sada \u010dini i ne\u0161to puno gluplje i gore. Te zlo\u010dine pravda. Mo\u017eda pi\u0161e, snima, pozira i \u010de\u0161lja se kao narcisoidno blebetalo, ali&#8230;&#8221; &#8212; Hrvatska danas\" src=\"https:\/\/hrvatska-danas.com\/2024\/10\/05\/malic-o-klasicu-a-sada-cini-i-nesto-puno-gluplje-i-gore-te-zlocine-pravda-mozda-pise-snima-pozira-i-ceslja-se-kao-narcisoidno-blebetalo-ali\/embed\/#?secret=ocPhH93JN0#?secret=XMLZNPAa6Y\" data-secret=\"XMLZNPAa6Y\" width=\"600\" height=\"338\" frameborder=\"0\" marginwidth=\"0\" marginheight=\"0\" scrolling=\"no\"><\/iframe>\n<\/div><\/figure>\n\n\n\n<hr class=\"wp-block-separator\"\/>\n\n\n\n<figure class=\"wp-block-embed-wordpress wp-block-embed is-type-wp-embed is-provider-croativ-net\"><div class=\"wp-block-embed__wrapper\">\n<blockquote class=\"wp-embedded-content\" data-secret=\"hR4k7GGekp\"><a href=\"https:\/\/croativ.net\/marijacic-tracak-nade-u-malicevoj-tv-seriji-o-titinim-ubojicama-ali-63007\/\">Marija\u010di\u0107: Tra\u010dak nade u Mali\u0107evoj TV-seriji o partizanskim ubojicama, ali&#8230;<\/a><\/blockquote><iframe loading=\"lazy\" class=\"wp-embedded-content\" sandbox=\"allow-scripts\" security=\"restricted\" style=\"position: absolute; clip: rect(1px, 1px, 1px, 1px);\" title=\"&#8220;Marija\u010di\u0107: Tra\u010dak nade u Mali\u0107evoj TV-seriji o partizanskim ubojicama, ali&#8230;&#8221; &#8212; Croativ.net\" src=\"https:\/\/croativ.net\/marijacic-tracak-nade-u-malicevoj-tv-seriji-o-titinim-ubojicama-ali-63007\/embed\/#?secret=eSPAmOc9Xz#?secret=hR4k7GGekp\" data-secret=\"hR4k7GGekp\" width=\"600\" height=\"338\" frameborder=\"0\" marginwidth=\"0\" marginheight=\"0\" scrolling=\"no\"><\/iframe>\n<\/div><\/figure>\n\n\n\n<hr class=\"wp-block-separator\"\/>\n\n\n\n<p><a href=\"https:\/\/direktno.hr\/domovina\/povjesnicarka-reagirala-malicevu-seriju-li-i-ovo-reinterpretacija-povijestig-356198\/\">https:\/\/direktno.hr\/domovina\/povjesnicarka-reagirala-malicevu-seriju-li-i-ovo-reinterpretacija-povijestig-356198\/<\/a><\/p>\n\n\n\n<hr class=\"wp-block-separator\"\/>\n\n\n\n<p><a href=\"https:\/\/www.telegram.hr\/politika-kriminal\/nova-hrt-ova-serija-zeli-svesti-ustase-i-partizane-na-isto-skolski-je-to-primjer-manipuliranja-povijescu\/\">https:\/\/www.telegram.hr\/politika-kriminal\/nova-hrt-ova-serija-zeli-svesti-ustase-i-partizane-na-isto-skolski-je-to-primjer-manipuliranja-povijescu\/<\/a><\/p>\n\n\n\n<hr class=\"wp-block-separator\"\/>\n\n\n\n<figure class=\"wp-block-embed-wordpress wp-block-embed is-type-wp-embed is-provider-autograf-hr\"><div class=\"wp-block-embed__wrapper\">\n<blockquote class=\"wp-embedded-content\" data-secret=\"qakXsPn0UA\"><a href=\"https:\/\/autograf.hr\/novinar-malic-i-ministar-anusic-misle-da-je-porfirije-cetnik\/\">Novinar Mali\u0107 i ministar Anu\u0161i\u0107 misle da je Porfirije \u010detnik?<\/a><\/blockquote><iframe loading=\"lazy\" class=\"wp-embedded-content\" sandbox=\"allow-scripts\" security=\"restricted\" style=\"position: absolute; clip: rect(1px, 1px, 1px, 1px);\" title=\"&#8220;Novinar Mali\u0107 i ministar Anu\u0161i\u0107 misle da je Porfirije \u010detnik?&#8221; &#8212; Autograf.hr\" src=\"https:\/\/autograf.hr\/novinar-malic-i-ministar-anusic-misle-da-je-porfirije-cetnik\/embed\/#?secret=x0ZKb4LhxA#?secret=qakXsPn0UA\" data-secret=\"qakXsPn0UA\" width=\"600\" height=\"338\" frameborder=\"0\" marginwidth=\"0\" marginheight=\"0\" scrolling=\"no\"><\/iframe>\n<\/div><\/figure>\n\n\n\n<hr class=\"wp-block-separator\"\/>\n\n\n\n<p><a href=\"https:\/\/www.jutarnji.hr\/kultura\/film-i-televizija\/kontroverzna-serija-hrt-a-gledao-sam-kako-mirnim-glasom-prica-o-zlocinima-svojeg-oca-koji-je-1945-strijeljao-citave-obitelji-15520887\">https:\/\/www.jutarnji.hr\/kultura\/film-i-televizija\/kontroverzna-serija-hrt-a-gledao-sam-kako-mirnim-glasom-prica-o-zlocinima-svojeg-oca-koji-je-1945-strijeljao-citave-obitelji-15520887<\/a><\/p>\n\n\n\n<hr class=\"wp-block-separator\"\/>\n\n\n\n<p><a href=\"https:\/\/direktno.hr\/direkt\/malic-misli-da-mu-seriju-guraju-u-plus-18-termin-zadnja-epizoda-moja-je-mezimica-357599\/\">https:\/\/direktno.hr\/direkt\/malic-misli-da-mu-seriju-guraju-u-plus-18-termin-zadnja-epizoda-moja-je-mezimica-357599\/<\/a><\/p>\n\n\n\n<hr class=\"wp-block-separator\"\/>\n\n\n\n<figure class=\"wp-block-embed-wordpress wp-block-embed is-type-wp-embed is-provider-historiografija-hr\"><div class=\"wp-block-embed__wrapper\">\n<blockquote class=\"wp-embedded-content\" data-secret=\"0T62RPsp2l\"><a href=\"https:\/\/historiografija.hr\/?p=42597\">Branimir Jankovi\u0107: \u201eNasilje na Balkanu je previ\u0161e opisano, a premalo obja\u0161njeno\u201c. Povodom polemika o seriji \u201ePartija\u201c<\/a><\/blockquote><iframe loading=\"lazy\" class=\"wp-embedded-content\" sandbox=\"allow-scripts\" security=\"restricted\" style=\"position: absolute; clip: rect(1px, 1px, 1px, 1px);\" title=\"&#8220;Branimir Jankovi\u0107: \u201eNasilje na Balkanu je previ\u0161e opisano, a premalo obja\u0161njeno\u201c. Povodom polemika o seriji \u201ePartija\u201c&#8221; &#8212; Historiografija.hr\" src=\"https:\/\/historiografija.hr\/?p=42597&#038;embed=true#?secret=0T62RPsp2l\" data-secret=\"0T62RPsp2l\" width=\"600\" height=\"338\" frameborder=\"0\" marginwidth=\"0\" marginheight=\"0\" scrolling=\"no\"><\/iframe>\n<\/div><\/figure>\n\n\n\n<hr class=\"wp-block-separator\"\/>\n\n\n\n<figure class=\"wp-block-embed-wordpress wp-block-embed is-type-wp-embed is-provider-historiografija-hr\"><div class=\"wp-block-embed__wrapper\">\n<blockquote class=\"wp-embedded-content\" data-secret=\"MiNDWfe3m6\"><a href=\"https:\/\/historiografija.hr\/?p=42634\">Matko Globa\u010dnik: Kratka napomena uz tekst \u201e&#8217;Nasilje na Balkanu je previ\u0161e opisano, a premalo obja\u0161njeno&#8217;. Povodom polemika o seriji &#8216;Partija&#8217;\u201c Branimira Jankovi\u0107a<\/a><\/blockquote><iframe loading=\"lazy\" class=\"wp-embedded-content\" sandbox=\"allow-scripts\" security=\"restricted\" style=\"position: absolute; clip: rect(1px, 1px, 1px, 1px);\" title=\"&#8220;Matko Globa\u010dnik: Kratka napomena uz tekst \u201e&#8217;Nasilje na Balkanu je previ\u0161e opisano, a premalo obja\u0161njeno&#8217;. Povodom polemika o seriji &#8216;Partija&#8217;\u201c Branimira Jankovi\u0107a&#8221; &#8212; Historiografija.hr\" src=\"https:\/\/historiografija.hr\/?p=42634&#038;embed=true#?secret=MiNDWfe3m6\" data-secret=\"MiNDWfe3m6\" width=\"600\" height=\"338\" frameborder=\"0\" marginwidth=\"0\" marginheight=\"0\" scrolling=\"no\"><\/iframe>\n<\/div><\/figure>\n\n\n\n<hr class=\"wp-block-separator\"\/>\n\n\n\n<figure class=\"wp-block-embed-wordpress wp-block-embed is-type-wp-embed is-provider-historiografija-hr\"><div class=\"wp-block-embed__wrapper\">\n<blockquote class=\"wp-embedded-content\" data-secret=\"kOgBjPJNNM\"><a href=\"https:\/\/historiografija.hr\/?p=42483\">HRT prikazuje dokumentarnu seriju \u201ePartija\u201c (1\/5)<\/a><\/blockquote><iframe loading=\"lazy\" class=\"wp-embedded-content\" sandbox=\"allow-scripts\" security=\"restricted\" style=\"position: absolute; clip: rect(1px, 1px, 1px, 1px);\" title=\"&#8220;HRT prikazuje dokumentarnu seriju \u201ePartija\u201c (1\/5)&#8221; &#8212; Historiografija.hr\" src=\"https:\/\/historiografija.hr\/?p=42483&#038;embed=true#?secret=kOgBjPJNNM\" data-secret=\"kOgBjPJNNM\" width=\"600\" height=\"338\" frameborder=\"0\" marginwidth=\"0\" marginheight=\"0\" scrolling=\"no\"><\/iframe>\n<\/div><\/figure>\n\n\n\n<hr class=\"wp-block-separator\"\/>\n","protected":false},"excerpt":{"rendered":"","protected":false},"author":2,"featured_media":42484,"comment_status":"open","ping_status":"open","sticky":false,"template":"","format":"standard","meta":{"_acf_changed":false,"jetpack_post_was_ever_published":false,"_jetpack_newsletter_access":"","_jetpack_dont_email_post_to_subs":false,"_jetpack_newsletter_tier_id":0,"_jetpack_memberships_contains_paywalled_content":false,"_jetpack_memberships_contains_paid_content":false,"footnotes":"","jetpack_publicize_message":"","jetpack_publicize_feature_enabled":true,"jetpack_social_post_already_shared":true,"jetpack_social_options":{"image_generator_settings":{"template":"highway","default_image_id":0,"font":"","enabled":false},"version":2}},"categories":[13,3,17],"tags":[],"class_list":["post-42533","post","type-post","status-publish","format-standard","has-post-thumbnail","hentry","category-filmovi-i-serije","category-novosti","category-rasprave"],"acf":{"facebook_opis":""},"jetpack_publicize_connections":[],"jetpack_featured_media_url":"https:\/\/i0.wp.com\/historiografija.hr\/wp-content\/uploads\/2024\/10\/Partija.jpg?fit=960%2C421&ssl=1","jetpack_sharing_enabled":true,"jetpack-related-posts":[{"id":52547,"url":"https:\/\/historiografija.hr\/?p=52547","url_meta":{"origin":42533,"position":0},"title":"ISHA Zagreb \u2013 Filmska ve\u010der: Povratak Martina Guerrea","author":"Branimir Jankovi\u0107","date":"20. travnja 2026.","format":false,"excerpt":"Klub studenata povijesti \u2013 ISHA Zagreb poziva Vas na filmsku ve\u010der na kojoj \u0107e se prikazivati \u201ePovratak Martina Guerrea\u201c, povijesna drama iz 1982. godine s radnjom smje\u0161tenom u 16. stolje\u0107u. Radnja je utemeljena na stvarnoj povijesnoj li\u010dnosti Martina Guerrea koji se nakon mnogo godina izbivanja vra\u0107a u svoje rodno mjesto\u2026","rel":"","context":"U &quot;Filmovi i serije&quot;","block_context":{"text":"Filmovi i serije","link":"https:\/\/historiografija.hr\/?cat=13"},"img":{"alt_text":"","src":"https:\/\/i0.wp.com\/historiografija.hr\/wp-content\/uploads\/2026\/04\/M-Guerre.png?fit=702%2C1006&ssl=1&resize=350%2C200","width":350,"height":200,"srcset":"https:\/\/i0.wp.com\/historiografija.hr\/wp-content\/uploads\/2026\/04\/M-Guerre.png?fit=702%2C1006&ssl=1&resize=350%2C200 1x, https:\/\/i0.wp.com\/historiografija.hr\/wp-content\/uploads\/2026\/04\/M-Guerre.png?fit=702%2C1006&ssl=1&resize=525%2C300 1.5x, https:\/\/i0.wp.com\/historiografija.hr\/wp-content\/uploads\/2026\/04\/M-Guerre.png?fit=702%2C1006&ssl=1&resize=700%2C400 2x"},"classes":[]},{"id":52505,"url":"https:\/\/historiografija.hr\/?p=52505","url_meta":{"origin":42533,"position":1},"title":"Izlo\u017eba &#8220;Eschenstock \/ Jasenov prut&#8221;","author":"Branimir Jankovi\u0107","date":"17. travnja 2026.","format":false,"excerpt":"Srpsko narodno vije\u0107e (SNV) i Vizura aperta postavljaju izlo\u017ebu \u0161vicarskog slikara Velimira Ili\u0161evi\u0107a: Eschenstock \/ Jasenov prut. Izlo\u017eba se uz prisustvo autora otvara povodom 81. godi\u0161njice proboja logora\u0161a iz usta\u0161kog logora smrti Jasenovac 22. aprila 2026. u 19 sati u Srpskom kulturnom centru (SKC) u Preradovi\u0107evoj ulici 21 u Zagrebu.\u2026","rel":"","context":"U &quot;Izlo\u017ebe&quot;","block_context":{"text":"Izlo\u017ebe","link":"https:\/\/historiografija.hr\/?cat=10"},"img":{"alt_text":"","src":"https:\/\/i0.wp.com\/historiografija.hr\/wp-content\/uploads\/2026\/04\/Jasenov_prut.jpg?fit=1024%2C640&ssl=1&resize=350%2C200","width":350,"height":200,"srcset":"https:\/\/i0.wp.com\/historiografija.hr\/wp-content\/uploads\/2026\/04\/Jasenov_prut.jpg?fit=1024%2C640&ssl=1&resize=350%2C200 1x, https:\/\/i0.wp.com\/historiografija.hr\/wp-content\/uploads\/2026\/04\/Jasenov_prut.jpg?fit=1024%2C640&ssl=1&resize=525%2C300 1.5x, https:\/\/i0.wp.com\/historiografija.hr\/wp-content\/uploads\/2026\/04\/Jasenov_prut.jpg?fit=1024%2C640&ssl=1&resize=700%2C400 2x"},"classes":[]},{"id":52556,"url":"https:\/\/historiografija.hr\/?p=52556","url_meta":{"origin":42533,"position":2},"title":"ZagrebDox 2026.","author":"Branimir Jankovi\u0107","date":"20. travnja 2026.","format":false,"excerpt":"Me\u0111unarodni festival dokumentarnog filma 19. - 26. travnja 2026. Kaptol Boutique Cinema, Zagreb Program i dodatne obavijesti: https:\/\/zagrebdox.net\/hr","rel":"","context":"U &quot;Filmovi i serije&quot;","block_context":{"text":"Filmovi i serije","link":"https:\/\/historiografija.hr\/?cat=13"},"img":{"alt_text":"","src":"https:\/\/i0.wp.com\/historiografija.hr\/wp-content\/uploads\/2026\/04\/DOX-logo.jpg?fit=600%2C600&ssl=1&resize=350%2C200","width":350,"height":200,"srcset":"https:\/\/i0.wp.com\/historiografija.hr\/wp-content\/uploads\/2026\/04\/DOX-logo.jpg?fit=600%2C600&ssl=1&resize=350%2C200 1x, https:\/\/i0.wp.com\/historiografija.hr\/wp-content\/uploads\/2026\/04\/DOX-logo.jpg?fit=600%2C600&ssl=1&resize=525%2C300 1.5x"},"classes":[]},{"id":52569,"url":"https:\/\/historiografija.hr\/?p=52569","url_meta":{"origin":42533,"position":3},"title":"[Predavanje] Ne \u010dekaju\u0107i inspiraciju \u2013 anga\u017eovane intelektualne, kulturalne i umetni\u010dke prakse u me\u0111uratnom periodu: teorija i praksa kriti\u010dke levice u jugoslovenskoj kulturi (YugoLab)","author":"Branimir Jankovi\u0107","date":"21. travnja 2026.","format":false,"excerpt":"U vreme agresivnog ja\u010danja globalne desnice, (pro)fa\u0161isti\u010dkih, rasisti\u010dkih i imperijalisti\u010dkih politika, dok je istovremeno globalna levica izrazito slaba, a progresivni pokreti atomizirani i fragmentisani, va\u017eno je iz savremene perspektive vratiti se revolucionarnim i emancipatorskim zbivanjima u jugoslovenskom (ali i s njima u vezi internacionalnim de\u0161avanjima), kao i dru\u0161tvenoj ulozi kulturalnih\u2026","rel":"","context":"U &quot;Novosti&quot;","block_context":{"text":"Novosti","link":"https:\/\/historiografija.hr\/?cat=3"},"img":{"alt_text":"","src":"","width":0,"height":0},"classes":[]},{"id":52528,"url":"https:\/\/historiografija.hr\/?p=52528","url_meta":{"origin":42533,"position":4},"title":"[Promocija knjige] Banja Luka u ratu: Etnopolitika i svakodnevica (1990\u20131995) (ActiveLab, YugoLab)","author":"Branimir Jankovi\u0107","date":"17. travnja 2026.","format":false,"excerpt":"Institut za filozofiju i dru\u0161tvenu teoriju i O\u0161tra Nula organizuju promociju knjige Banja Luka u ratu: Etnopolitika i svakodnevica (1990\u20131995) autorke Armine Galija\u0161, koja \u0107e se odr\u017eati 20. aprila 2026. u 12.00 sati u prostorijama Instituta (Kraljice Natalije 45, Beograd). Re\u010d je o prvom nau\u010dno utemeljenom i sistematskom radu koji\u2026","rel":"","context":"U &quot;Novosti&quot;","block_context":{"text":"Novosti","link":"https:\/\/historiografija.hr\/?cat=3"},"img":{"alt_text":"","src":"https:\/\/i0.wp.com\/historiografija.hr\/wp-content\/uploads\/2026\/04\/20-april-RS.jpg?fit=1200%2C675&ssl=1&resize=350%2C200","width":350,"height":200,"srcset":"https:\/\/i0.wp.com\/historiografija.hr\/wp-content\/uploads\/2026\/04\/20-april-RS.jpg?fit=1200%2C675&ssl=1&resize=350%2C200 1x, https:\/\/i0.wp.com\/historiografija.hr\/wp-content\/uploads\/2026\/04\/20-april-RS.jpg?fit=1200%2C675&ssl=1&resize=525%2C300 1.5x, https:\/\/i0.wp.com\/historiografija.hr\/wp-content\/uploads\/2026\/04\/20-april-RS.jpg?fit=1200%2C675&ssl=1&resize=700%2C400 2x, https:\/\/i0.wp.com\/historiografija.hr\/wp-content\/uploads\/2026\/04\/20-april-RS.jpg?fit=1200%2C675&ssl=1&resize=1050%2C600 3x"},"classes":[]},{"id":52563,"url":"https:\/\/historiografija.hr\/?p=52563","url_meta":{"origin":42533,"position":5},"title":"Predavanje Nenada Fabijani\u0107a o stadionu Poljud u Splitu","author":"Branimir Jankovi\u0107","date":"21. travnja 2026.","format":false,"excerpt":"Znanstveno vije\u0107e za arhitekturu, urbanizam i ure\u0111enje prostora Hrvatske akademije znanosti i umjetnosti organizira predavanje \u201cPo Poljudu\u201d koje \u0107e u srijedu 22. travnja 2026. s po\u010detkom u 14 sati u Knji\u017enici HAZU, Strossmayerov trg 14 u Zagrebu, odr\u017eati\u00a0prof. emerit. dr. art. Nenad Fabijani\u0107,\u00a0\u010dlan suradnik HAZU. Predavanje \u201ePo Poljudu\u201c (Projekt obnove)\u2026","rel":"","context":"U &quot;Novosti&quot;","block_context":{"text":"Novosti","link":"https:\/\/historiografija.hr\/?cat=3"},"img":{"alt_text":"","src":"https:\/\/i0.wp.com\/historiografija.hr\/wp-content\/uploads\/2026\/04\/Poljud-scaled.jpeg?fit=1200%2C800&ssl=1&resize=350%2C200","width":350,"height":200,"srcset":"https:\/\/i0.wp.com\/historiografija.hr\/wp-content\/uploads\/2026\/04\/Poljud-scaled.jpeg?fit=1200%2C800&ssl=1&resize=350%2C200 1x, https:\/\/i0.wp.com\/historiografija.hr\/wp-content\/uploads\/2026\/04\/Poljud-scaled.jpeg?fit=1200%2C800&ssl=1&resize=525%2C300 1.5x, https:\/\/i0.wp.com\/historiografija.hr\/wp-content\/uploads\/2026\/04\/Poljud-scaled.jpeg?fit=1200%2C800&ssl=1&resize=700%2C400 2x, https:\/\/i0.wp.com\/historiografija.hr\/wp-content\/uploads\/2026\/04\/Poljud-scaled.jpeg?fit=1200%2C800&ssl=1&resize=1050%2C600 3x"},"classes":[]}],"_links":{"self":[{"href":"https:\/\/historiografija.hr\/index.php?rest_route=\/wp\/v2\/posts\/42533","targetHints":{"allow":["GET"]}}],"collection":[{"href":"https:\/\/historiografija.hr\/index.php?rest_route=\/wp\/v2\/posts"}],"about":[{"href":"https:\/\/historiografija.hr\/index.php?rest_route=\/wp\/v2\/types\/post"}],"author":[{"embeddable":true,"href":"https:\/\/historiografija.hr\/index.php?rest_route=\/wp\/v2\/users\/2"}],"replies":[{"embeddable":true,"href":"https:\/\/historiografija.hr\/index.php?rest_route=%2Fwp%2Fv2%2Fcomments&post=42533"}],"version-history":[{"count":12,"href":"https:\/\/historiografija.hr\/index.php?rest_route=\/wp\/v2\/posts\/42533\/revisions"}],"predecessor-version":[{"id":43249,"href":"https:\/\/historiografija.hr\/index.php?rest_route=\/wp\/v2\/posts\/42533\/revisions\/43249"}],"wp:featuredmedia":[{"embeddable":true,"href":"https:\/\/historiografija.hr\/index.php?rest_route=\/wp\/v2\/media\/42484"}],"wp:attachment":[{"href":"https:\/\/historiografija.hr\/index.php?rest_route=%2Fwp%2Fv2%2Fmedia&parent=42533"}],"wp:term":[{"taxonomy":"category","embeddable":true,"href":"https:\/\/historiografija.hr\/index.php?rest_route=%2Fwp%2Fv2%2Fcategories&post=42533"},{"taxonomy":"post_tag","embeddable":true,"href":"https:\/\/historiografija.hr\/index.php?rest_route=%2Fwp%2Fv2%2Ftags&post=42533"}],"curies":[{"name":"wp","href":"https:\/\/api.w.org\/{rel}","templated":true}]}}