{"id":42530,"date":"2024-10-04T17:01:06","date_gmt":"2024-10-04T17:01:06","guid":{"rendered":"http:\/\/historiografija.hr\/?p=42530"},"modified":"2024-10-04T17:01:06","modified_gmt":"2024-10-04T17:01:06","slug":"kazimierz-moczarski-razgovori-s-krvnikom","status":"publish","type":"post","link":"https:\/\/historiografija.hr\/?p=42530","title":{"rendered":"Kazimierz Moczarski, \u201eRazgovori s krvnikom\u201c"},"content":{"rendered":"\n<p>Ova knjiga nije samo svjedo\u010danstvo o sudbini i zatvorskim danima dvojice nekada\u0161njih neprijatelja \u2013 njema\u010dkoga nacisti\u010dkog okupatora J\u00fcrgena Stroopa i poljskoga rodoljuba Kazimierza Moczarskog (koji jedan drugome u o\u010di govore da su u ratu radili na me\u0111usobnoj likvidaciji), ve\u0107 i svjedo\u010danstvo o tom kako se nacisti\u010dka ideologija \u0161irila, kako su je rado prihva\u0107ali i obi\u010dni ljudi, i neobrazovani poput Stroopa ali i obrazovani, te se pretvarali u beskrupulozne zlo\u010dince koji ne pre\u017eu likvidirati stotine, tisu\u0107e, desetke i stotine tisu\u0107a ljudi samo zato jer ih smatraju \u201eni\u017eom vrstom\u201c, nedostojnima da \u017eive zajedno\u2026<\/p>\n\n\n\n<p>Poljski \u010dasnik Kazimierz Moczarski proveo je nakon Drugoga&nbsp;svjetskog rata 255 dana u \u0107eliji s nacisti\u010dkim generalom J\u00fcrgenom Stroopom, koji je likvidirao \u017eidovski geto u Var\u0161avi 1943. godine. Moczarski je nakon jedanaest godina zatvora i stra\u0161nih tortura pu\u0161ten na slobodu (1956), a \u010detvrt stolje\u0107a kasnije objavio je ovo nevjerojatno svjedo\u010danstvo o njihovim razgovorima. U knjizi se u tan\u010dine pokazuje narav totalitarnih sustava \u2013 i nacizma i komunisti\u010dkoga staljinizma.<\/p>\n\n\n\n<p>Preveo Slaven Kale<\/p>\n\n\n\n<hr class=\"wp-block-separator\"\/>\n\n\n\n<p>Izvor:<\/p>\n\n\n\n<figure class=\"wp-block-embed-wordpress wp-block-embed is-type-wp-embed is-provider-srednja-europa\"><div class=\"wp-block-embed__wrapper\">\n<blockquote class=\"wp-embedded-content\" data-secret=\"uLErH1CHMI\"><a href=\"https:\/\/srednja-europa.hr\/proizvod\/razgovori-s-krvnikom\/\">Razgovori s krvnikom<\/a><\/blockquote><iframe loading=\"lazy\" class=\"wp-embedded-content\" sandbox=\"allow-scripts\" security=\"restricted\" style=\"position: absolute; clip: rect(1px, 1px, 1px, 1px);\" title=\"&#8220;Razgovori s krvnikom&#8221; &#8212; Srednja Europa\" src=\"https:\/\/srednja-europa.hr\/proizvod\/razgovori-s-krvnikom\/embed\/#?secret=uLErH1CHMI\" data-secret=\"uLErH1CHMI\" width=\"600\" height=\"338\" frameborder=\"0\" marginwidth=\"0\" marginheight=\"0\" scrolling=\"no\"><\/iframe>\n<\/div><\/figure>\n\n\n\n<hr class=\"wp-block-separator\"\/>\n\n\n\n<p>Obavijest je objavljena i na portalu <strong>Historiografija.ba<\/strong>:<\/p>\n\n\n\n<p><a href=\"https:\/\/historiografija.ba\/knjige\/jugoistocna-evropa\/razgovor-s-krvnikom\">https:\/\/historiografija.ba\/knjige\/jugoistocna-evropa\/razgovor-s-krvnikom<\/a><\/p>\n\n\n\n<hr class=\"wp-block-separator\"\/>\n","protected":false},"excerpt":{"rendered":"","protected":false},"author":2,"featured_media":42531,"comment_status":"open","ping_status":"open","sticky":false,"template":"","format":"standard","meta":{"_acf_changed":false,"jetpack_post_was_ever_published":false,"_jetpack_newsletter_access":"","_jetpack_dont_email_post_to_subs":false,"_jetpack_newsletter_tier_id":0,"_jetpack_memberships_contains_paywalled_content":false,"_jetpack_memberships_contains_paid_content":false,"footnotes":"","jetpack_publicize_message":"","jetpack_publicize_feature_enabled":true,"jetpack_social_post_already_shared":true,"jetpack_social_options":{"image_generator_settings":{"template":"highway","default_image_id":0,"font":"","enabled":false},"version":2}},"categories":[8,3],"tags":[],"class_list":["post-42530","post","type-post","status-publish","format-standard","has-post-thumbnail","hentry","category-knjige","category-novosti"],"acf":{"facebook_opis":""},"jetpack_publicize_connections":[],"jetpack_featured_media_url":"https:\/\/i0.wp.com\/historiografija.hr\/wp-content\/uploads\/2024\/10\/moczarski-razgovor-s-krvnikom.jpg?fit=298%2C451&ssl=1","jetpack_sharing_enabled":true,"jetpack-related-posts":[],"_links":{"self":[{"href":"https:\/\/historiografija.hr\/index.php?rest_route=\/wp\/v2\/posts\/42530","targetHints":{"allow":["GET"]}}],"collection":[{"href":"https:\/\/historiografija.hr\/index.php?rest_route=\/wp\/v2\/posts"}],"about":[{"href":"https:\/\/historiografija.hr\/index.php?rest_route=\/wp\/v2\/types\/post"}],"author":[{"embeddable":true,"href":"https:\/\/historiografija.hr\/index.php?rest_route=\/wp\/v2\/users\/2"}],"replies":[{"embeddable":true,"href":"https:\/\/historiografija.hr\/index.php?rest_route=%2Fwp%2Fv2%2Fcomments&post=42530"}],"version-history":[{"count":1,"href":"https:\/\/historiografija.hr\/index.php?rest_route=\/wp\/v2\/posts\/42530\/revisions"}],"predecessor-version":[{"id":42532,"href":"https:\/\/historiografija.hr\/index.php?rest_route=\/wp\/v2\/posts\/42530\/revisions\/42532"}],"wp:featuredmedia":[{"embeddable":true,"href":"https:\/\/historiografija.hr\/index.php?rest_route=\/wp\/v2\/media\/42531"}],"wp:attachment":[{"href":"https:\/\/historiografija.hr\/index.php?rest_route=%2Fwp%2Fv2%2Fmedia&parent=42530"}],"wp:term":[{"taxonomy":"category","embeddable":true,"href":"https:\/\/historiografija.hr\/index.php?rest_route=%2Fwp%2Fv2%2Fcategories&post=42530"},{"taxonomy":"post_tag","embeddable":true,"href":"https:\/\/historiografija.hr\/index.php?rest_route=%2Fwp%2Fv2%2Ftags&post=42530"}],"curies":[{"name":"wp","href":"https:\/\/api.w.org\/{rel}","templated":true}]}}