{"id":42505,"date":"2024-10-02T21:52:38","date_gmt":"2024-10-02T21:52:38","guid":{"rendered":"http:\/\/historiografija.hr\/?p=42505"},"modified":"2024-10-03T21:46:00","modified_gmt":"2024-10-03T21:46:00","slug":"hrvatske-projekcije-dokumentarnog-filma-jedina-zemlja","status":"publish","type":"post","link":"https:\/\/historiografija.hr\/?p=42505","title":{"rendered":"Hrvatske projekcije dokumentarnog filma \u201eJedina zemlja\u201c"},"content":{"rendered":"\n<p>Basel Adra, mladi palestinski aktivist iz Masafer Yatta, od djetinjstva se bori protiv izraelske okupacije u kojoj vojnici protjeruju obitelji i postupno uni\u0161tavaju njegovu zajednicu. Kada Basel upozna Yuvala, izraelskog novinara, zapo\u010dinje njihova zajedni\u010dka borba, koja \u0107e trajati vi\u0161e od pola desetlje\u0107a i tijekom koje \u0107e se dvoje aktivista zbli\u017eiti. No, njihovu slo\u017eenu vezu progoni ekstremna nejednakost: Basel \u017eivi pod brutalnom vojnom okupacijom, dok je Yuval slobodan.<\/p>\n\n\n\n<p><em>Jedina zemlja<\/em>, dokumentarni film koji potpisuje palestinsko-izraelski kolektiv \u010detvero mladih aktivista, nastao je u najmra\u010dnijim i najstra\u0161nijim vremenima u regiji, kao \u010din kreativnog otpora apartheidu. Premijerno prikazan na Berlinaleu u sekciji Panorama, a rije\u010d je o potresnoj pri\u010di o zajedni\u0161tvu i prijateljstvu u nemogu\u0107im uvjetima te o potrazi za jednako\u0161\u0107u i pravdom.<\/p>\n\n\n\n<hr class=\"wp-block-separator\"\/>\n\n\n\n<p>Jedina zemlja<\/p>\n\n\n\n<p>\u017danr: <strong>Dokumentarni<\/strong><\/p>\n\n\n\n<p>Izvorno ime: <strong>No Other Land<\/strong><\/p>\n\n\n\n<p>Godina: <strong>2024 <\/strong>| Trajanje: <strong>98 min<\/strong><\/p>\n\n\n\n<p>Redatelj: <strong>Basel Adra, Hamdan Ballal, Yuval Abraham &amp; Rachel Szor<\/strong><\/p>\n\n\n\n<p>Dr\u017eava: <strong>PS, NO<\/strong><\/p>\n\n\n\n<p>Uloge: <strong>Basel Adra, Hamdan Ballal, Yuval Abraham &amp; Rachel Szor<\/strong><\/p>\n\n\n\n<p>Distribucija: <strong>Restart<\/strong><\/p>\n\n\n\n<hr class=\"wp-block-separator\"\/>\n\n\n\n<p>Izvori i dodatne informacije:<\/p>\n\n\n\n<figure class=\"wp-block-embed-wordpress wp-block-embed is-type-wp-embed is-provider-restart\"><div class=\"wp-block-embed__wrapper\">\n<blockquote class=\"wp-embedded-content\" data-secret=\"xwjJgJJZ5x\"><a href=\"https:\/\/restarted.hr\/novosti\/jedina-zemlja-u-kinima-od-26-rujna\/\">\u201cJedina zemlja\u201d u kinima od 26. rujna<\/a><\/blockquote><iframe loading=\"lazy\" class=\"wp-embedded-content\" sandbox=\"allow-scripts\" security=\"restricted\" style=\"position: absolute; clip: rect(1px, 1px, 1px, 1px);\" title=\"&#8220;\u201cJedina zemlja\u201d u kinima od 26. rujna&#8221; &#8212; Restart\" src=\"https:\/\/restarted.hr\/novosti\/jedina-zemlja-u-kinima-od-26-rujna\/embed\/#?secret=20Kwv8A3lL#?secret=xwjJgJJZ5x\" data-secret=\"xwjJgJJZ5x\" width=\"600\" height=\"338\" frameborder=\"0\" marginwidth=\"0\" marginheight=\"0\" scrolling=\"no\"><\/iframe>\n<\/div><\/figure>\n\n\n\n<figure class=\"wp-block-embed-wordpress wp-block-embed is-type-wp-embed is-provider-dokumentarni-net\"><div class=\"wp-block-embed__wrapper\">\n<blockquote class=\"wp-embedded-content\" data-secret=\"MCMSrtxvg5\"><a href=\"https:\/\/www.dokumentarni.net\/2024\/09\/23\/jedina-zemlja-uskoro-u-hrvatskim-kinima\/\">&#8220;Jedina zemlja&#8221; uskoro u hrvatskim kinima<\/a><\/blockquote><iframe loading=\"lazy\" class=\"wp-embedded-content\" sandbox=\"allow-scripts\" security=\"restricted\" style=\"position: absolute; clip: rect(1px, 1px, 1px, 1px);\" title=\"&#8220;&#8220;Jedina zemlja&#8221; uskoro u hrvatskim kinima&#8221; &#8212; Dokumentarni.net\" src=\"https:\/\/www.dokumentarni.net\/2024\/09\/23\/jedina-zemlja-uskoro-u-hrvatskim-kinima\/embed\/#?secret=c6Dr3ZreU6#?secret=MCMSrtxvg5\" data-secret=\"MCMSrtxvg5\" width=\"600\" height=\"338\" frameborder=\"0\" marginwidth=\"0\" marginheight=\"0\" scrolling=\"no\"><\/iframe>\n<\/div><\/figure>\n\n\n\n<p><a href=\"https:\/\/kinokinoteka.hr\/program\/jedina-zemlja\/\">https:\/\/kinokinoteka.hr\/program\/jedina-zemlja\/<\/a><\/p>\n\n\n\n<figure class=\"wp-block-embed-wordpress wp-block-embed is-type-wp-embed is-provider-dokukino-kic-kino-sa-stavom\"><div class=\"wp-block-embed__wrapper\">\n<blockquote class=\"wp-embedded-content\" data-secret=\"lG3v8S934d\"><a href=\"https:\/\/dokukino.net\/film\/jedina-zemlja\/2024-09-27\/\">Jedina zemlja<\/a><\/blockquote><iframe loading=\"lazy\" class=\"wp-embedded-content\" sandbox=\"allow-scripts\" security=\"restricted\" style=\"position: absolute; clip: rect(1px, 1px, 1px, 1px);\" title=\"&#8220;Jedina zemlja&#8221; &#8212; Dokukino KIC - Kino sa stavom\" src=\"https:\/\/dokukino.net\/film\/jedina-zemlja\/2024-09-27\/embed\/#?secret=pLEHgGBZMZ#?secret=lG3v8S934d\" data-secret=\"lG3v8S934d\" width=\"600\" height=\"338\" frameborder=\"0\" marginwidth=\"0\" marginheight=\"0\" scrolling=\"no\"><\/iframe>\n<\/div><\/figure>\n\n\n\n<p><a href=\"https:\/\/kulturpunkt.hr\/najava\/film\/jedina-zemlja-projekcija-i-razgovor\/\">https:\/\/kulturpunkt.hr\/najava\/film\/jedina-zemlja-projekcija-i-razgovor\/<\/a><\/p>\n\n\n\n<figure class=\"wp-block-embed-wordpress wp-block-embed is-type-wp-embed is-provider-h-alter\"><div class=\"wp-block-embed__wrapper\">\n<blockquote class=\"wp-embedded-content\" data-secret=\"VGba0yM5ZU\"><a href=\"https:\/\/h-alter.org\/sto-nas-ceka\/kultura-sto-nas-ceka\/jedina-zemlja\/\">Jedina zemlja<\/a><\/blockquote><iframe loading=\"lazy\" class=\"wp-embedded-content\" sandbox=\"allow-scripts\" security=\"restricted\" style=\"position: absolute; clip: rect(1px, 1px, 1px, 1px);\" title=\"&#8220;Jedina zemlja&#8221; &#8212; H-Alter\" src=\"https:\/\/h-alter.org\/sto-nas-ceka\/kultura-sto-nas-ceka\/jedina-zemlja\/embed\/#?secret=HLj9vkv9JN#?secret=VGba0yM5ZU\" data-secret=\"VGba0yM5ZU\" width=\"600\" height=\"338\" frameborder=\"0\" marginwidth=\"0\" marginheight=\"0\" scrolling=\"no\"><\/iframe>\n<\/div><\/figure>\n\n\n\n<p><a href=\"https:\/\/www.telegram.hr\/kultura\/ako-zelite-doista-razumjeti-palestince-pogledajte-jedinu-zemlju-sokantno-i-potresno-svjedocanstvo-moralnog-ponora-covjecanstva\/\">https:\/\/www.telegram.hr\/kultura\/ako-zelite-doista-razumjeti-palestince-pogledajte-jedinu-zemlju-sokantno-i-potresno-svjedocanstvo-moralnog-ponora-covjecanstva\/<\/a><\/p>\n\n\n\n<p><a href=\"https:\/\/www.jutarnji.hr\/kultura\/film-i-televizija\/zbog-ovog-su-filma-redatelju-prijetili-smrcu-sada-dolazi-u-hrvatska-kina-potresni-je-to-dokumentarac-o-unistavanju-sela-15505095\">https:\/\/www.jutarnji.hr\/kultura\/film-i-televizija\/zbog-ovog-su-filma-redatelju-prijetili-smrcu-sada-dolazi-u-hrvatska-kina-potresni-je-to-dokumentarac-o-unistavanju-sela-15505095<\/a><\/p>\n\n\n\n<hr class=\"wp-block-separator\"\/>\n","protected":false},"excerpt":{"rendered":"","protected":false},"author":2,"featured_media":42506,"comment_status":"open","ping_status":"open","sticky":false,"template":"","format":"standard","meta":{"_acf_changed":false,"jetpack_post_was_ever_published":false,"_jetpack_newsletter_access":"","_jetpack_dont_email_post_to_subs":false,"_jetpack_newsletter_tier_id":0,"_jetpack_memberships_contains_paywalled_content":false,"_jetpack_memberships_contains_paid_content":false,"footnotes":"","jetpack_publicize_message":"","jetpack_publicize_feature_enabled":true,"jetpack_social_post_already_shared":true,"jetpack_social_options":{"image_generator_settings":{"template":"highway","default_image_id":0,"font":"","enabled":false},"version":2}},"categories":[13,3],"tags":[],"class_list":["post-42505","post","type-post","status-publish","format-standard","has-post-thumbnail","hentry","category-filmovi-i-serije","category-novosti"],"acf":{"facebook_opis":""},"jetpack_publicize_connections":[],"jetpack_featured_media_url":"https:\/\/i0.wp.com\/historiografija.hr\/wp-content\/uploads\/2024\/10\/No_other_Land.jpg?fit=256%2C388&ssl=1","jetpack_sharing_enabled":true,"jetpack-related-posts":[],"_links":{"self":[{"href":"https:\/\/historiografija.hr\/index.php?rest_route=\/wp\/v2\/posts\/42505","targetHints":{"allow":["GET"]}}],"collection":[{"href":"https:\/\/historiografija.hr\/index.php?rest_route=\/wp\/v2\/posts"}],"about":[{"href":"https:\/\/historiografija.hr\/index.php?rest_route=\/wp\/v2\/types\/post"}],"author":[{"embeddable":true,"href":"https:\/\/historiografija.hr\/index.php?rest_route=\/wp\/v2\/users\/2"}],"replies":[{"embeddable":true,"href":"https:\/\/historiografija.hr\/index.php?rest_route=%2Fwp%2Fv2%2Fcomments&post=42505"}],"version-history":[{"count":2,"href":"https:\/\/historiografija.hr\/index.php?rest_route=\/wp\/v2\/posts\/42505\/revisions"}],"predecessor-version":[{"id":42515,"href":"https:\/\/historiografija.hr\/index.php?rest_route=\/wp\/v2\/posts\/42505\/revisions\/42515"}],"wp:featuredmedia":[{"embeddable":true,"href":"https:\/\/historiografija.hr\/index.php?rest_route=\/wp\/v2\/media\/42506"}],"wp:attachment":[{"href":"https:\/\/historiografija.hr\/index.php?rest_route=%2Fwp%2Fv2%2Fmedia&parent=42505"}],"wp:term":[{"taxonomy":"category","embeddable":true,"href":"https:\/\/historiografija.hr\/index.php?rest_route=%2Fwp%2Fv2%2Fcategories&post=42505"},{"taxonomy":"post_tag","embeddable":true,"href":"https:\/\/historiografija.hr\/index.php?rest_route=%2Fwp%2Fv2%2Ftags&post=42505"}],"curies":[{"name":"wp","href":"https:\/\/api.w.org\/{rel}","templated":true}]}}