{"id":42486,"date":"2024-10-01T20:40:31","date_gmt":"2024-10-01T20:40:31","guid":{"rendered":"http:\/\/historiografija.hr\/?p=42486"},"modified":"2024-10-01T20:41:23","modified_gmt":"2024-10-01T20:41:23","slug":"izlozba-dubrovnik-i-drugi-svjetski-rat-mjesta-sjecanja","status":"publish","type":"post","link":"https:\/\/historiografija.hr\/?p=42486","title":{"rendered":"Izlo\u017eba \u201eDubrovnik i Drugi svjetski rat: Mjesta sje\u0107anja\u201c"},"content":{"rendered":"\n<p>Muzej crvene povijesti, Dubrovnik, 4. 10. \u2013 10. 11. 2024.<\/p>\n\n\n\n<hr class=\"wp-block-separator\"\/>\n\n\n\n<p>O \u010detiri godine Drugog svjetskog rata ispri\u010dano je i napisano vi\u0161e pri\u010da i mitova, prihva\u0107eno i osporeno dogmi, postavljeno pitanja i dano odgovora nego o bilo koje druge \u010detiri godine hrvatske povijesti. To su godine u kojima je sru\u0161en stari, a stvoren novi politi\u010dki, ekonomski i dru\u0161tveni poredak. Godine koje su slavljene, godine koje su prezirane, godine kojih se dru\u0161tvo rado ili nerado sje\u0107alo. Zajedni\u010dko sje\u0107anje na pojedince, skupine i doga\u0111aje tog vremena bilo je, i danas je vidljivo kroz imena ulica, trgova, cijelih naselja, organizacija i poduze\u0107a. Materijalizirano sje\u0107anje u obliku desetaka tisu\u0107a spomen-plo\u010da, skulptura, monumentalne arhitekture ili spomen grobnica pro\u0161aralo je \u010ditav jugoslavenski prostor pa tako i prostor grada Dubrovnika. Teror okupatorskih vlasti, zatvaranja, mu\u010denja i strijeljanja protivnika, diverzantski napadi na infrastrukturu, nesta\u0161ice hrane, gospodarska kriza, fa\u0161isti\u010dka i savezni\u010dka bombardiranja te kona\u010dno odmazda nove narodnooslobodila\u010dke vlasti tragi\u010dna su iskustva Dubrovnika u ovom svjetskom sukobu. Dubrova\u010dka mjesta sje\u0107anja, biv\u0161a i sada\u0161nja, vidljiva i nevidljiva, tema su ove izlo\u017ebe. Na njoj je prikazano 39 mjesta na kojima se nalazilo ili jo\u0161 uvijek nalazi materijalizirano sje\u0107anje na dubrova\u010dko iskustvo najstra\u0161nijeg svjetskog sukoba. Sje\u0107anje na ljude i doga\u0111aje koji i danas obilje\u017eavaju dru\u0161tvo, iako su, kao i mjesta sje\u0107anja na njih, \u010desto zaboravljeni.<\/p>\n\n\n\n<p>Produkcija izlo\u017ebe je financijski podr\u017eana od Ministarstva kulture i medija RH, Grada Dubrovnika, TZ Dubrovnik i HTZ.<br>Ulaz na izlo\u017ebu je besplatan.<\/p>\n\n\n\n<hr class=\"wp-block-separator\"\/>\n\n\n\n<p><strong>Red History Museum<\/strong><\/p>\n\n\n\n<p>More stories and myths have been told and written about the four years of World War II, more dogmas accepted and challenged, more questions asked and answers given than about any other four years in Croatian history. These were the years in which the old political, economic, and social order was destroyed and a new one was created. Years that were celebrated, years that were despised, years that society remembered fondly or reluctantly. The collective memory of individuals, groups, and events from that time is still visible today through the names of streets, squares, entire neighborhoods, organizations, and businesses. The materialized memory, in the form of tens of thousands of memorial plaques, sculptures, monumental architecture, or memorial tombs, spread throughout the Yugoslav space, including the city of Dubrovnik.<\/p>\n\n\n\n<p>The terror of occupying forces, imprisonments, torture, and executions of opponents, sabotage attacks on infrastructure, food shortages, economic crises, fascist and Allied bombings, and finally the retribution by the new national liberation authorities were the tragic experiences of Dubrovnik during this global conflict.<\/p>\n\n\n\n<p>Dubrovnik&#8217;s places of memory, both past and present, visible and invisible, are the theme of this exhibition. It features 39 locations where materialized memory of Dubrovnik\u2019s experience of the most horrific global conflict was, or still is, found. The memory of people and events that still mark society today, though, like the places of memory themselves, they are often forgotten.<\/p>\n\n\n\n<p>The production of the exhibition was financially supported by the Ministry of Culture and Media of the Republic of Croatia, the City of Dubrovnik, the Dubrovnik Tourist Board, and the Croatian National Tourist Board.<\/p>\n\n\n\n<p><br>Admission to the exhibition is free.<\/p>\n\n\n\n<hr class=\"wp-block-separator\"\/>\n\n\n\n<p>Izvor:<\/p>\n\n\n\n<p><a href=\"https:\/\/www.facebook.com\/events\/1002287308362361\/\">https:\/\/www.facebook.com\/events\/1002287308362361\/<\/a><\/p>\n\n\n\n<hr class=\"wp-block-separator\"\/>\n\n\n\n<p><\/p>\n","protected":false},"excerpt":{"rendered":"","protected":false},"author":2,"featured_media":42487,"comment_status":"open","ping_status":"open","sticky":false,"template":"","format":"standard","meta":{"_acf_changed":false,"jetpack_post_was_ever_published":false,"_jetpack_newsletter_access":"","_jetpack_dont_email_post_to_subs":false,"_jetpack_newsletter_tier_id":0,"_jetpack_memberships_contains_paywalled_content":false,"_jetpack_memberships_contains_paid_content":false,"footnotes":"","jetpack_publicize_message":"","jetpack_publicize_feature_enabled":true,"jetpack_social_post_already_shared":true,"jetpack_social_options":{"image_generator_settings":{"template":"highway","default_image_id":0,"font":"","enabled":false},"version":2}},"categories":[10,3],"tags":[],"class_list":["post-42486","post","type-post","status-publish","format-standard","has-post-thumbnail","hentry","category-izlozbe","category-novosti"],"acf":{"facebook_opis":""},"jetpack_publicize_connections":[],"jetpack_featured_media_url":"https:\/\/i0.wp.com\/historiografija.hr\/wp-content\/uploads\/2024\/10\/Mjesta_sje%C4%87anja.jpg?fit=2048%2C1072&ssl=1","jetpack_sharing_enabled":true,"jetpack-related-posts":[],"_links":{"self":[{"href":"https:\/\/historiografija.hr\/index.php?rest_route=\/wp\/v2\/posts\/42486","targetHints":{"allow":["GET"]}}],"collection":[{"href":"https:\/\/historiografija.hr\/index.php?rest_route=\/wp\/v2\/posts"}],"about":[{"href":"https:\/\/historiografija.hr\/index.php?rest_route=\/wp\/v2\/types\/post"}],"author":[{"embeddable":true,"href":"https:\/\/historiografija.hr\/index.php?rest_route=\/wp\/v2\/users\/2"}],"replies":[{"embeddable":true,"href":"https:\/\/historiografija.hr\/index.php?rest_route=%2Fwp%2Fv2%2Fcomments&post=42486"}],"version-history":[{"count":2,"href":"https:\/\/historiografija.hr\/index.php?rest_route=\/wp\/v2\/posts\/42486\/revisions"}],"predecessor-version":[{"id":42489,"href":"https:\/\/historiografija.hr\/index.php?rest_route=\/wp\/v2\/posts\/42486\/revisions\/42489"}],"wp:featuredmedia":[{"embeddable":true,"href":"https:\/\/historiografija.hr\/index.php?rest_route=\/wp\/v2\/media\/42487"}],"wp:attachment":[{"href":"https:\/\/historiografija.hr\/index.php?rest_route=%2Fwp%2Fv2%2Fmedia&parent=42486"}],"wp:term":[{"taxonomy":"category","embeddable":true,"href":"https:\/\/historiografija.hr\/index.php?rest_route=%2Fwp%2Fv2%2Fcategories&post=42486"},{"taxonomy":"post_tag","embeddable":true,"href":"https:\/\/historiografija.hr\/index.php?rest_route=%2Fwp%2Fv2%2Ftags&post=42486"}],"curies":[{"name":"wp","href":"https:\/\/api.w.org\/{rel}","templated":true}]}}