{"id":42480,"date":"2024-10-01T20:11:16","date_gmt":"2024-10-01T20:11:16","guid":{"rendered":"http:\/\/historiografija.hr\/?p=42480"},"modified":"2024-10-01T20:11:16","modified_gmt":"2024-10-01T20:11:16","slug":"znanstveni-skup-hrvatska-dekomunizacija-i-protukomunisticki-otpor","status":"publish","type":"post","link":"https:\/\/historiografija.hr\/?p=42480","title":{"rendered":"Znanstveni skup \u201eHrvatska dekomunizacija i protukomunisti\u010dki otpor\u201c"},"content":{"rendered":"\n<p>\u201eZnanstveni skup \u201eHrvatska dekomunizacija i protukomunisti\u010dki otpor\u201c odr\u017eat \u0107e se 2. i 3. listopada 2024. u zajedni\u010dkoj organizaciji udruga Hrvatska dru\u017eba povjesni\u010dara \u201eDr. Rudolf Horvat&#8221; iz Zagreba, Sredi\u0161te HSK za istra\u017eivanje posljedica totalitarizama u BiH iz Mostara, Kanadsko-hrvatsko akademsko dru\u0161tvo iz Toronta i Ogranak Matice hrvatske u Splitu.\u201c<\/p>\n\n\n\n<hr class=\"wp-block-separator\"\/>\n\n\n\n<p>Izvor, dodatne obavijesti i program:<\/p>\n\n\n\n<p><a href=\"https:\/\/www.hkv.hr\/vijesti\/hrvatska\/44352-najava-znanstveni-skup-hrvatska-dekomunizacija-i-protukomunisticki-otpor.html\">https:\/\/www.hkv.hr\/vijesti\/hrvatska\/44352-najava-znanstveni-skup-hrvatska-dekomunizacija-i-protukomunisticki-otpor.html<\/a><\/p>\n\n\n\n<hr class=\"wp-block-separator\"\/>\n","protected":false},"excerpt":{"rendered":"","protected":false},"author":2,"featured_media":42481,"comment_status":"open","ping_status":"open","sticky":false,"template":"","format":"standard","meta":{"_acf_changed":false,"jetpack_post_was_ever_published":false,"_jetpack_newsletter_access":"","_jetpack_dont_email_post_to_subs":false,"_jetpack_newsletter_tier_id":0,"_jetpack_memberships_contains_paywalled_content":false,"_jetpack_memberships_contains_paid_content":false,"footnotes":"","jetpack_publicize_message":"","jetpack_publicize_feature_enabled":true,"jetpack_social_post_already_shared":true,"jetpack_social_options":{"image_generator_settings":{"template":"highway","default_image_id":0,"font":"","enabled":false},"version":2}},"categories":[3,9],"tags":[],"class_list":["post-42480","post","type-post","status-publish","format-standard","has-post-thumbnail","hentry","category-novosti","category-skupovi"],"acf":{"facebook_opis":""},"jetpack_publicize_connections":[],"jetpack_featured_media_url":"https:\/\/i0.wp.com\/historiografija.hr\/wp-content\/uploads\/2024\/10\/HDP.jpg?fit=644%2C910&ssl=1","jetpack_sharing_enabled":true,"jetpack-related-posts":[],"_links":{"self":[{"href":"https:\/\/historiografija.hr\/index.php?rest_route=\/wp\/v2\/posts\/42480","targetHints":{"allow":["GET"]}}],"collection":[{"href":"https:\/\/historiografija.hr\/index.php?rest_route=\/wp\/v2\/posts"}],"about":[{"href":"https:\/\/historiografija.hr\/index.php?rest_route=\/wp\/v2\/types\/post"}],"author":[{"embeddable":true,"href":"https:\/\/historiografija.hr\/index.php?rest_route=\/wp\/v2\/users\/2"}],"replies":[{"embeddable":true,"href":"https:\/\/historiografija.hr\/index.php?rest_route=%2Fwp%2Fv2%2Fcomments&post=42480"}],"version-history":[{"count":1,"href":"https:\/\/historiografija.hr\/index.php?rest_route=\/wp\/v2\/posts\/42480\/revisions"}],"predecessor-version":[{"id":42482,"href":"https:\/\/historiografija.hr\/index.php?rest_route=\/wp\/v2\/posts\/42480\/revisions\/42482"}],"wp:featuredmedia":[{"embeddable":true,"href":"https:\/\/historiografija.hr\/index.php?rest_route=\/wp\/v2\/media\/42481"}],"wp:attachment":[{"href":"https:\/\/historiografija.hr\/index.php?rest_route=%2Fwp%2Fv2%2Fmedia&parent=42480"}],"wp:term":[{"taxonomy":"category","embeddable":true,"href":"https:\/\/historiografija.hr\/index.php?rest_route=%2Fwp%2Fv2%2Fcategories&post=42480"},{"taxonomy":"post_tag","embeddable":true,"href":"https:\/\/historiografija.hr\/index.php?rest_route=%2Fwp%2Fv2%2Ftags&post=42480"}],"curies":[{"name":"wp","href":"https:\/\/api.w.org\/{rel}","templated":true}]}}