{"id":42477,"date":"2024-10-01T20:05:41","date_gmt":"2024-10-01T20:05:41","guid":{"rendered":"http:\/\/historiografija.hr\/?p=42477"},"modified":"2024-10-01T20:05:41","modified_gmt":"2024-10-01T20:05:41","slug":"davorin-rudolf-komunizam-fasizam-i-nacizam-veliki-totalitarizmi-koji-su-obiljezili-20-stoljece","status":"publish","type":"post","link":"https:\/\/historiografija.hr\/?p=42477","title":{"rendered":"Davorin Rudolf, \u201eKomunizam, fa\u0161izam i nacizam: Veliki totalitarizmi koji su obilje\u017eili 20. stolje\u0107e\u201c"},"content":{"rendered":"\n<p>2023. (844 str.)<\/p>\n\n\n\n<hr class=\"wp-block-separator\"\/>\n\n\n\n<p>Ova knjiga posve\u0107ena je zlu rata, vrelima nastanka, zna\u010dajkama, teroru i ciljevima triju velikih totalitarizama 20. stolje\u0107a, posebno pak totalitarizmima na hrvatskim prostorima. Na poseban na\u010din ona govori o izvorima na\u0161ih unutarnjih krvavih sukoba, kao i o opredjeljenjima i naivnosti politi\u010dara koji su o\u010dijukali i tijesno sura\u0111ivali s vo\u0111ama velikih totalitaristi\u010dkih re\u017eima i stvarali kopije stranih diktatura. Svrha ovog \u0161tiva je podsjetiti \u010ditatelja na sr\u017e, praksu, oblike i metode brutalnih i nasilnih totalitarnih vladanja koji su prouzro\u010dili u\u017easne nevolje i zla ljudima \u010diji dio \u017eivota je pao u razdoblje 20. stolje\u0107a. Obra\u0111eni su totalitarizmi triju mo\u0107nih velesila: Sovjetskog saveza, Italije i Njema\u010dke i u\u010dinci njihovih diktatorskih re\u017eima. I mogu\u0107nost da se ponove.<\/p>\n\n\n\n<p>U knjizi autor nije zalazio u potanju povijesnu analizu dru\u0161tvenih sustava, tipologiju vladavina, odnose kapitalizma i fa\u0161izma, socijalizma i staljinizma, rasa i klasa, ekstremnih nacionalizama. O tome ve\u0107 postoji obilna literatura. Ovo je opis velikih totalitarizama 20. stolje\u0107a kao najvi\u0161ega stupnja primijenjene diktature, strahovlade i terora, koncentracije mo\u0107i bolesnih umova vladara, tajnih policija, ekstremnih politi\u010dkih stranaka, politi\u010dki korumpiranih sudova, zloupotrebe oru\u017eanih snaga. Ukratko: civilizacijskoga posrnu\u0107a modernoga \u010dovje\u010danstva 20. stolje\u0107a. Sadr\u017eaj ove knjige je doga\u0111ajna povijest modernih totalitarizama, a njena svrha jest ja\u010danje svijesti o tome zlu. Knjiga slu\u017ei kao pouka i opomena na\u0161im diplomatima, povjesni\u010darima, javnim djelatnicima, intelektualcima i sveukupnoj javnosti. Njena najve\u0107a znanstvena vrijednost je poveznica izme\u0111u europski \u0161iroke prakse totalitaristi\u010dkih re\u017eima i njihove preslike na hrvatski prostor.<\/p>\n\n\n\n<hr class=\"wp-block-separator\"\/>\n\n\n\n<p>Izvor:<\/p>\n\n\n\n<figure class=\"wp-block-embed-wordpress wp-block-embed is-type-wp-embed is-provider-knjizevni-krug-split\"><div class=\"wp-block-embed__wrapper\">\n<blockquote class=\"wp-embedded-content\" data-secret=\"gZRu1CyF9O\"><a href=\"https:\/\/www.knjizevni-krug.hr\/knjige\/komunizam-fasizam-i-nacizam-veliki-totalitarizmi-koji-su-obiljezili-20-stoljece\/\">KOMUNIZAM, FA\u0160IZAM I NACIZAM: Veliki totalitarizmi koji su obilje\u017eili 20. stolje\u0107e<\/a><\/blockquote><iframe loading=\"lazy\" class=\"wp-embedded-content\" sandbox=\"allow-scripts\" security=\"restricted\" style=\"position: absolute; clip: rect(1px, 1px, 1px, 1px);\" title=\"&#8220;KOMUNIZAM, FA\u0160IZAM I NACIZAM: Veliki totalitarizmi koji su obilje\u017eili 20. stolje\u0107e&#8221; &#8212; Knji\u017eevni krug Split\" src=\"https:\/\/www.knjizevni-krug.hr\/knjige\/komunizam-fasizam-i-nacizam-veliki-totalitarizmi-koji-su-obiljezili-20-stoljece\/embed\/#?secret=gZRu1CyF9O\" data-secret=\"gZRu1CyF9O\" width=\"600\" height=\"338\" frameborder=\"0\" marginwidth=\"0\" marginheight=\"0\" scrolling=\"no\"><\/iframe>\n<\/div><\/figure>\n\n\n\n<hr class=\"wp-block-separator\"\/>\n","protected":false},"excerpt":{"rendered":"","protected":false},"author":2,"featured_media":42478,"comment_status":"open","ping_status":"open","sticky":false,"template":"","format":"standard","meta":{"_acf_changed":false,"jetpack_post_was_ever_published":false,"_jetpack_newsletter_access":"","_jetpack_dont_email_post_to_subs":false,"_jetpack_newsletter_tier_id":0,"_jetpack_memberships_contains_paywalled_content":false,"_jetpack_memberships_contains_paid_content":false,"footnotes":"","jetpack_publicize_message":"","jetpack_publicize_feature_enabled":true,"jetpack_social_post_already_shared":true,"jetpack_social_options":{"image_generator_settings":{"template":"highway","default_image_id":0,"font":"","enabled":false},"version":2}},"categories":[8,3],"tags":[],"class_list":["post-42477","post","type-post","status-publish","format-standard","has-post-thumbnail","hentry","category-knjige","category-novosti"],"acf":{"facebook_opis":""},"jetpack_publicize_connections":[],"jetpack_featured_media_url":"https:\/\/i0.wp.com\/historiografija.hr\/wp-content\/uploads\/2024\/10\/Rudolf.jpg?fit=300%2C423&ssl=1","jetpack_sharing_enabled":true,"jetpack-related-posts":[],"_links":{"self":[{"href":"https:\/\/historiografija.hr\/index.php?rest_route=\/wp\/v2\/posts\/42477","targetHints":{"allow":["GET"]}}],"collection":[{"href":"https:\/\/historiografija.hr\/index.php?rest_route=\/wp\/v2\/posts"}],"about":[{"href":"https:\/\/historiografija.hr\/index.php?rest_route=\/wp\/v2\/types\/post"}],"author":[{"embeddable":true,"href":"https:\/\/historiografija.hr\/index.php?rest_route=\/wp\/v2\/users\/2"}],"replies":[{"embeddable":true,"href":"https:\/\/historiografija.hr\/index.php?rest_route=%2Fwp%2Fv2%2Fcomments&post=42477"}],"version-history":[{"count":1,"href":"https:\/\/historiografija.hr\/index.php?rest_route=\/wp\/v2\/posts\/42477\/revisions"}],"predecessor-version":[{"id":42479,"href":"https:\/\/historiografija.hr\/index.php?rest_route=\/wp\/v2\/posts\/42477\/revisions\/42479"}],"wp:featuredmedia":[{"embeddable":true,"href":"https:\/\/historiografija.hr\/index.php?rest_route=\/wp\/v2\/media\/42478"}],"wp:attachment":[{"href":"https:\/\/historiografija.hr\/index.php?rest_route=%2Fwp%2Fv2%2Fmedia&parent=42477"}],"wp:term":[{"taxonomy":"category","embeddable":true,"href":"https:\/\/historiografija.hr\/index.php?rest_route=%2Fwp%2Fv2%2Fcategories&post=42477"},{"taxonomy":"post_tag","embeddable":true,"href":"https:\/\/historiografija.hr\/index.php?rest_route=%2Fwp%2Fv2%2Ftags&post=42477"}],"curies":[{"name":"wp","href":"https:\/\/api.w.org\/{rel}","templated":true}]}}