{"id":42471,"date":"2024-10-01T19:58:14","date_gmt":"2024-10-01T19:58:14","guid":{"rendered":"http:\/\/historiografija.hr\/?p=42471"},"modified":"2024-10-01T19:59:32","modified_gmt":"2024-10-01T19:59:32","slug":"u-portu-svecano-otkrivena-bista-branka-fucica","status":"publish","type":"post","link":"https:\/\/historiografija.hr\/?p=42471","title":{"rendered":"U Portu sve\u010dano otkrivena bista Branka Fu\u010di\u0107a"},"content":{"rendered":"\n<p>Bista Branku Fu\u010di\u0107u u \u010dast sve\u010dano je otkrivena 8. rujna 2024. godine ispred samostana sv. Marije Magdalene u Portu.<\/p>\n\n\n\n<hr class=\"wp-block-separator\"\/>\n\n\n\n<p>Op\u0161irnije o svemu na sljede\u0107im poveznicama:<\/p>\n\n\n\n<figure class=\"wp-block-embed-wordpress wp-block-embed is-type-wp-embed is-provider-novi-list\"><div class=\"wp-block-embed__wrapper\">\n<blockquote class=\"wp-embedded-content\" data-secret=\"f29mOw6DQH\"><a href=\"https:\/\/www.novilist.hr\/rijeka-regija\/otoci\/zahvala-velikanu-za-cuvanje-identiteta-zavicaja-u-portu-postavljena-bista-akademika-fucica\/\">Zahvala velikanu za \u010duvanje identiteta zavi\u010daja. U Portu postavljena bista akademika Fu\u010di\u0107a<\/a><\/blockquote><iframe loading=\"lazy\" class=\"wp-embedded-content\" sandbox=\"allow-scripts\" security=\"restricted\" style=\"position: absolute; clip: rect(1px, 1px, 1px, 1px);\" title=\"&#8220;Zahvala velikanu za \u010duvanje identiteta zavi\u010daja. U Portu postavljena bista akademika Fu\u010di\u0107a&#8221; &#8212; Novi list\" src=\"https:\/\/www.novilist.hr\/rijeka-regija\/otoci\/zahvala-velikanu-za-cuvanje-identiteta-zavicaja-u-portu-postavljena-bista-akademika-fucica\/embed\/#?secret=0td6irdOlD#?secret=f29mOw6DQH\" data-secret=\"f29mOw6DQH\" width=\"600\" height=\"338\" frameborder=\"0\" marginwidth=\"0\" marginheight=\"0\" scrolling=\"no\"><\/iframe>\n<\/div><\/figure>\n\n\n\n<figure class=\"wp-block-embed-wordpress wp-block-embed is-type-wp-embed is-provider-bodulija-net\"><div class=\"wp-block-embed__wrapper\">\n<blockquote class=\"wp-embedded-content\" data-secret=\"ysvsXeSHGO\"><a href=\"https:\/\/bodulija.net\/najljepse-hvala-jednom-od-najzasluznijih-sinova-dubasnice-u-portu-svecano-otkrivena-bista-akademika-branka-fucica\/\">Najljep\u0161e &#8220;hvala&#8221; jednom od najzaslu\u017enijih sinova Duba\u0161nice: U Portu sve\u010dano otkrivena bista akademika Branka Fu\u010di\u0107a<\/a><\/blockquote><iframe loading=\"lazy\" class=\"wp-embedded-content\" sandbox=\"allow-scripts\" security=\"restricted\" style=\"position: absolute; clip: rect(1px, 1px, 1px, 1px);\" title=\"&#8220;Najljep\u0161e &#8220;hvala&#8221; jednom od najzaslu\u017enijih sinova Duba\u0161nice: U Portu sve\u010dano otkrivena bista akademika Branka Fu\u010di\u0107a&#8221; &#8212; Bodulija.net\" src=\"https:\/\/bodulija.net\/najljepse-hvala-jednom-od-najzasluznijih-sinova-dubasnice-u-portu-svecano-otkrivena-bista-akademika-branka-fucica\/embed\/#?secret=ysvsXeSHGO\" data-secret=\"ysvsXeSHGO\" width=\"600\" height=\"338\" frameborder=\"0\" marginwidth=\"0\" marginheight=\"0\" scrolling=\"no\"><\/iframe>\n<\/div><\/figure>\n\n\n\n<p><a href=\"https:\/\/otok-krk.org\/krk\/u-portu-svecano-otkrivena-bista-branka-fucica\">https:\/\/otok-krk.org\/krk\/u-portu-svecano-otkrivena-bista-branka-fucica<\/a><\/p>\n\n\n\n<figure class=\"wp-block-embed-wordpress wp-block-embed is-type-wp-embed is-provider-milosrdne-sestre-sv-kriza\"><div class=\"wp-block-embed__wrapper\">\n<blockquote class=\"wp-embedded-content\" data-secret=\"Vy2U5zYaIf\"><a href=\"https:\/\/sestre-sv-kriza.hr\/svecano-otkrivanje-spomenika-akademiku-branku-fucicu-u-portu\/\">Sve\u010dano otkrivanje spomenika akademiku Branku Fu\u010di\u0107u u Portu<\/a><\/blockquote><iframe loading=\"lazy\" class=\"wp-embedded-content\" sandbox=\"allow-scripts\" security=\"restricted\" style=\"position: absolute; clip: rect(1px, 1px, 1px, 1px);\" title=\"&#8220;Sve\u010dano otkrivanje spomenika akademiku Branku Fu\u010di\u0107u u Portu&#8221; &#8212; Milosrdne sestre sv. Kri\u017ea\" src=\"https:\/\/sestre-sv-kriza.hr\/svecano-otkrivanje-spomenika-akademiku-branku-fucicu-u-portu\/embed\/#?secret=oOzcYYrclF#?secret=Vy2U5zYaIf\" data-secret=\"Vy2U5zYaIf\" width=\"600\" height=\"338\" frameborder=\"0\" marginwidth=\"0\" marginheight=\"0\" scrolling=\"no\"><\/iframe>\n<\/div><\/figure>\n\n\n\n<hr class=\"wp-block-separator\"\/>\n","protected":false},"excerpt":{"rendered":"","protected":false},"author":2,"featured_media":42472,"comment_status":"open","ping_status":"open","sticky":false,"template":"","format":"standard","meta":{"_acf_changed":false,"jetpack_post_was_ever_published":false,"_jetpack_newsletter_access":"","_jetpack_dont_email_post_to_subs":false,"_jetpack_newsletter_tier_id":0,"_jetpack_memberships_contains_paywalled_content":false,"_jetpack_memberships_contains_paid_content":false,"footnotes":"","jetpack_publicize_message":"","jetpack_publicize_feature_enabled":true,"jetpack_social_post_already_shared":true,"jetpack_social_options":{"image_generator_settings":{"template":"highway","default_image_id":0,"font":"","enabled":false},"version":2}},"categories":[3],"tags":[],"class_list":["post-42471","post","type-post","status-publish","format-standard","has-post-thumbnail","hentry","category-novosti"],"acf":{"facebook_opis":""},"jetpack_publicize_connections":[],"jetpack_featured_media_url":"https:\/\/i0.wp.com\/historiografija.hr\/wp-content\/uploads\/2024\/10\/BF-2024.jpg?fit=1200%2C705&ssl=1","jetpack_sharing_enabled":true,"jetpack-related-posts":[],"_links":{"self":[{"href":"https:\/\/historiografija.hr\/index.php?rest_route=\/wp\/v2\/posts\/42471","targetHints":{"allow":["GET"]}}],"collection":[{"href":"https:\/\/historiografija.hr\/index.php?rest_route=\/wp\/v2\/posts"}],"about":[{"href":"https:\/\/historiografija.hr\/index.php?rest_route=\/wp\/v2\/types\/post"}],"author":[{"embeddable":true,"href":"https:\/\/historiografija.hr\/index.php?rest_route=\/wp\/v2\/users\/2"}],"replies":[{"embeddable":true,"href":"https:\/\/historiografija.hr\/index.php?rest_route=%2Fwp%2Fv2%2Fcomments&post=42471"}],"version-history":[{"count":4,"href":"https:\/\/historiografija.hr\/index.php?rest_route=\/wp\/v2\/posts\/42471\/revisions"}],"predecessor-version":[{"id":42476,"href":"https:\/\/historiografija.hr\/index.php?rest_route=\/wp\/v2\/posts\/42471\/revisions\/42476"}],"wp:featuredmedia":[{"embeddable":true,"href":"https:\/\/historiografija.hr\/index.php?rest_route=\/wp\/v2\/media\/42472"}],"wp:attachment":[{"href":"https:\/\/historiografija.hr\/index.php?rest_route=%2Fwp%2Fv2%2Fmedia&parent=42471"}],"wp:term":[{"taxonomy":"category","embeddable":true,"href":"https:\/\/historiografija.hr\/index.php?rest_route=%2Fwp%2Fv2%2Fcategories&post=42471"},{"taxonomy":"post_tag","embeddable":true,"href":"https:\/\/historiografija.hr\/index.php?rest_route=%2Fwp%2Fv2%2Ftags&post=42471"}],"curies":[{"name":"wp","href":"https:\/\/api.w.org\/{rel}","templated":true}]}}