{"id":42465,"date":"2024-09-30T18:44:42","date_gmt":"2024-09-30T18:44:42","guid":{"rendered":"http:\/\/historiografija.hr\/?p=42465"},"modified":"2024-09-30T18:44:42","modified_gmt":"2024-09-30T18:44:42","slug":"predavanje-marije-grujic-feminizam-kao-kulturni-pokret-i-perspektive-nauke-o-knjizevnosti-u-srbiji-u-beogradu","status":"publish","type":"post","link":"https:\/\/historiografija.hr\/?p=42465","title":{"rendered":"Predavanje Marije Gruji\u0107 \u201eFeminizam kao kulturni pokret i perspektive nauke o knji\u017eevnosti u Srbiji\u201c u Beogradu"},"content":{"rendered":"\n<p>Nau\u010dno odeljenje \u201ePeriodika u istoriji srpske knji\u017eevnosti i kulture\u201c poziva Vas na predavanje dr Marije Gruji\u0107, vi\u0161e nau\u010dne saradnice Instituta za knji\u017eevnost i umetnost, pod nazivom \u201eFeminizam kao kulturni pokret i perspektive nauke o knji\u017eevnosti u Srbiji\u201c.<\/p>\n\n\n\n<p>Predavanje \u0107e se odr\u017eati u utorak, 1. oktobra 2024, sa po\u010detkom u 12 \u010dasova, u Biblioteci Instituta, kao \u010detvrti doga\u0111aj u okviru ciklusa predavanja i razgovora \u201eIstra\u017eivanja periodike u novim izdanjima Instituta za knji\u017eevnost i umetnost\u201c.<\/p>\n\n\n\n<p>Povod ovome predavanju predstavlja novo izdanje kojem je dr Marija Gruji\u0107 bila jedna od recenzentkinja. Re\u010d je o zborniku radova <em>Postajanje autorkom<\/em>, objavljenom kao 36. tom institutske edicije <em>Istorija srpske knji\u017eevne periodike<\/em>. Zbornik je objavljen u saradnji i koizdava\u0161tvu Instituta za knji\u017eevnost i umetnost i Kulturnog centra Vojvodine \u201eMilo\u0161 Crnjanski\u201c, a uz dr \u017darku Svir\u010dev, vi\u0161u nau\u010dnu saradnicu Instituta, kao njegova urednica potpisuje se i Gordana Dragani\u0107 Nonin.<\/p>\n\n\n\n<p>Dr Marija Gruji\u0107 je autorka \u010detiri knjige iz oblasti rodne i feministi\u010dke teorije, knji\u017eevnosti i kulturnih studija: <em>Bahtin i feministi\u010dka knji\u017eevna analiza<\/em> (2007); <em>Reading the Entertainment and Community Spirit<\/em> (2012); <em>Rod i kultura fragmentarnosti:<\/em> Ne\u010dista krv <em>i<\/em> Gazda Mladen <em>Borisava Stankovi\u0107a<\/em> (2015); <em>Razumeti Boru Stankovi\u0107a: proza intimnih realnosti<\/em> (2022). Bavi se istra\u017eivanjima iz oblasti studija roda, teorije knji\u017eevnosti, filma, popularne kulture, istorije socijalizma i post-socijalizma.<\/p>\n\n\n\n<hr class=\"wp-block-separator\"\/>\n\n\n\n<p>Izvor:<\/p>\n\n\n\n<p><a href=\"https:\/\/www.ikum.org.rs\/novost.php?id=401\">https:\/\/www.ikum.org.rs\/novost.php?id=401<\/a><\/p>\n\n\n\n<hr class=\"wp-block-separator\"\/>\n","protected":false},"excerpt":{"rendered":"","protected":false},"author":2,"featured_media":42466,"comment_status":"open","ping_status":"open","sticky":false,"template":"","format":"standard","meta":{"_acf_changed":false,"jetpack_post_was_ever_published":false,"_jetpack_newsletter_access":"","_jetpack_dont_email_post_to_subs":false,"_jetpack_newsletter_tier_id":0,"_jetpack_memberships_contains_paywalled_content":false,"_jetpack_memberships_contains_paid_content":false,"footnotes":"","jetpack_publicize_message":"","jetpack_publicize_feature_enabled":true,"jetpack_social_post_already_shared":true,"jetpack_social_options":{"image_generator_settings":{"template":"highway","default_image_id":0,"font":"","enabled":false},"version":2}},"categories":[3],"tags":[],"class_list":["post-42465","post","type-post","status-publish","format-standard","has-post-thumbnail","hentry","category-novosti"],"acf":{"facebook_opis":""},"jetpack_publicize_connections":[],"jetpack_featured_media_url":"https:\/\/i0.wp.com\/historiografija.hr\/wp-content\/uploads\/2024\/09\/Ciklus_predavanja.jpg?fit=1240%2C1754&ssl=1","jetpack_sharing_enabled":true,"jetpack-related-posts":[],"_links":{"self":[{"href":"https:\/\/historiografija.hr\/index.php?rest_route=\/wp\/v2\/posts\/42465","targetHints":{"allow":["GET"]}}],"collection":[{"href":"https:\/\/historiografija.hr\/index.php?rest_route=\/wp\/v2\/posts"}],"about":[{"href":"https:\/\/historiografija.hr\/index.php?rest_route=\/wp\/v2\/types\/post"}],"author":[{"embeddable":true,"href":"https:\/\/historiografija.hr\/index.php?rest_route=\/wp\/v2\/users\/2"}],"replies":[{"embeddable":true,"href":"https:\/\/historiografija.hr\/index.php?rest_route=%2Fwp%2Fv2%2Fcomments&post=42465"}],"version-history":[{"count":1,"href":"https:\/\/historiografija.hr\/index.php?rest_route=\/wp\/v2\/posts\/42465\/revisions"}],"predecessor-version":[{"id":42467,"href":"https:\/\/historiografija.hr\/index.php?rest_route=\/wp\/v2\/posts\/42465\/revisions\/42467"}],"wp:featuredmedia":[{"embeddable":true,"href":"https:\/\/historiografija.hr\/index.php?rest_route=\/wp\/v2\/media\/42466"}],"wp:attachment":[{"href":"https:\/\/historiografija.hr\/index.php?rest_route=%2Fwp%2Fv2%2Fmedia&parent=42465"}],"wp:term":[{"taxonomy":"category","embeddable":true,"href":"https:\/\/historiografija.hr\/index.php?rest_route=%2Fwp%2Fv2%2Fcategories&post=42465"},{"taxonomy":"post_tag","embeddable":true,"href":"https:\/\/historiografija.hr\/index.php?rest_route=%2Fwp%2Fv2%2Ftags&post=42465"}],"curies":[{"name":"wp","href":"https:\/\/api.w.org\/{rel}","templated":true}]}}