{"id":42463,"date":"2024-09-30T18:37:38","date_gmt":"2024-09-30T18:37:38","guid":{"rendered":"http:\/\/historiografija.hr\/?p=42463"},"modified":"2024-09-30T18:37:38","modified_gmt":"2024-09-30T18:37:38","slug":"u-potrazi-za-drugim-misljenjem-intervju-s-jadrankom-rebekom-anic-o-feministickoj-teologiji-i-bauku-rodne-ideologije","status":"publish","type":"post","link":"https:\/\/historiografija.hr\/?p=42463","title":{"rendered":"U potrazi za \u201edrugim mi\u0161ljenjem\u201c \u2013 intervju s Jadrankom Rebekom Ani\u0107 o \u201efeministi\u010dkoj teologiji i bauku \u2018rodne ideologije\u2019\u201c"},"content":{"rendered":"\n<p>Nakon izjava nadbiskupa Mate Uzini\u0107a, upu\u0107ujemo na razgovor s Jadrankom Rebekom Ani\u0107, autoricom knjige \u201eKako razumjeti rod? Povijest rasprave i razli\u010dita razumijevanja u Crkvi\u201c, kao primjerom jo\u0161 jednog \u2013 toliko zazivanog \u2013 druga\u010dijeg mi\u0161ljenja o temi rodnih studija u Katoli\u010dkoj crkvi.<\/p>\n\n\n\n<hr class=\"wp-block-separator\"\/>\n\n\n\n<p>Op\u0161irnije:<\/p>\n\n\n\n<p><a href=\"https:\/\/www.vecernji.hr\/vijesti\/rodni-studiji-ne-stvaraju-novog-covjeka-izmisljanje-opasnosti-rodne-ideologije-pokazuje-nerazumijevanje-ali-i-namjeru-1802819\">https:\/\/www.vecernji.hr\/vijesti\/rodni-studiji-ne-stvaraju-novog-covjeka-izmisljanje-opasnosti-rodne-ideologije-pokazuje-nerazumijevanje-ali-i-namjeru-1802819<\/a><\/p>\n\n\n\n<figure class=\"wp-block-embed-wordpress wp-block-embed is-type-wp-embed is-provider-institut-drustvenih-znanosti-ivo-pilar\"><div class=\"wp-block-embed__wrapper\">\n<blockquote class=\"wp-embedded-content\" data-secret=\"wDRUWagPVL\"><a href=\"https:\/\/www.pilar.hr\/2024\/09\/dr-sc-jadrankom-rebekom-anic-izmisljanje-opasnosti-rodne-ideologije-pokazuje-nerazumijevanje-ali-i-namjeru-21-9-2024\/\">Dr. sc. Jadranka Rebeka Ani\u0107: Izmi\u0161ljanje opasnosti &#8216;rodne ideologije&#8217; pokazuje nerazumijevanje, ali i namjeru, 21. 9. 2024.<\/a><\/blockquote><iframe loading=\"lazy\" class=\"wp-embedded-content\" sandbox=\"allow-scripts\" security=\"restricted\" style=\"position: absolute; clip: rect(1px, 1px, 1px, 1px);\" title=\"&#8220;Dr. sc. Jadranka Rebeka Ani\u0107: Izmi\u0161ljanje opasnosti &#8216;rodne ideologije&#8217; pokazuje nerazumijevanje, ali i namjeru, 21. 9. 2024.&#8221; &#8212; Institut dru\u0161tvenih znanosti Ivo Pilar\" src=\"https:\/\/www.pilar.hr\/2024\/09\/dr-sc-jadrankom-rebekom-anic-izmisljanje-opasnosti-rodne-ideologije-pokazuje-nerazumijevanje-ali-i-namjeru-21-9-2024\/embed\/#?secret=fnleYEUfUp#?secret=wDRUWagPVL\" data-secret=\"wDRUWagPVL\" width=\"600\" height=\"338\" frameborder=\"0\" marginwidth=\"0\" marginheight=\"0\" scrolling=\"no\"><\/iframe>\n<\/div><\/figure>\n\n\n\n<hr class=\"wp-block-separator\"\/>\n\n\n\n<p>Prethodni prilozi na portalu Historiografija.hr:<\/p>\n\n\n\n<figure class=\"wp-block-embed-wordpress wp-block-embed is-type-wp-embed is-provider-historiografija-hr\"><div class=\"wp-block-embed__wrapper\">\n<blockquote class=\"wp-embedded-content\" data-secret=\"cO3If5iUCR\"><a href=\"https:\/\/historiografija.hr\/?p=42209\">U potrazi za \u201edrugim mi\u0161ljenjem\u201c \u2013 izjave nadbiskupa Mate Uzini\u0107a o rodnim studijima<\/a><\/blockquote><iframe loading=\"lazy\" class=\"wp-embedded-content\" sandbox=\"allow-scripts\" security=\"restricted\" style=\"position: absolute; clip: rect(1px, 1px, 1px, 1px);\" title=\"&#8220;U potrazi za \u201edrugim mi\u0161ljenjem\u201c \u2013 izjave nadbiskupa Mate Uzini\u0107a o rodnim studijima&#8221; &#8212; Historiografija.hr\" src=\"https:\/\/historiografija.hr\/?p=42209&#038;embed=true#?secret=cO3If5iUCR\" data-secret=\"cO3If5iUCR\" width=\"600\" height=\"338\" frameborder=\"0\" marginwidth=\"0\" marginheight=\"0\" scrolling=\"no\"><\/iframe>\n<\/div><\/figure>\n\n\n\n<hr class=\"wp-block-separator\"\/>\n","protected":false},"excerpt":{"rendered":"","protected":false},"author":2,"featured_media":41506,"comment_status":"open","ping_status":"open","sticky":false,"template":"","format":"standard","meta":{"_acf_changed":false,"jetpack_post_was_ever_published":false,"_jetpack_newsletter_access":"","_jetpack_dont_email_post_to_subs":false,"_jetpack_newsletter_tier_id":0,"_jetpack_memberships_contains_paywalled_content":false,"_jetpack_memberships_contains_paid_content":false,"footnotes":"","jetpack_publicize_message":"","jetpack_publicize_feature_enabled":true,"jetpack_social_post_already_shared":true,"jetpack_social_options":{"image_generator_settings":{"template":"highway","default_image_id":0,"font":"","enabled":false},"version":2}},"categories":[3],"tags":[],"class_list":["post-42463","post","type-post","status-publish","format-standard","has-post-thumbnail","hentry","category-novosti"],"acf":{"facebook_opis":""},"jetpack_publicize_connections":[],"jetpack_featured_media_url":"https:\/\/i0.wp.com\/historiografija.hr\/wp-content\/uploads\/2024\/07\/Rodna_povijest-1.jpg?fit=765%2C325&ssl=1","jetpack_sharing_enabled":true,"jetpack-related-posts":[],"_links":{"self":[{"href":"https:\/\/historiografija.hr\/index.php?rest_route=\/wp\/v2\/posts\/42463","targetHints":{"allow":["GET"]}}],"collection":[{"href":"https:\/\/historiografija.hr\/index.php?rest_route=\/wp\/v2\/posts"}],"about":[{"href":"https:\/\/historiografija.hr\/index.php?rest_route=\/wp\/v2\/types\/post"}],"author":[{"embeddable":true,"href":"https:\/\/historiografija.hr\/index.php?rest_route=\/wp\/v2\/users\/2"}],"replies":[{"embeddable":true,"href":"https:\/\/historiografija.hr\/index.php?rest_route=%2Fwp%2Fv2%2Fcomments&post=42463"}],"version-history":[{"count":1,"href":"https:\/\/historiografija.hr\/index.php?rest_route=\/wp\/v2\/posts\/42463\/revisions"}],"predecessor-version":[{"id":42464,"href":"https:\/\/historiografija.hr\/index.php?rest_route=\/wp\/v2\/posts\/42463\/revisions\/42464"}],"wp:featuredmedia":[{"embeddable":true,"href":"https:\/\/historiografija.hr\/index.php?rest_route=\/wp\/v2\/media\/41506"}],"wp:attachment":[{"href":"https:\/\/historiografija.hr\/index.php?rest_route=%2Fwp%2Fv2%2Fmedia&parent=42463"}],"wp:term":[{"taxonomy":"category","embeddable":true,"href":"https:\/\/historiografija.hr\/index.php?rest_route=%2Fwp%2Fv2%2Fcategories&post=42463"},{"taxonomy":"post_tag","embeddable":true,"href":"https:\/\/historiografija.hr\/index.php?rest_route=%2Fwp%2Fv2%2Ftags&post=42463"}],"curies":[{"name":"wp","href":"https:\/\/api.w.org\/{rel}","templated":true}]}}