{"id":42447,"date":"2024-09-30T17:13:51","date_gmt":"2024-09-30T17:13:51","guid":{"rendered":"http:\/\/historiografija.hr\/?p=42447"},"modified":"2024-09-30T17:17:01","modified_gmt":"2024-09-30T17:17:01","slug":"izlozba-varsavski-ustanak-1944-i-nagrada-macieju-czerwinskom","status":"publish","type":"post","link":"https:\/\/historiografija.hr\/?p=42447","title":{"rendered":"Izlo\u017eba &#8220;Var\u0161avski ustanak 1944.&#8221; i nagrada Macieju Czerwi\u0144skom"},"content":{"rendered":"\n<p>Pozivamo Vas na <strong>sve\u010dano uru\u010denje nagrade<\/strong> Poljske kulturne udruge \u201eMikolaj Kopernik\u201c za posebne zasluge u upoznavanju i razumijevanju poljskog i hrvatskog naroda i doprinos u izgradnji poljsko-hrvatskih kulturnih odnosa <strong>Macieju Czerwi<\/strong><strong>\u0144skom<\/strong>, poljskom slavistu, knji\u017eevnom kriti\u010daru i prevoditelju, profesoru na Jagelonskom sveu\u010dili\u0161tu u Krakovu koje \u0107e se odr\u017eati u sjedi\u0161tu Udruge u srijedu, 2. listopada 2024.<\/p>\n\n\n\n<p>Prije uru\u010denja nagrade bit \u0107e otvorena<strong> izlo\u017eba <em>Var\u0161avski ustanak 1944.<\/em><\/strong><em> U povodu osamdesete obljetnice<\/em> koju je priredio <strong>Damir Agi\u010di\u0107<\/strong>.<\/p>\n\n\n\n<p><strong>Srijeda, 2. X. 2024. Po\u010detak u 18 sati. Zagreb, Savska cesta 34-36.<\/strong><\/p>\n\n\n\n<hr class=\"wp-block-separator\"\/>\n\n\n\n<figure class=\"wp-block-image size-large\"><img data-recalc-dims=\"1\" loading=\"lazy\" decoding=\"async\" width=\"335\" height=\"473\" data-attachment-id=\"42448\" data-permalink=\"https:\/\/historiografija.hr\/?attachment_id=42448\" data-orig-file=\"https:\/\/i0.wp.com\/historiografija.hr\/wp-content\/uploads\/2024\/09\/image003.png?fit=335%2C473&amp;ssl=1\" data-orig-size=\"335,473\" data-comments-opened=\"1\" data-image-meta=\"{&quot;aperture&quot;:&quot;0&quot;,&quot;credit&quot;:&quot;&quot;,&quot;camera&quot;:&quot;&quot;,&quot;caption&quot;:&quot;&quot;,&quot;created_timestamp&quot;:&quot;0&quot;,&quot;copyright&quot;:&quot;&quot;,&quot;focal_length&quot;:&quot;0&quot;,&quot;iso&quot;:&quot;0&quot;,&quot;shutter_speed&quot;:&quot;0&quot;,&quot;title&quot;:&quot;&quot;,&quot;orientation&quot;:&quot;0&quot;}\" data-image-title=\"image003\" data-image-description=\"\" data-image-caption=\"\" data-large-file=\"https:\/\/i0.wp.com\/historiografija.hr\/wp-content\/uploads\/2024\/09\/image003.png?fit=335%2C473&amp;ssl=1\" src=\"https:\/\/i0.wp.com\/historiografija.hr\/wp-content\/uploads\/2024\/09\/image003.png?resize=335%2C473&#038;ssl=1\" alt=\"\" class=\"wp-image-42448\" srcset=\"https:\/\/i0.wp.com\/historiografija.hr\/wp-content\/uploads\/2024\/09\/image003.png?w=335&amp;ssl=1 335w, https:\/\/i0.wp.com\/historiografija.hr\/wp-content\/uploads\/2024\/09\/image003.png?resize=212%2C300&amp;ssl=1 212w\" sizes=\"auto, (max-width: 335px) 100vw, 335px\" \/><\/figure>\n\n\n\n<hr class=\"wp-block-separator\"\/>\n","protected":false},"excerpt":{"rendered":"","protected":false},"author":2,"featured_media":42448,"comment_status":"open","ping_status":"open","sticky":false,"template":"","format":"standard","meta":{"_acf_changed":false,"jetpack_post_was_ever_published":false,"_jetpack_newsletter_access":"","_jetpack_dont_email_post_to_subs":false,"_jetpack_newsletter_tier_id":0,"_jetpack_memberships_contains_paywalled_content":false,"_jetpack_memberships_contains_paid_content":false,"footnotes":"","jetpack_publicize_message":"","jetpack_publicize_feature_enabled":true,"jetpack_social_post_already_shared":true,"jetpack_social_options":{"image_generator_settings":{"template":"highway","default_image_id":0,"font":"","enabled":false},"version":2}},"categories":[10,3],"tags":[],"class_list":["post-42447","post","type-post","status-publish","format-standard","has-post-thumbnail","hentry","category-izlozbe","category-novosti"],"acf":{"facebook_opis":""},"jetpack_publicize_connections":[],"jetpack_featured_media_url":"https:\/\/i0.wp.com\/historiografija.hr\/wp-content\/uploads\/2024\/09\/image003.png?fit=335%2C473&ssl=1","jetpack_sharing_enabled":true,"jetpack-related-posts":[],"_links":{"self":[{"href":"https:\/\/historiografija.hr\/index.php?rest_route=\/wp\/v2\/posts\/42447","targetHints":{"allow":["GET"]}}],"collection":[{"href":"https:\/\/historiografija.hr\/index.php?rest_route=\/wp\/v2\/posts"}],"about":[{"href":"https:\/\/historiografija.hr\/index.php?rest_route=\/wp\/v2\/types\/post"}],"author":[{"embeddable":true,"href":"https:\/\/historiografija.hr\/index.php?rest_route=\/wp\/v2\/users\/2"}],"replies":[{"embeddable":true,"href":"https:\/\/historiografija.hr\/index.php?rest_route=%2Fwp%2Fv2%2Fcomments&post=42447"}],"version-history":[{"count":2,"href":"https:\/\/historiografija.hr\/index.php?rest_route=\/wp\/v2\/posts\/42447\/revisions"}],"predecessor-version":[{"id":42450,"href":"https:\/\/historiografija.hr\/index.php?rest_route=\/wp\/v2\/posts\/42447\/revisions\/42450"}],"wp:featuredmedia":[{"embeddable":true,"href":"https:\/\/historiografija.hr\/index.php?rest_route=\/wp\/v2\/media\/42448"}],"wp:attachment":[{"href":"https:\/\/historiografija.hr\/index.php?rest_route=%2Fwp%2Fv2%2Fmedia&parent=42447"}],"wp:term":[{"taxonomy":"category","embeddable":true,"href":"https:\/\/historiografija.hr\/index.php?rest_route=%2Fwp%2Fv2%2Fcategories&post=42447"},{"taxonomy":"post_tag","embeddable":true,"href":"https:\/\/historiografija.hr\/index.php?rest_route=%2Fwp%2Fv2%2Ftags&post=42447"}],"curies":[{"name":"wp","href":"https:\/\/api.w.org\/{rel}","templated":true}]}}