{"id":42434,"date":"2024-09-27T17:01:13","date_gmt":"2024-09-27T17:01:13","guid":{"rendered":"http:\/\/historiografija.hr\/?p=42434"},"modified":"2024-09-29T11:11:37","modified_gmt":"2024-09-29T11:11:37","slug":"zatvaranje-vii-kongresa-hrvatskih-povjesnicara","status":"publish","type":"post","link":"https:\/\/historiografija.hr\/?p=42434","title":{"rendered":"Zatvaranje VII. kongresa hrvatskih povjesni\u010dara"},"content":{"rendered":"\n<p>U tijeku je zatvaranje \u00a0VII. KONGRESA HRVATSKIH POVJESNI\u010cARA u Osijeku, u petak, 27. rujna 2024.\u00a0u 19 sati u dvorani 39 Filozofskog fakulteta u Osijeku.<\/p>\n\n\n\n<hr class=\"wp-block-separator\"\/>\n\n\n\n<figure class=\"wp-block-image size-large\"><img data-recalc-dims=\"1\" loading=\"lazy\" decoding=\"async\" width=\"860\" height=\"645\" data-attachment-id=\"42438\" data-permalink=\"https:\/\/historiografija.hr\/?attachment_id=42438\" data-orig-file=\"https:\/\/i0.wp.com\/historiografija.hr\/wp-content\/uploads\/2024\/09\/Zatvaranje.jpg?fit=1440%2C1080&amp;ssl=1\" data-orig-size=\"1440,1080\" data-comments-opened=\"1\" data-image-meta=\"{&quot;aperture&quot;:&quot;0&quot;,&quot;credit&quot;:&quot;&quot;,&quot;camera&quot;:&quot;&quot;,&quot;caption&quot;:&quot;&quot;,&quot;created_timestamp&quot;:&quot;0&quot;,&quot;copyright&quot;:&quot;&quot;,&quot;focal_length&quot;:&quot;0&quot;,&quot;iso&quot;:&quot;0&quot;,&quot;shutter_speed&quot;:&quot;0&quot;,&quot;title&quot;:&quot;&quot;,&quot;orientation&quot;:&quot;0&quot;}\" data-image-title=\"Zatvaranje\" data-image-description=\"\" data-image-caption=\"\" data-large-file=\"https:\/\/i0.wp.com\/historiografija.hr\/wp-content\/uploads\/2024\/09\/Zatvaranje.jpg?fit=860%2C645&amp;ssl=1\" src=\"https:\/\/i0.wp.com\/historiografija.hr\/wp-content\/uploads\/2024\/09\/Zatvaranje.jpg?resize=860%2C645&#038;ssl=1\" alt=\"\" class=\"wp-image-42438\" srcset=\"https:\/\/i0.wp.com\/historiografija.hr\/wp-content\/uploads\/2024\/09\/Zatvaranje.jpg?resize=1024%2C768&amp;ssl=1 1024w, https:\/\/i0.wp.com\/historiografija.hr\/wp-content\/uploads\/2024\/09\/Zatvaranje.jpg?resize=300%2C225&amp;ssl=1 300w, https:\/\/i0.wp.com\/historiografija.hr\/wp-content\/uploads\/2024\/09\/Zatvaranje.jpg?resize=768%2C576&amp;ssl=1 768w, https:\/\/i0.wp.com\/historiografija.hr\/wp-content\/uploads\/2024\/09\/Zatvaranje.jpg?w=1440&amp;ssl=1 1440w\" sizes=\"auto, (max-width: 860px) 100vw, 860px\" \/><figcaption>Slijeva nadesno: Domagoj Tomas, Damir Agi\u010di\u0107, Suzana Le\u010dek, Tomislav Galovi\u0107<\/figcaption><\/figure>\n\n\n\n<hr class=\"wp-block-separator\"\/>\n\n\n\n<figure class=\"wp-block-embed-wordpress wp-block-embed is-type-wp-embed is-provider-historiografija-hr\"><div class=\"wp-block-embed__wrapper\">\n<blockquote class=\"wp-embedded-content\" data-secret=\"bzuU6FoOCZ\"><a href=\"https:\/\/historiografija.hr\/?p=42331\">VII. kongres hrvatskih povjesni\u010dara (Osijek, 25. &#8211; 28. 9. 2024.)<\/a><\/blockquote><iframe loading=\"lazy\" class=\"wp-embedded-content\" sandbox=\"allow-scripts\" security=\"restricted\" style=\"position: absolute; clip: rect(1px, 1px, 1px, 1px);\" title=\"&#8220;VII. kongres hrvatskih povjesni\u010dara (Osijek, 25. &#8211; 28. 9. 2024.)&#8221; &#8212; Historiografija.hr\" src=\"https:\/\/historiografija.hr\/?p=42331&#038;embed=true#?secret=bzuU6FoOCZ\" data-secret=\"bzuU6FoOCZ\" width=\"600\" height=\"338\" frameborder=\"0\" marginwidth=\"0\" marginheight=\"0\" scrolling=\"no\"><\/iframe>\n<\/div><\/figure>\n\n\n\n<hr class=\"wp-block-separator\"\/>\n","protected":false},"excerpt":{"rendered":"","protected":false},"author":2,"featured_media":42360,"comment_status":"open","ping_status":"open","sticky":false,"template":"","format":"standard","meta":{"_acf_changed":false,"jetpack_post_was_ever_published":false,"_jetpack_newsletter_access":"","_jetpack_dont_email_post_to_subs":false,"_jetpack_newsletter_tier_id":0,"_jetpack_memberships_contains_paywalled_content":false,"_jetpack_memberships_contains_paid_content":false,"footnotes":"","jetpack_publicize_message":"","jetpack_publicize_feature_enabled":true,"jetpack_social_post_already_shared":true,"jetpack_social_options":{"image_generator_settings":{"template":"highway","default_image_id":0,"font":"","enabled":false},"version":2}},"categories":[3],"tags":[],"class_list":["post-42434","post","type-post","status-publish","format-standard","has-post-thumbnail","hentry","category-novosti"],"acf":{"facebook_opis":""},"jetpack_publicize_connections":[],"jetpack_featured_media_url":"https:\/\/i0.wp.com\/historiografija.hr\/wp-content\/uploads\/2024\/09\/banner-01.jpg?fit=1200%2C400&ssl=1","jetpack_sharing_enabled":true,"jetpack-related-posts":[],"_links":{"self":[{"href":"https:\/\/historiografija.hr\/index.php?rest_route=\/wp\/v2\/posts\/42434","targetHints":{"allow":["GET"]}}],"collection":[{"href":"https:\/\/historiografija.hr\/index.php?rest_route=\/wp\/v2\/posts"}],"about":[{"href":"https:\/\/historiografija.hr\/index.php?rest_route=\/wp\/v2\/types\/post"}],"author":[{"embeddable":true,"href":"https:\/\/historiografija.hr\/index.php?rest_route=\/wp\/v2\/users\/2"}],"replies":[{"embeddable":true,"href":"https:\/\/historiografija.hr\/index.php?rest_route=%2Fwp%2Fv2%2Fcomments&post=42434"}],"version-history":[{"count":5,"href":"https:\/\/historiografija.hr\/index.php?rest_route=\/wp\/v2\/posts\/42434\/revisions"}],"predecessor-version":[{"id":42440,"href":"https:\/\/historiografija.hr\/index.php?rest_route=\/wp\/v2\/posts\/42434\/revisions\/42440"}],"wp:featuredmedia":[{"embeddable":true,"href":"https:\/\/historiografija.hr\/index.php?rest_route=\/wp\/v2\/media\/42360"}],"wp:attachment":[{"href":"https:\/\/historiografija.hr\/index.php?rest_route=%2Fwp%2Fv2%2Fmedia&parent=42434"}],"wp:term":[{"taxonomy":"category","embeddable":true,"href":"https:\/\/historiografija.hr\/index.php?rest_route=%2Fwp%2Fv2%2Fcategories&post=42434"},{"taxonomy":"post_tag","embeddable":true,"href":"https:\/\/historiografija.hr\/index.php?rest_route=%2Fwp%2Fv2%2Ftags&post=42434"}],"curies":[{"name":"wp","href":"https:\/\/api.w.org\/{rel}","templated":true}]}}