{"id":42403,"date":"2024-09-25T20:47:11","date_gmt":"2024-09-25T20:47:11","guid":{"rendered":"http:\/\/historiografija.hr\/?p=42403"},"modified":"2024-09-25T20:47:11","modified_gmt":"2024-09-25T20:47:11","slug":"vii-kongres-hrvatskih-povjesnicara-predstavljanje-knjige-sinise-bilic-dujmusica-bitka-kod-krka-49-godine-prije-krista","status":"publish","type":"post","link":"https:\/\/historiografija.hr\/?p=42403","title":{"rendered":"VII. kongres hrvatskih povjesni\u010dara: Predstavljanje knjige Sini\u0161e Bili\u0107-Dujmu\u0161i\u0107a \u201eBitka kod Krka 49. godine prije Krista\u201c"},"content":{"rendered":"\n<p>Na VII. kongresu hrvatskih povjesni\u010dara u Osijeku u petak, 27. rujna 2024. u 18.10 u dvorani 39 bit \u0107e odr\u017eano predstavljanje knjige SINI\u0160E BILI\u0106-DUJMU\u0160I\u0106A, \u201eBitka kod Krka 49. godine prije Krista\u201c, Rijeka \u2013 Zagreb: Filozofski fakultet u Rijeci, Hrvatska sveu\u010dili\u0161na naklada, Hrvatsko katoli\u010dko sveu\u010dili\u0161te, 2022. O knjizi govore: akademik ROBERT MATIJA\u0160I\u0106, FE\u0110A MILIVOJEVI\u0106 te autor knjige.<\/p>\n\n\n\n<hr class=\"wp-block-separator\"\/>\n\n\n\n<figure class=\"wp-block-embed-wordpress wp-block-embed is-type-wp-embed is-provider-historiografija-hr\"><div class=\"wp-block-embed__wrapper\">\n<blockquote class=\"wp-embedded-content\" data-secret=\"9fxTWKiV4Z\"><a href=\"https:\/\/historiografija.hr\/?p=42331\">VII. kongres hrvatskih povjesni\u010dara (Osijek, 25. &#8211; 28. 9. 2024.)<\/a><\/blockquote><iframe loading=\"lazy\" class=\"wp-embedded-content\" sandbox=\"allow-scripts\" security=\"restricted\" style=\"position: absolute; clip: rect(1px, 1px, 1px, 1px);\" title=\"&#8220;VII. kongres hrvatskih povjesni\u010dara (Osijek, 25. &#8211; 28. 9. 2024.)&#8221; &#8212; Historiografija.hr\" src=\"https:\/\/historiografija.hr\/?p=42331&#038;embed=true#?secret=9fxTWKiV4Z\" data-secret=\"9fxTWKiV4Z\" width=\"600\" height=\"338\" frameborder=\"0\" marginwidth=\"0\" marginheight=\"0\" scrolling=\"no\"><\/iframe>\n<\/div><\/figure>\n\n\n\n<hr class=\"wp-block-separator\"\/>\n\n\n\n<p><a href=\"https:\/\/www.hsn.hr\/product\/1540\/bitka-kod-krka-49-godina-prije-krista\">https:\/\/www.hsn.hr\/product\/1540\/bitka-kod-krka-49-godina-prije-krista<\/a><\/p>\n\n\n\n<hr class=\"wp-block-separator\"\/>\n","protected":false},"excerpt":{"rendered":"","protected":false},"author":2,"featured_media":42404,"comment_status":"open","ping_status":"open","sticky":false,"template":"","format":"standard","meta":{"_acf_changed":false,"jetpack_post_was_ever_published":false,"_jetpack_newsletter_access":"","_jetpack_dont_email_post_to_subs":false,"_jetpack_newsletter_tier_id":0,"_jetpack_memberships_contains_paywalled_content":false,"_jetpack_memberships_contains_paid_content":false,"footnotes":"","jetpack_publicize_message":"","jetpack_publicize_feature_enabled":true,"jetpack_social_post_already_shared":true,"jetpack_social_options":{"image_generator_settings":{"template":"highway","default_image_id":0,"font":"","enabled":false},"version":2}},"categories":[3],"tags":[],"class_list":["post-42403","post","type-post","status-publish","format-standard","has-post-thumbnail","hentry","category-novosti"],"acf":{"facebook_opis":""},"jetpack_publicize_connections":[],"jetpack_featured_media_url":"https:\/\/i0.wp.com\/historiografija.hr\/wp-content\/uploads\/2024\/09\/BITKA_kod_KRKA.jpg?fit=623%2C880&ssl=1","jetpack_sharing_enabled":true,"jetpack-related-posts":[],"_links":{"self":[{"href":"https:\/\/historiografija.hr\/index.php?rest_route=\/wp\/v2\/posts\/42403","targetHints":{"allow":["GET"]}}],"collection":[{"href":"https:\/\/historiografija.hr\/index.php?rest_route=\/wp\/v2\/posts"}],"about":[{"href":"https:\/\/historiografija.hr\/index.php?rest_route=\/wp\/v2\/types\/post"}],"author":[{"embeddable":true,"href":"https:\/\/historiografija.hr\/index.php?rest_route=\/wp\/v2\/users\/2"}],"replies":[{"embeddable":true,"href":"https:\/\/historiografija.hr\/index.php?rest_route=%2Fwp%2Fv2%2Fcomments&post=42403"}],"version-history":[{"count":1,"href":"https:\/\/historiografija.hr\/index.php?rest_route=\/wp\/v2\/posts\/42403\/revisions"}],"predecessor-version":[{"id":42405,"href":"https:\/\/historiografija.hr\/index.php?rest_route=\/wp\/v2\/posts\/42403\/revisions\/42405"}],"wp:featuredmedia":[{"embeddable":true,"href":"https:\/\/historiografija.hr\/index.php?rest_route=\/wp\/v2\/media\/42404"}],"wp:attachment":[{"href":"https:\/\/historiografija.hr\/index.php?rest_route=%2Fwp%2Fv2%2Fmedia&parent=42403"}],"wp:term":[{"taxonomy":"category","embeddable":true,"href":"https:\/\/historiografija.hr\/index.php?rest_route=%2Fwp%2Fv2%2Fcategories&post=42403"},{"taxonomy":"post_tag","embeddable":true,"href":"https:\/\/historiografija.hr\/index.php?rest_route=%2Fwp%2Fv2%2Ftags&post=42403"}],"curies":[{"name":"wp","href":"https:\/\/api.w.org\/{rel}","templated":true}]}}