{"id":42392,"date":"2024-09-25T20:26:24","date_gmt":"2024-09-25T20:26:24","guid":{"rendered":"http:\/\/historiografija.hr\/?p=42392"},"modified":"2024-09-25T20:26:50","modified_gmt":"2024-09-25T20:26:50","slug":"vii-kongres-hrvatskih-povjesnicara-predstavljanje-knjige-ivone-sego-maric-hrvatska-politika-u-bosni-i-hercegovini-1878-1918-drzavnopravne-teme-i-pitanja","status":"publish","type":"post","link":"https:\/\/historiografija.hr\/?p=42392","title":{"rendered":"VII. kongres hrvatskih povjesni\u010dara: Predstavljanje knjige Ivone \u0160ego-Mari\u0107, \u201eHrvatska politika u Bosni i Hercegovini 1878. \u2013 1918. Dr\u017eavnopravne teme i pitanja\u201c"},"content":{"rendered":"\n<p>Na VII. kongresu hrvatskih povjesni\u010dara u Osijeku u petak, 27. rujna 2024. u 17 sati u dvorani 66 bit \u0107e odr\u017eano predstavljanje knjige IVONE \u0160EGO-MARI\u0106, \u201eHrvatska politika u Bosni i Hercegovini 1878. \u2013 1918. Dr\u017eavnopravne teme i pitanja\u201c, Mostar: Sveu\u010dili\u0161te u Mostaru, 2024.<\/p>\n\n\n\n<hr class=\"wp-block-separator\"\/>\n\n\n\n<figure class=\"wp-block-embed-wordpress wp-block-embed is-type-wp-embed is-provider-historiografija-hr\"><div class=\"wp-block-embed__wrapper\">\n<blockquote class=\"wp-embedded-content\" data-secret=\"dcXpAyXv3W\"><a href=\"https:\/\/historiografija.hr\/?p=42331\">VII. kongres hrvatskih povjesni\u010dara (Osijek, 25. &#8211; 28. 9. 2024.)<\/a><\/blockquote><iframe loading=\"lazy\" class=\"wp-embedded-content\" sandbox=\"allow-scripts\" security=\"restricted\" style=\"position: absolute; clip: rect(1px, 1px, 1px, 1px);\" title=\"&#8220;VII. kongres hrvatskih povjesni\u010dara (Osijek, 25. &#8211; 28. 9. 2024.)&#8221; &#8212; Historiografija.hr\" src=\"https:\/\/historiografija.hr\/?p=42331&#038;embed=true#?secret=dcXpAyXv3W\" data-secret=\"dcXpAyXv3W\" width=\"600\" height=\"338\" frameborder=\"0\" marginwidth=\"0\" marginheight=\"0\" scrolling=\"no\"><\/iframe>\n<\/div><\/figure>\n\n\n\n<hr class=\"wp-block-separator\"\/>\n\n\n\n<p><a href=\"https:\/\/glashrvatske.hrt.hr\/hr\/vijesti-iz-bih\/u-mostaru-predstavljena-znanstvena-monografija-prof-dr-sc-ivone-sego-maric-11639732\">https:\/\/glashrvatske.hrt.hr\/hr\/vijesti-iz-bih\/u-mostaru-predstavljena-znanstvena-monografija-prof-dr-sc-ivone-sego-maric-11639732<\/a><\/p>\n\n\n\n<hr class=\"wp-block-separator\"\/>\n","protected":false},"excerpt":{"rendered":"","protected":false},"author":2,"featured_media":42393,"comment_status":"open","ping_status":"open","sticky":false,"template":"","format":"standard","meta":{"_acf_changed":false,"jetpack_post_was_ever_published":false,"_jetpack_newsletter_access":"","_jetpack_dont_email_post_to_subs":false,"_jetpack_newsletter_tier_id":0,"_jetpack_memberships_contains_paywalled_content":false,"_jetpack_memberships_contains_paid_content":false,"footnotes":"","jetpack_publicize_message":"","jetpack_publicize_feature_enabled":true,"jetpack_social_post_already_shared":true,"jetpack_social_options":{"image_generator_settings":{"template":"highway","default_image_id":0,"font":"","enabled":false},"version":2}},"categories":[3],"tags":[],"class_list":["post-42392","post","type-post","status-publish","format-standard","has-post-thumbnail","hentry","category-novosti"],"acf":{"facebook_opis":""},"jetpack_publicize_connections":[],"jetpack_featured_media_url":"https:\/\/i0.wp.com\/historiografija.hr\/wp-content\/uploads\/2024\/09\/Hrvatska-politika-u-BiH.jpg?fit=1080%2C768&ssl=1","jetpack_sharing_enabled":true,"jetpack-related-posts":[],"_links":{"self":[{"href":"https:\/\/historiografija.hr\/index.php?rest_route=\/wp\/v2\/posts\/42392","targetHints":{"allow":["GET"]}}],"collection":[{"href":"https:\/\/historiografija.hr\/index.php?rest_route=\/wp\/v2\/posts"}],"about":[{"href":"https:\/\/historiografija.hr\/index.php?rest_route=\/wp\/v2\/types\/post"}],"author":[{"embeddable":true,"href":"https:\/\/historiografija.hr\/index.php?rest_route=\/wp\/v2\/users\/2"}],"replies":[{"embeddable":true,"href":"https:\/\/historiografija.hr\/index.php?rest_route=%2Fwp%2Fv2%2Fcomments&post=42392"}],"version-history":[{"count":2,"href":"https:\/\/historiografija.hr\/index.php?rest_route=\/wp\/v2\/posts\/42392\/revisions"}],"predecessor-version":[{"id":42395,"href":"https:\/\/historiografija.hr\/index.php?rest_route=\/wp\/v2\/posts\/42392\/revisions\/42395"}],"wp:featuredmedia":[{"embeddable":true,"href":"https:\/\/historiografija.hr\/index.php?rest_route=\/wp\/v2\/media\/42393"}],"wp:attachment":[{"href":"https:\/\/historiografija.hr\/index.php?rest_route=%2Fwp%2Fv2%2Fmedia&parent=42392"}],"wp:term":[{"taxonomy":"category","embeddable":true,"href":"https:\/\/historiografija.hr\/index.php?rest_route=%2Fwp%2Fv2%2Fcategories&post=42392"},{"taxonomy":"post_tag","embeddable":true,"href":"https:\/\/historiografija.hr\/index.php?rest_route=%2Fwp%2Fv2%2Ftags&post=42392"}],"curies":[{"name":"wp","href":"https:\/\/api.w.org\/{rel}","templated":true}]}}