{"id":42376,"date":"2024-09-24T21:33:39","date_gmt":"2024-09-24T21:33:39","guid":{"rendered":"http:\/\/historiografija.hr\/?p=42376"},"modified":"2024-09-24T21:33:39","modified_gmt":"2024-09-24T21:33:39","slug":"vii-kongres-hrvatskih-povjesnicara-predstavljanje-zbornika-radova-lokalna-vlast-i-samouprava-u-povijesti-slavonije-srijema-i-baranje","status":"publish","type":"post","link":"https:\/\/historiografija.hr\/?p=42376","title":{"rendered":"VII. kongres hrvatskih povjesni\u010dara: Predstavljanje zbornika radova \u201eLokalna vlast i samouprava u povijesti Slavonije, Srijema i Baranje\u201c"},"content":{"rendered":"\n<p>Na VII. kongresu hrvatskih povjesni\u010dara u Osijeku u \u010detvrtak, 26. rujna 2024. u 18.15 sati u dvorani 31 bit \u0107e odr\u017eano predstavljanje zbornika radova \u201eLokalna vlast i samouprava u povijesti Slavonije, Srijema i Baranje\u201c, ur. ANA RAJKOVI\u0106 PEJI\u0106 i DOMAGOJ TOMAS, Slavonski Brod \u2013 Osijek: Hrvatski institut za povijest \u2013 Podru\u017enica za povijest Slavonije, Srijema i Baranje, Filozofski fakultet u Osijeku, 2024.<\/p>\n\n\n\n<hr class=\"wp-block-separator\"\/>\n\n\n\n<figure class=\"wp-block-embed-wordpress wp-block-embed is-type-wp-embed is-provider-historiografija-hr\"><div class=\"wp-block-embed__wrapper\">\n<blockquote class=\"wp-embedded-content\" data-secret=\"6QU3OtvplF\"><a href=\"https:\/\/historiografija.hr\/?p=42331\">VII. kongres hrvatskih povjesni\u010dara (Osijek, 25. &#8211; 28. 9. 2024.)<\/a><\/blockquote><iframe loading=\"lazy\" class=\"wp-embedded-content\" sandbox=\"allow-scripts\" security=\"restricted\" style=\"position: absolute; clip: rect(1px, 1px, 1px, 1px);\" title=\"&#8220;VII. kongres hrvatskih povjesni\u010dara (Osijek, 25. &#8211; 28. 9. 2024.)&#8221; &#8212; Historiografija.hr\" src=\"https:\/\/historiografija.hr\/?p=42331&#038;embed=true#?secret=6QU3OtvplF\" data-secret=\"6QU3OtvplF\" width=\"600\" height=\"338\" frameborder=\"0\" marginwidth=\"0\" marginheight=\"0\" scrolling=\"no\"><\/iframe>\n<\/div><\/figure>\n\n\n\n<hr class=\"wp-block-separator\"\/>\n\n\n\n<figure class=\"wp-block-embed-wordpress wp-block-embed is-type-wp-embed is-provider-historiografija-hr\"><div class=\"wp-block-embed__wrapper\">\n<blockquote class=\"wp-embedded-content\" data-secret=\"uNL21sMQRM\"><a href=\"https:\/\/historiografija.hr\/?p=42118\">Lokalna vlast i samouprava u povijesti Slavonije, Srijema i Baranje<\/a><\/blockquote><iframe loading=\"lazy\" class=\"wp-embedded-content\" sandbox=\"allow-scripts\" security=\"restricted\" style=\"position: absolute; clip: rect(1px, 1px, 1px, 1px);\" title=\"&#8220;Lokalna vlast i samouprava u povijesti Slavonije, Srijema i Baranje&#8221; &#8212; Historiografija.hr\" src=\"https:\/\/historiografija.hr\/?p=42118&#038;embed=true#?secret=uNL21sMQRM\" data-secret=\"uNL21sMQRM\" width=\"600\" height=\"338\" frameborder=\"0\" marginwidth=\"0\" marginheight=\"0\" scrolling=\"no\"><\/iframe>\n<\/div><\/figure>\n\n\n\n<hr class=\"wp-block-separator\"\/>\n","protected":false},"excerpt":{"rendered":"","protected":false},"author":2,"featured_media":42119,"comment_status":"open","ping_status":"open","sticky":false,"template":"","format":"standard","meta":{"_acf_changed":false,"jetpack_post_was_ever_published":false,"_jetpack_newsletter_access":"","_jetpack_dont_email_post_to_subs":false,"_jetpack_newsletter_tier_id":0,"_jetpack_memberships_contains_paywalled_content":false,"_jetpack_memberships_contains_paid_content":false,"footnotes":"","jetpack_publicize_message":"","jetpack_publicize_feature_enabled":true,"jetpack_social_post_already_shared":true,"jetpack_social_options":{"image_generator_settings":{"template":"highway","default_image_id":0,"font":"","enabled":false},"version":2}},"categories":[3],"tags":[],"class_list":["post-42376","post","type-post","status-publish","format-standard","has-post-thumbnail","hentry","category-novosti"],"acf":{"facebook_opis":""},"jetpack_publicize_connections":[],"jetpack_featured_media_url":"https:\/\/i0.wp.com\/historiografija.hr\/wp-content\/uploads\/2024\/09\/Lokalna-vlast.jpg?fit=660%2C960&ssl=1","jetpack_sharing_enabled":true,"jetpack-related-posts":[],"_links":{"self":[{"href":"https:\/\/historiografija.hr\/index.php?rest_route=\/wp\/v2\/posts\/42376","targetHints":{"allow":["GET"]}}],"collection":[{"href":"https:\/\/historiografija.hr\/index.php?rest_route=\/wp\/v2\/posts"}],"about":[{"href":"https:\/\/historiografija.hr\/index.php?rest_route=\/wp\/v2\/types\/post"}],"author":[{"embeddable":true,"href":"https:\/\/historiografija.hr\/index.php?rest_route=\/wp\/v2\/users\/2"}],"replies":[{"embeddable":true,"href":"https:\/\/historiografija.hr\/index.php?rest_route=%2Fwp%2Fv2%2Fcomments&post=42376"}],"version-history":[{"count":1,"href":"https:\/\/historiografija.hr\/index.php?rest_route=\/wp\/v2\/posts\/42376\/revisions"}],"predecessor-version":[{"id":42377,"href":"https:\/\/historiografija.hr\/index.php?rest_route=\/wp\/v2\/posts\/42376\/revisions\/42377"}],"wp:featuredmedia":[{"embeddable":true,"href":"https:\/\/historiografija.hr\/index.php?rest_route=\/wp\/v2\/media\/42119"}],"wp:attachment":[{"href":"https:\/\/historiografija.hr\/index.php?rest_route=%2Fwp%2Fv2%2Fmedia&parent=42376"}],"wp:term":[{"taxonomy":"category","embeddable":true,"href":"https:\/\/historiografija.hr\/index.php?rest_route=%2Fwp%2Fv2%2Fcategories&post=42376"},{"taxonomy":"post_tag","embeddable":true,"href":"https:\/\/historiografija.hr\/index.php?rest_route=%2Fwp%2Fv2%2Ftags&post=42376"}],"curies":[{"name":"wp","href":"https:\/\/api.w.org\/{rel}","templated":true}]}}