{"id":42370,"date":"2024-09-23T18:49:16","date_gmt":"2024-09-23T18:49:16","guid":{"rendered":"http:\/\/historiografija.hr\/?p=42370"},"modified":"2024-09-23T18:49:16","modified_gmt":"2024-09-23T18:49:16","slug":"vii-kongres-hrvatskih-povjesnicara-predstavljanje-zbornika-radova-art-and-the-state-in-modern-central-europe-18th-21st-century","status":"publish","type":"post","link":"https:\/\/historiografija.hr\/?p=42370","title":{"rendered":"VII. kongres hrvatskih povjesni\u010dara: Predstavljanje zbornika radova &#8220;Art and the State in Modern Central Europe (18th \u2013 21st Century)&#8221;"},"content":{"rendered":"\n<p>Na VII. kongresu hrvatskih povjesni\u010dara u Osijeku u srijedu, 25. rujna 2024. u 18.45 sati u dvorani 39 bit \u0107e odr\u017eano predstavljanje (u suradnji s Akademijom za umjetnost i kulturu u Osijeku) zbornika radova &#8220;Art and the State in Modern Central Europe (18th \u2013 21st Century)&#8221;. Edited by JOSIPA ALVI\u017d, DRAGAN DAMJANOVI\u0106, JASMINA NESTI\u0106 &amp; JEREMY F. WALTON, Zagreb: Faculty of Humanities and Social Sciences, University of Zagreb, FF press, 2024.<\/p>\n\n\n\n<hr class=\"wp-block-separator\"\/>\n\n\n\n<figure class=\"wp-block-embed-wordpress wp-block-embed is-type-wp-embed is-provider-historiografija-hr\"><div class=\"wp-block-embed__wrapper\">\n<blockquote class=\"wp-embedded-content\" data-secret=\"QzQ2YlcfVa\"><a href=\"https:\/\/historiografija.hr\/?p=42331\">VII. kongres hrvatskih povjesni\u010dara (Osijek, 25. &#8211; 28. 9. 2024.)<\/a><\/blockquote><iframe loading=\"lazy\" class=\"wp-embedded-content\" sandbox=\"allow-scripts\" security=\"restricted\" style=\"position: absolute; clip: rect(1px, 1px, 1px, 1px);\" title=\"&#8220;VII. kongres hrvatskih povjesni\u010dara (Osijek, 25. &#8211; 28. 9. 2024.)&#8221; &#8212; Historiografija.hr\" src=\"https:\/\/historiografija.hr\/?p=42331&#038;embed=true#?secret=QzQ2YlcfVa\" data-secret=\"QzQ2YlcfVa\" width=\"600\" height=\"338\" frameborder=\"0\" marginwidth=\"0\" marginheight=\"0\" scrolling=\"no\"><\/iframe>\n<\/div><\/figure>\n\n\n\n<hr class=\"wp-block-separator\"\/>\n\n\n\n<p><a href=\"https:\/\/www.academia.edu\/118631441\/Art_and_the_State_in_Modern_Central_Europe_18th_21st_Century_book_of_proceedings_edited_by_Josipa_Alvi%C5%BE_Dragan_Damjanovi%C4%87_Jasmina_Nesti%C4%87_Jeremy_F_Walton_Zagreb_FF_Press_Filozofski_fakultet_Sveu%C4%8Dili%C5%A1ta_u_Zagrebu_2024\">https:\/\/www.academia.edu\/118631441\/Art_and_the_State_in_Modern_Central_Europe_18th_21st_Century_book_of_proceedings_edited_by_Josipa_Alvi%C5%BE_Dragan_Damjanovi%C4%87_Jasmina_Nesti%C4%87_Jeremy_F_Walton_Zagreb_FF_Press_Filozofski_fakultet_Sveu%C4%8Dili%C5%A1ta_u_Zagrebu_2024<\/a><\/p>\n\n\n\n<hr class=\"wp-block-separator\"\/>\n","protected":false},"excerpt":{"rendered":"","protected":false},"author":2,"featured_media":42371,"comment_status":"open","ping_status":"open","sticky":false,"template":"","format":"standard","meta":{"_acf_changed":false,"jetpack_post_was_ever_published":false,"_jetpack_newsletter_access":"","_jetpack_dont_email_post_to_subs":false,"_jetpack_newsletter_tier_id":0,"_jetpack_memberships_contains_paywalled_content":false,"_jetpack_memberships_contains_paid_content":false,"footnotes":"","jetpack_publicize_message":"","jetpack_publicize_feature_enabled":true,"jetpack_social_post_already_shared":true,"jetpack_social_options":{"image_generator_settings":{"template":"highway","default_image_id":0,"font":"","enabled":false},"version":2}},"categories":[3],"tags":[],"class_list":["post-42370","post","type-post","status-publish","format-standard","has-post-thumbnail","hentry","category-novosti"],"acf":{"facebook_opis":""},"jetpack_publicize_connections":[],"jetpack_featured_media_url":"https:\/\/i0.wp.com\/historiografija.hr\/wp-content\/uploads\/2024\/09\/ART.png?fit=600%2C758&ssl=1","jetpack_sharing_enabled":true,"jetpack-related-posts":[],"_links":{"self":[{"href":"https:\/\/historiografija.hr\/index.php?rest_route=\/wp\/v2\/posts\/42370","targetHints":{"allow":["GET"]}}],"collection":[{"href":"https:\/\/historiografija.hr\/index.php?rest_route=\/wp\/v2\/posts"}],"about":[{"href":"https:\/\/historiografija.hr\/index.php?rest_route=\/wp\/v2\/types\/post"}],"author":[{"embeddable":true,"href":"https:\/\/historiografija.hr\/index.php?rest_route=\/wp\/v2\/users\/2"}],"replies":[{"embeddable":true,"href":"https:\/\/historiografija.hr\/index.php?rest_route=%2Fwp%2Fv2%2Fcomments&post=42370"}],"version-history":[{"count":1,"href":"https:\/\/historiografija.hr\/index.php?rest_route=\/wp\/v2\/posts\/42370\/revisions"}],"predecessor-version":[{"id":42372,"href":"https:\/\/historiografija.hr\/index.php?rest_route=\/wp\/v2\/posts\/42370\/revisions\/42372"}],"wp:featuredmedia":[{"embeddable":true,"href":"https:\/\/historiografija.hr\/index.php?rest_route=\/wp\/v2\/media\/42371"}],"wp:attachment":[{"href":"https:\/\/historiografija.hr\/index.php?rest_route=%2Fwp%2Fv2%2Fmedia&parent=42370"}],"wp:term":[{"taxonomy":"category","embeddable":true,"href":"https:\/\/historiografija.hr\/index.php?rest_route=%2Fwp%2Fv2%2Fcategories&post=42370"},{"taxonomy":"post_tag","embeddable":true,"href":"https:\/\/historiografija.hr\/index.php?rest_route=%2Fwp%2Fv2%2Ftags&post=42370"}],"curies":[{"name":"wp","href":"https:\/\/api.w.org\/{rel}","templated":true}]}}