{"id":42368,"date":"2024-09-23T18:41:57","date_gmt":"2024-09-23T18:41:57","guid":{"rendered":"http:\/\/historiografija.hr\/?p=42368"},"modified":"2024-09-23T18:41:57","modified_gmt":"2024-09-23T18:41:57","slug":"vii-kongres-hrvatskih-povjesnicara-predstavljanje-prirucnika-mirjane-matijevic-sokol-i-tomislava-galovica-urednici-i-priredivaci-hrvatska-heraldicka-bastina-i-odabrane-teme-pr","status":"publish","type":"post","link":"https:\/\/historiografija.hr\/?p=42368","title":{"rendered":"VII. kongres hrvatskih povjesni\u010dara: Predstavljanje priru\u010dnika Mirjane Matijevi\u0107 Sokol i Tomislava Galovi\u0107a (urednici i prire\u0111iva\u010di) \u201eHrvatska heraldi\u010dka ba\u0161tina I. \u2013 odabrane teme. Priru\u010dnik za studente\u201c"},"content":{"rendered":"\n<p>Na VII. kongresu hrvatskih povjesni\u010dara u Osijeku u srijedu, 25. rujna 2024. u 18.45 sati u dvorani 54 bit \u0107e odr\u017eano predstavljanje priru\u010dnika Mirjane Matijevi\u0107 Sokol i Tomislava Galovi\u0107a (urednici i prire\u0111iva\u010di) \u201eHrvatska heraldi\u010dka ba\u0161tina I. \u2013 odabrane teme. Priru\u010dnik za studente\u201c, Zagreb: Filozofski fakultet Sveu\u010dili\u0161ta u Zagrebu \u2013 FF press (Katedarska knji\u017enica: Pomo\u0107ne povijesne znanosti, sv. 1. \/ Bibliotheca Cathedrae: Scientiae auxiliares historiae, vol. I.), 2023.<\/p>\n\n\n\n<hr class=\"wp-block-separator\"\/>\n\n\n\n<figure class=\"wp-block-embed-wordpress wp-block-embed is-type-wp-embed is-provider-historiografija-hr\"><div class=\"wp-block-embed__wrapper\">\n<blockquote class=\"wp-embedded-content\" data-secret=\"kwleN9cxCX\"><a href=\"https:\/\/historiografija.hr\/?p=42331\">VII. kongres hrvatskih povjesni\u010dara (Osijek, 25. &#8211; 28. 9. 2024.)<\/a><\/blockquote><iframe loading=\"lazy\" class=\"wp-embedded-content\" sandbox=\"allow-scripts\" security=\"restricted\" style=\"position: absolute; clip: rect(1px, 1px, 1px, 1px);\" title=\"&#8220;VII. kongres hrvatskih povjesni\u010dara (Osijek, 25. &#8211; 28. 9. 2024.)&#8221; &#8212; Historiografija.hr\" src=\"https:\/\/historiografija.hr\/?p=42331&#038;embed=true#?secret=kwleN9cxCX\" data-secret=\"kwleN9cxCX\" width=\"600\" height=\"338\" frameborder=\"0\" marginwidth=\"0\" marginheight=\"0\" scrolling=\"no\"><\/iframe>\n<\/div><\/figure>\n\n\n\n<hr class=\"wp-block-separator\"\/>\n\n\n\n<figure class=\"wp-block-embed-wordpress wp-block-embed is-type-wp-embed is-provider-historiografija-hr\"><div class=\"wp-block-embed__wrapper\">\n<blockquote class=\"wp-embedded-content\" data-secret=\"VM6rkMzPla\"><a href=\"https:\/\/historiografija.hr\/?p=40757\">Predstavljanje ud\u017ebenika &#8220;HRVATSKA HERALDI\u010cKA BA\u0160TINA I. \u2013 ODABRANE TEME: PRIRU\u010cNIK ZA STUDENTE&#8221;<\/a><\/blockquote><iframe loading=\"lazy\" class=\"wp-embedded-content\" sandbox=\"allow-scripts\" security=\"restricted\" style=\"position: absolute; clip: rect(1px, 1px, 1px, 1px);\" title=\"&#8220;Predstavljanje ud\u017ebenika &#8220;HRVATSKA HERALDI\u010cKA BA\u0160TINA I. \u2013 ODABRANE TEME: PRIRU\u010cNIK ZA STUDENTE&#8221;&#8221; &#8212; Historiografija.hr\" src=\"https:\/\/historiografija.hr\/?p=40757&#038;embed=true#?secret=VM6rkMzPla\" data-secret=\"VM6rkMzPla\" width=\"600\" height=\"338\" frameborder=\"0\" marginwidth=\"0\" marginheight=\"0\" scrolling=\"no\"><\/iframe>\n<\/div><\/figure>\n\n\n\n<hr class=\"wp-block-separator\"\/>\n","protected":false},"excerpt":{"rendered":"","protected":false},"author":2,"featured_media":40758,"comment_status":"open","ping_status":"open","sticky":false,"template":"","format":"standard","meta":{"_acf_changed":false,"jetpack_post_was_ever_published":false,"_jetpack_newsletter_access":"","_jetpack_dont_email_post_to_subs":false,"_jetpack_newsletter_tier_id":0,"_jetpack_memberships_contains_paywalled_content":false,"_jetpack_memberships_contains_paid_content":false,"footnotes":"","jetpack_publicize_message":"","jetpack_publicize_feature_enabled":true,"jetpack_social_post_already_shared":true,"jetpack_social_options":{"image_generator_settings":{"template":"highway","default_image_id":0,"font":"","enabled":false},"version":2}},"categories":[3],"tags":[],"class_list":["post-42368","post","type-post","status-publish","format-standard","has-post-thumbnail","hentry","category-novosti"],"acf":{"facebook_opis":""},"jetpack_publicize_connections":[],"jetpack_featured_media_url":"https:\/\/i0.wp.com\/historiografija.hr\/wp-content\/uploads\/2024\/05\/hrvatska_heraldicka_bastina.jpg?fit=800%2C497&ssl=1","jetpack_sharing_enabled":true,"jetpack-related-posts":[],"_links":{"self":[{"href":"https:\/\/historiografija.hr\/index.php?rest_route=\/wp\/v2\/posts\/42368","targetHints":{"allow":["GET"]}}],"collection":[{"href":"https:\/\/historiografija.hr\/index.php?rest_route=\/wp\/v2\/posts"}],"about":[{"href":"https:\/\/historiografija.hr\/index.php?rest_route=\/wp\/v2\/types\/post"}],"author":[{"embeddable":true,"href":"https:\/\/historiografija.hr\/index.php?rest_route=\/wp\/v2\/users\/2"}],"replies":[{"embeddable":true,"href":"https:\/\/historiografija.hr\/index.php?rest_route=%2Fwp%2Fv2%2Fcomments&post=42368"}],"version-history":[{"count":1,"href":"https:\/\/historiografija.hr\/index.php?rest_route=\/wp\/v2\/posts\/42368\/revisions"}],"predecessor-version":[{"id":42369,"href":"https:\/\/historiografija.hr\/index.php?rest_route=\/wp\/v2\/posts\/42368\/revisions\/42369"}],"wp:featuredmedia":[{"embeddable":true,"href":"https:\/\/historiografija.hr\/index.php?rest_route=\/wp\/v2\/media\/40758"}],"wp:attachment":[{"href":"https:\/\/historiografija.hr\/index.php?rest_route=%2Fwp%2Fv2%2Fmedia&parent=42368"}],"wp:term":[{"taxonomy":"category","embeddable":true,"href":"https:\/\/historiografija.hr\/index.php?rest_route=%2Fwp%2Fv2%2Fcategories&post=42368"},{"taxonomy":"post_tag","embeddable":true,"href":"https:\/\/historiografija.hr\/index.php?rest_route=%2Fwp%2Fv2%2Ftags&post=42368"}],"curies":[{"name":"wp","href":"https:\/\/api.w.org\/{rel}","templated":true}]}}