{"id":42362,"date":"2024-09-23T18:24:29","date_gmt":"2024-09-23T18:24:29","guid":{"rendered":"http:\/\/historiografija.hr\/?p=42362"},"modified":"2024-09-23T18:24:29","modified_gmt":"2024-09-23T18:24:29","slug":"vii-kongres-hrvatskih-povjesnicara-predstavljanje-knjige-memoari-jelice-belovic-bernadzikowske-ljube-t-danicic","status":"publish","type":"post","link":"https:\/\/historiografija.hr\/?p=42362","title":{"rendered":"VII. kongres hrvatskih povjesni\u010dara: Predstavljanje knjige \u201eMemoari Jelice Belovi\u0107-Bernadzikowske (Ljube T. Dani\u010di\u0107)\u201c"},"content":{"rendered":"\n<p>Na VII. kongresu hrvatskih povjesni\u010dara u Osijeku u srijedu, 25. rujna 2024. u 17.15 sati u dvorani 58 bit \u0107e odr\u017eano predstavljanje knjige \u201eMemoari Jelice Belovi\u0107-Bernadzikowske (Ljube T. Dani\u010di\u0107)\u201c, ur. ENES S. OMEROVI\u0106 i TOMASZ JACEK LIS, Sarajevo: Univerzitet u Sarajevu \u2013 Institut za historiju i Historijski arhiv Sarajevo, 2023.<\/p>\n\n\n\n<hr class=\"wp-block-separator\"\/>\n\n\n\n<figure class=\"wp-block-embed-wordpress wp-block-embed is-type-wp-embed is-provider-historiografija-hr\"><div class=\"wp-block-embed__wrapper\">\n<blockquote class=\"wp-embedded-content\" data-secret=\"wWYBKOHLib\"><a href=\"https:\/\/historiografija.hr\/?p=42331\">VII. kongres hrvatskih povjesni\u010dara (Osijek, 25. &#8211; 28. 9. 2024.)<\/a><\/blockquote><iframe loading=\"lazy\" class=\"wp-embedded-content\" sandbox=\"allow-scripts\" security=\"restricted\" style=\"position: absolute; clip: rect(1px, 1px, 1px, 1px);\" title=\"&#8220;VII. kongres hrvatskih povjesni\u010dara (Osijek, 25. &#8211; 28. 9. 2024.)&#8221; &#8212; Historiografija.hr\" src=\"https:\/\/historiografija.hr\/?p=42331&#038;embed=true#?secret=wWYBKOHLib\" data-secret=\"wWYBKOHLib\" width=\"600\" height=\"338\" frameborder=\"0\" marginwidth=\"0\" marginheight=\"0\" scrolling=\"no\"><\/iframe>\n<\/div><\/figure>\n\n\n\n<hr class=\"wp-block-separator\"\/>\n\n\n\n<figure class=\"wp-block-embed-wordpress wp-block-embed is-type-wp-embed is-provider-historiografija-hr\"><div class=\"wp-block-embed__wrapper\">\n<blockquote class=\"wp-embedded-content\" data-secret=\"Fh5G0GYSKK\"><a href=\"https:\/\/historiografija.hr\/?p=38646\">\u201eMemoari Jelice Belovi\u0107-Bernadzikowske (Ljube T. Dani\u010di\u0107)\u201c<\/a><\/blockquote><iframe loading=\"lazy\" class=\"wp-embedded-content\" sandbox=\"allow-scripts\" security=\"restricted\" style=\"position: absolute; clip: rect(1px, 1px, 1px, 1px);\" title=\"&#8220;\u201eMemoari Jelice Belovi\u0107-Bernadzikowske (Ljube T. Dani\u010di\u0107)\u201c&#8221; &#8212; Historiografija.hr\" src=\"https:\/\/historiografija.hr\/?p=38646&#038;embed=true#?secret=Fh5G0GYSKK\" data-secret=\"Fh5G0GYSKK\" width=\"600\" height=\"338\" frameborder=\"0\" marginwidth=\"0\" marginheight=\"0\" scrolling=\"no\"><\/iframe>\n<\/div><\/figure>\n\n\n\n<hr class=\"wp-block-separator\"\/>\n","protected":false},"excerpt":{"rendered":"","protected":false},"author":2,"featured_media":42363,"comment_status":"open","ping_status":"open","sticky":false,"template":"","format":"standard","meta":{"_acf_changed":false,"jetpack_post_was_ever_published":false,"_jetpack_newsletter_access":"","_jetpack_dont_email_post_to_subs":false,"_jetpack_newsletter_tier_id":0,"_jetpack_memberships_contains_paywalled_content":false,"_jetpack_memberships_contains_paid_content":false,"footnotes":"","jetpack_publicize_message":"","jetpack_publicize_feature_enabled":true,"jetpack_social_post_already_shared":true,"jetpack_social_options":{"image_generator_settings":{"template":"highway","default_image_id":0,"font":"","enabled":false},"version":2}},"categories":[3],"tags":[],"class_list":["post-42362","post","type-post","status-publish","format-standard","has-post-thumbnail","hentry","category-novosti"],"acf":{"facebook_opis":""},"jetpack_publicize_connections":[],"jetpack_featured_media_url":"https:\/\/i0.wp.com\/historiografija.hr\/wp-content\/uploads\/2024\/09\/memoari-jelice-belovic-bernadzikowske-ljube-t-danicic.jpg?fit=860%2C1250&ssl=1","jetpack_sharing_enabled":true,"jetpack-related-posts":[],"_links":{"self":[{"href":"https:\/\/historiografija.hr\/index.php?rest_route=\/wp\/v2\/posts\/42362","targetHints":{"allow":["GET"]}}],"collection":[{"href":"https:\/\/historiografija.hr\/index.php?rest_route=\/wp\/v2\/posts"}],"about":[{"href":"https:\/\/historiografija.hr\/index.php?rest_route=\/wp\/v2\/types\/post"}],"author":[{"embeddable":true,"href":"https:\/\/historiografija.hr\/index.php?rest_route=\/wp\/v2\/users\/2"}],"replies":[{"embeddable":true,"href":"https:\/\/historiografija.hr\/index.php?rest_route=%2Fwp%2Fv2%2Fcomments&post=42362"}],"version-history":[{"count":1,"href":"https:\/\/historiografija.hr\/index.php?rest_route=\/wp\/v2\/posts\/42362\/revisions"}],"predecessor-version":[{"id":42364,"href":"https:\/\/historiografija.hr\/index.php?rest_route=\/wp\/v2\/posts\/42362\/revisions\/42364"}],"wp:featuredmedia":[{"embeddable":true,"href":"https:\/\/historiografija.hr\/index.php?rest_route=\/wp\/v2\/media\/42363"}],"wp:attachment":[{"href":"https:\/\/historiografija.hr\/index.php?rest_route=%2Fwp%2Fv2%2Fmedia&parent=42362"}],"wp:term":[{"taxonomy":"category","embeddable":true,"href":"https:\/\/historiografija.hr\/index.php?rest_route=%2Fwp%2Fv2%2Fcategories&post=42362"},{"taxonomy":"post_tag","embeddable":true,"href":"https:\/\/historiografija.hr\/index.php?rest_route=%2Fwp%2Fv2%2Ftags&post=42362"}],"curies":[{"name":"wp","href":"https:\/\/api.w.org\/{rel}","templated":true}]}}