{"id":42359,"date":"2024-09-23T18:10:13","date_gmt":"2024-09-23T18:10:13","guid":{"rendered":"http:\/\/historiografija.hr\/?p=42359"},"modified":"2024-09-23T18:10:13","modified_gmt":"2024-09-23T18:10:13","slug":"vii-kongres-hrvatskih-povjesnicara-plenarna-predavanja-stanka-andrica-i-hrvoja-petrica","status":"publish","type":"post","link":"https:\/\/historiografija.hr\/?p=42359","title":{"rendered":"VII. kongres hrvatskih povjesni\u010dara: Plenarna predavanja Stanka Andri\u0107a i Hrvoja Petri\u0107a"},"content":{"rendered":"\n<p>Na VII. kongresu hrvatskih povjesni\u010dara u Osijeku u srijedu, 25. rujna 2024., nakon sve\u010danosti otvaranja i pozdravnih govora, plenarna izlaganja imat \u0107e Stanko Andri\u0107 \u201eIdeja zemlje od bo\u017eanstva i anti\u010dkog prapo\u010dela do modernih ideologija tla\u201c i Hrvoje Petri\u0107 \u201eZemlja kao ugro\u017eeni modrozeleni planet: ekohistorijski pogled\u201c.<\/p>\n\n\n\n<hr class=\"wp-block-separator\"\/>\n\n\n\n<p><strong>SRIJEDA, 25. rujna 2024.<\/strong><\/p>\n\n\n\n<p>10:00 \u2013 13:00 \/ Filozofski fakultet u Osijeku<\/p>\n\n\n\n<p>Dvorana 60<\/p>\n\n\n\n<p><strong>Sve\u010danost otvaranja VII. kongresa hrvatskih povjesni\u010dara<\/strong><\/p>\n\n\n\n<p><strong>Pozdravni govori<\/strong><\/p>\n\n\n\n<p>prof. dr. sc. Damir AGI\u010cI\u0106, predsjednik Hrvatskog nacionalnog odbora za povijesne znanosti, Zagreb<\/p>\n\n\n\n<p>prof. dr. sc. Ivan TROJAN, dekan Filozofskog fakulteta u Osijeku<\/p>\n\n\n\n<p>prof. dr. sc. \u017deljko HOLJEVAC, predsjednik Dru\u0161tva za hrvatsku povjesnicu, Zagreb<\/p>\n\n\n\n<p><strong>Plenarna izlaganja<\/strong><\/p>\n\n\n\n<p>dr. sc. Stanko ANDRI\u0106 (Hrvatski institut za povijest \u2013 Podru\u017enica za povijest Slavonije, Srijema i Baranje, Slavonski Brod): <strong>Ideja zemlje od bo\u017eanstva i anti\u010dkog prapo\u010dela do modernih ideologija tla<\/strong><\/p>\n\n\n\n<p>prof. dr. sc. Hrvoje PETRI\u0106 (Filozofski fakultet Sveu\u010dili\u0161ta u Zagrebu, \u010dlan suradnik HAZU): <strong>Zemlja kao ugro\u017eeni modrozeleni planet: ekohistorijski pogled<\/strong><\/p>\n\n\n\n<hr class=\"wp-block-separator\"\/>\n","protected":false},"excerpt":{"rendered":"","protected":false},"author":2,"featured_media":42360,"comment_status":"open","ping_status":"open","sticky":false,"template":"","format":"standard","meta":{"_acf_changed":false,"jetpack_post_was_ever_published":false,"_jetpack_newsletter_access":"","_jetpack_dont_email_post_to_subs":false,"_jetpack_newsletter_tier_id":0,"_jetpack_memberships_contains_paywalled_content":false,"_jetpack_memberships_contains_paid_content":false,"footnotes":"","jetpack_publicize_message":"","jetpack_publicize_feature_enabled":true,"jetpack_social_post_already_shared":true,"jetpack_social_options":{"image_generator_settings":{"template":"highway","default_image_id":0,"font":"","enabled":false},"version":2}},"categories":[3],"tags":[],"class_list":["post-42359","post","type-post","status-publish","format-standard","has-post-thumbnail","hentry","category-novosti"],"acf":{"facebook_opis":""},"jetpack_publicize_connections":[],"jetpack_featured_media_url":"https:\/\/i0.wp.com\/historiografija.hr\/wp-content\/uploads\/2024\/09\/banner-01.jpg?fit=1200%2C400&ssl=1","jetpack_sharing_enabled":true,"jetpack-related-posts":[],"_links":{"self":[{"href":"https:\/\/historiografija.hr\/index.php?rest_route=\/wp\/v2\/posts\/42359","targetHints":{"allow":["GET"]}}],"collection":[{"href":"https:\/\/historiografija.hr\/index.php?rest_route=\/wp\/v2\/posts"}],"about":[{"href":"https:\/\/historiografija.hr\/index.php?rest_route=\/wp\/v2\/types\/post"}],"author":[{"embeddable":true,"href":"https:\/\/historiografija.hr\/index.php?rest_route=\/wp\/v2\/users\/2"}],"replies":[{"embeddable":true,"href":"https:\/\/historiografija.hr\/index.php?rest_route=%2Fwp%2Fv2%2Fcomments&post=42359"}],"version-history":[{"count":1,"href":"https:\/\/historiografija.hr\/index.php?rest_route=\/wp\/v2\/posts\/42359\/revisions"}],"predecessor-version":[{"id":42361,"href":"https:\/\/historiografija.hr\/index.php?rest_route=\/wp\/v2\/posts\/42359\/revisions\/42361"}],"wp:featuredmedia":[{"embeddable":true,"href":"https:\/\/historiografija.hr\/index.php?rest_route=\/wp\/v2\/media\/42360"}],"wp:attachment":[{"href":"https:\/\/historiografija.hr\/index.php?rest_route=%2Fwp%2Fv2%2Fmedia&parent=42359"}],"wp:term":[{"taxonomy":"category","embeddable":true,"href":"https:\/\/historiografija.hr\/index.php?rest_route=%2Fwp%2Fv2%2Fcategories&post=42359"},{"taxonomy":"post_tag","embeddable":true,"href":"https:\/\/historiografija.hr\/index.php?rest_route=%2Fwp%2Fv2%2Ftags&post=42359"}],"curies":[{"name":"wp","href":"https:\/\/api.w.org\/{rel}","templated":true}]}}