{"id":42352,"date":"2024-09-23T17:44:14","date_gmt":"2024-09-23T17:44:14","guid":{"rendered":"http:\/\/historiografija.hr\/?p=42352"},"modified":"2024-09-23T17:44:39","modified_gmt":"2024-09-23T17:44:39","slug":"izlozba-rad-i-otpor-slucaj-tekstilne-industrije","status":"publish","type":"post","link":"https:\/\/historiografija.hr\/?p=42352","title":{"rendered":"Izlo\u017eba \u201eRad i otpor \u2013 slu\u010daj tekstilne industrije\u201c"},"content":{"rendered":"\n<p>Tehni\u010dki muzej Nikola Tesla<\/p>\n\n\n\n<p>Zagreb<\/p>\n\n\n\n<p>25.09.2024 do 03.11.2024.<\/p>\n\n\n\n<p>Radno vrijeme izlo\u017ebe: utorak \u2013 petak: 11-19 sati, subota i nedjelja: 10-14 sati, ponedjeljkom i praznikom zatvoreno<br>Ulaz je besplatan.<\/p>\n\n\n\n<hr class=\"wp-block-separator\"\/>\n\n\n\n<p>Izlo\u017eba \u201cRad i otpor \u2013 slu\u010daj tekstilne industrije\u201d afirmira ulogu tekstilnih radnica u radni\u010dkom pokretu te njihov doprinos u borbi \u017eena za jednaka prava u svim podru\u010djima javnog i privatnog \u017eivota. Rezultat je istra\u017eivanja i nastojanja o\u010duvanja nematerijalne industrijske ba\u0161tine. Obuhva\u0107a\u00a0podru\u010dje dana\u0161nje Hrvatske u vremenskom periodu od kraja 19. stolje\u0107a, kada se formiraju prve\u00a0sindikalne podru\u017enice i prvi organizirani oblici otpora, pa sve do danas. S obzirom na velik broj\u00a0tekstilnih tvornica koje su djelovale na podru\u010dju Hrvatske u obuhva\u0107enom vremenskom periodu,\u00a0koncipirana je kao studija slu\u010daja, te je samim time fragmentarna i ostavlja prostor za daljnja\u00a0istra\u017eivanja i analize.\u00a0<\/p>\n\n\n\n<p>Izlo\u017eba je posve\u0107ena svim tekstilnim radnicama \u010dija borba jo\u0161 uvijek nije okon\u010dana.<\/p>\n\n\n\n<p>IMPRESUM<br>Autorice: Ana Rajkovi\u0107 Peji\u0107 (Hrvatski institut za povijest, Podru\u017enica za Povijest Slavonije, Srijema i Baranje), Kosjenka Laszlo Klemar (Tehni\u010dki muzej Nikola Tesla)<br>Kustosica: Kosjenka Laszlo Klemar<br>Stru\u010dne suradnice: Ana Vragolovi\u0107 (Novi sindikat), \u0110ur\u0111ica Grozaj (Udruga Kamensko)<br>Oblikovanje postava izlo\u017ebe: Barbara Blasin<br>Autorice tekstova: Ana Rajkovi\u0107, Ana Vragolovi\u0107, Kosjenka Laszlo Klemar<br>Lektura: Mirta Jurilj<br>Prijevod: Milo\u0161 \u0110ur\u0111evi\u0107<br>Konzervacija izlo\u017eaka: Goran Martinovi\u0107, Jan Cerove\u010dki, Jan Mark Novalija, Franjo Strugar<br>Tehni\u010dki postav: Hrvoje \u0110ukez \/ Osvald Exhibition Design and Technique<br>PR: Marijo Zrna<br>Zahvale: Hrvatski dr\u017eavni arhiv, Muzej grada Karlovca, Spomenka Te\u017eak, Gradski muzej Vara\u017edin,\u00a0Muzej za umjetnost i obrt Zagreb, \u0110ur\u0111ica Grozaj, Udruga Kamensko, Martina Globo\u010dnik, Vanja\u00a0Babi\u0107, Novi sindikat, Aleksandra Turkovi\u0107, Zvonimir Ambru\u0161, Etnografski muzej Zagreb,\u00a0Tekstilno-tehnolo\u0161ki fakultet Sveu\u010dili\u0161ta u Zagrebu<br>Podr\u017eali: Ministarstvo kulture i medija RH, Grad Zagreb &#8211; Gradski ured za kulturu i civilno dru\u0161tvo<\/p>\n\n\n\n<hr class=\"wp-block-separator\"\/>\n\n\n\n<p>Izvor:<\/p>\n\n\n\n<p><a href=\"https:\/\/tmnt.hr\/izlozba?id=8669\">https:\/\/tmnt.hr\/izlozba?id=8669<\/a><\/p>\n\n\n\n<hr class=\"wp-block-separator\"\/>\n","protected":false},"excerpt":{"rendered":"","protected":false},"author":2,"featured_media":42353,"comment_status":"open","ping_status":"open","sticky":false,"template":"","format":"standard","meta":{"_acf_changed":false,"jetpack_post_was_ever_published":false,"_jetpack_newsletter_access":"","_jetpack_dont_email_post_to_subs":false,"_jetpack_newsletter_tier_id":0,"_jetpack_memberships_contains_paywalled_content":false,"_jetpack_memberships_contains_paid_content":false,"footnotes":"","jetpack_publicize_message":"","jetpack_publicize_feature_enabled":true,"jetpack_social_post_already_shared":true,"jetpack_social_options":{"image_generator_settings":{"template":"highway","default_image_id":0,"font":"","enabled":false},"version":2}},"categories":[10,3],"tags":[],"class_list":["post-42352","post","type-post","status-publish","format-standard","has-post-thumbnail","hentry","category-izlozbe","category-novosti"],"acf":{"facebook_opis":""},"jetpack_publicize_connections":[],"jetpack_featured_media_url":"https:\/\/i0.wp.com\/historiografija.hr\/wp-content\/uploads\/2024\/09\/Rad_i_otpor.png?fit=690%2C470&ssl=1","jetpack_sharing_enabled":true,"jetpack-related-posts":[],"_links":{"self":[{"href":"https:\/\/historiografija.hr\/index.php?rest_route=\/wp\/v2\/posts\/42352","targetHints":{"allow":["GET"]}}],"collection":[{"href":"https:\/\/historiografija.hr\/index.php?rest_route=\/wp\/v2\/posts"}],"about":[{"href":"https:\/\/historiografija.hr\/index.php?rest_route=\/wp\/v2\/types\/post"}],"author":[{"embeddable":true,"href":"https:\/\/historiografija.hr\/index.php?rest_route=\/wp\/v2\/users\/2"}],"replies":[{"embeddable":true,"href":"https:\/\/historiografija.hr\/index.php?rest_route=%2Fwp%2Fv2%2Fcomments&post=42352"}],"version-history":[{"count":2,"href":"https:\/\/historiografija.hr\/index.php?rest_route=\/wp\/v2\/posts\/42352\/revisions"}],"predecessor-version":[{"id":42355,"href":"https:\/\/historiografija.hr\/index.php?rest_route=\/wp\/v2\/posts\/42352\/revisions\/42355"}],"wp:featuredmedia":[{"embeddable":true,"href":"https:\/\/historiografija.hr\/index.php?rest_route=\/wp\/v2\/media\/42353"}],"wp:attachment":[{"href":"https:\/\/historiografija.hr\/index.php?rest_route=%2Fwp%2Fv2%2Fmedia&parent=42352"}],"wp:term":[{"taxonomy":"category","embeddable":true,"href":"https:\/\/historiografija.hr\/index.php?rest_route=%2Fwp%2Fv2%2Fcategories&post=42352"},{"taxonomy":"post_tag","embeddable":true,"href":"https:\/\/historiografija.hr\/index.php?rest_route=%2Fwp%2Fv2%2Ftags&post=42352"}],"curies":[{"name":"wp","href":"https:\/\/api.w.org\/{rel}","templated":true}]}}