{"id":42340,"date":"2024-09-23T16:08:42","date_gmt":"2024-09-23T16:08:42","guid":{"rendered":"http:\/\/historiografija.hr\/?p=42340"},"modified":"2024-10-15T16:17:46","modified_gmt":"2024-10-15T16:17:46","slug":"polemika-o-knjizi-rade-dragojevica-suvar-politicka-biografija","status":"publish","type":"post","link":"https:\/\/historiografija.hr\/?p=42340","title":{"rendered":"Polemike o knjizi Rade Dragojevi\u0107a \u201e\u0160uvar. Politi\u010dka biografija\u201c"},"content":{"rendered":"\n<p>Na recenziju knjige Rade Dragojevi\u0107a \u201e\u0160uvar. Politi\u010dka biografija\u201c koju je napisao Josip Pand\u017ei\u0107 polemi\u010dki je reagirao Marko Grde\u0161i\u0107, kojem je potom Pand\u017ei\u0107 odgovorio. Zatim se u polemiku uklju\u010dio autor knjige i drugi.<\/p>\n\n\n\n<hr class=\"wp-block-separator\"\/>\n\n\n\n<p><strong>Josip Pand\u017ei\u0107<\/strong><\/p>\n\n\n\n<p>I poslije \u0160uvara &#8211; \u0160uvar!<\/p>\n\n\n\n<p><a href=\"https:\/\/hrcak.srce.hr\/clanak\/462567\">https:\/\/hrcak.srce.hr\/clanak\/462567<\/a><\/p>\n\n\n\n<hr class=\"wp-block-separator\"\/>\n\n\n\n<p><strong>Marko Grde\u0161i\u0107<\/strong><\/p>\n\n\n\n<p>Reakcija na recenziju Josipa Pand\u017ei\u0107a<\/p>\n\n\n\n<p>Poslije \u0160uvara \u2013 polemika<\/p>\n\n\n\n<figure class=\"wp-block-embed-wordpress wp-block-embed is-type-wp-embed is-provider-anali-hrvatskog-politoloskog-drustva\"><div class=\"wp-block-embed__wrapper\">\n<blockquote class=\"wp-embedded-content\" data-secret=\"R5djEnc7d1\"><a href=\"https:\/\/analihpd.hr\/reakcija-na-recenziju-josipa-pandzica\/\">Reakcija na recenziju Josipa Pand\u017ei\u0107a<\/a><\/blockquote><iframe loading=\"lazy\" class=\"wp-embedded-content\" sandbox=\"allow-scripts\" security=\"restricted\" style=\"position: absolute; clip: rect(1px, 1px, 1px, 1px);\" title=\"&#8220;Reakcija na recenziju Josipa Pand\u017ei\u0107a&#8221; &#8212; Anali Hrvatskog politolo\u0161kog dru\u0161tva\" src=\"https:\/\/analihpd.hr\/reakcija-na-recenziju-josipa-pandzica\/embed\/#?secret=PreazOF0Xv#?secret=R5djEnc7d1\" data-secret=\"R5djEnc7d1\" width=\"600\" height=\"338\" frameborder=\"0\" marginwidth=\"0\" marginheight=\"0\" scrolling=\"no\"><\/iframe>\n<\/div><\/figure>\n\n\n\n<hr class=\"wp-block-separator\"\/>\n\n\n\n<p><strong>Josip Pand\u017ei\u0107<\/strong><\/p>\n\n\n\n<p>Smrt pedanteriji, sloboda diletantima!<\/p>\n\n\n\n<p>Odgovor Marku Grde\u0161i\u0107u<\/p>\n\n\n\n<figure class=\"wp-block-embed-wordpress wp-block-embed is-type-wp-embed is-provider-anali-hrvatskog-politoloskog-drustva\"><div class=\"wp-block-embed__wrapper\">\n<blockquote class=\"wp-embedded-content\" data-secret=\"MQloUqrrMq\"><a href=\"https:\/\/analihpd.hr\/smrt-pedanteriji-sloboda-diletantima\/\">Smrt pedanteriji, sloboda diletantima!<\/a><\/blockquote><iframe loading=\"lazy\" class=\"wp-embedded-content\" sandbox=\"allow-scripts\" security=\"restricted\" style=\"position: absolute; clip: rect(1px, 1px, 1px, 1px);\" title=\"&#8220;Smrt pedanteriji, sloboda diletantima!&#8221; &#8212; Anali Hrvatskog politolo\u0161kog dru\u0161tva\" src=\"https:\/\/analihpd.hr\/smrt-pedanteriji-sloboda-diletantima\/embed\/#?secret=xQhfSfGn8G#?secret=MQloUqrrMq\" data-secret=\"MQloUqrrMq\" width=\"600\" height=\"338\" frameborder=\"0\" marginwidth=\"0\" marginheight=\"0\" scrolling=\"no\"><\/iframe>\n<\/div><\/figure>\n\n\n\n<hr class=\"wp-block-separator\"\/>\n\n\n\n<p><strong>Rade Dragojevi\u0107<\/strong><\/p>\n\n\n\n<p>Samo je marksisti\u010dko mi\u0161ljenje mi\u0161ljenje, sve ostalo je brbljanje<\/p>\n\n\n\n<p><a href=\"https:\/\/hrcak.srce.hr\/clanak\/463895\">https:\/\/hrcak.srce.hr\/clanak\/463895<\/a><\/p>\n\n\n\n<hr class=\"wp-block-separator\"\/>\n\n\n\n<p><strong>Josip Pand\u017ei\u0107<\/strong><\/p>\n\n\n\n<p>Netrpeljivost lijenog mi\u0161ljenja<\/p>\n\n\n\n<p><a href=\"https:\/\/hrcak.srce.hr\/clanak\/464206\">https:\/\/hrcak.srce.hr\/clanak\/464206<\/a><\/p>\n\n\n\n<hr class=\"wp-block-separator\"\/>\n\n\n\n<p>O polemikama je izvijestio i portal <strong>Historiografija.ba<\/strong>:<\/p>\n\n\n\n<p><a href=\"https:\/\/historiografija.ba\/clanci-i-polemike\/polemike-povodom-knjige-suvar-politicka-biografija-autor-rade?fbclid=IwY2xjawFx72VleHRuA2FlbQIxMAABHRiBjzi9k8j-PdUrSU0IcHtuFHYbjlDxEZG8R-hgnFtjA8LohLzZMwX6Dw_aem_29AWLAsw_6idF_v1PtqowQ\">https:\/\/historiografija.ba\/clanci-i-polemike\/polemike-povodom-knjige-suvar-politicka-biografija-autor-rade<\/a><\/p>\n\n\n\n<hr class=\"wp-block-separator\"\/>\n\n\n\n<p>Boris Postnikov<\/p>\n\n\n\n<p><strong>After Marx<\/strong><\/p>\n\n\n\n<p><a href=\"https:\/\/www.portalnovosti.com\/after-marx\">https:\/\/www.portalnovosti.com\/after-marx<\/a><\/p>\n\n\n\n<hr class=\"wp-block-separator\"\/>\n\n\n\n<p><\/p>\n","protected":false},"excerpt":{"rendered":"","protected":false},"author":2,"featured_media":41626,"comment_status":"open","ping_status":"open","sticky":false,"template":"","format":"standard","meta":{"_acf_changed":false,"jetpack_post_was_ever_published":false,"_jetpack_newsletter_access":"","_jetpack_dont_email_post_to_subs":false,"_jetpack_newsletter_tier_id":0,"_jetpack_memberships_contains_paywalled_content":false,"_jetpack_memberships_contains_paid_content":false,"footnotes":"","jetpack_publicize_message":"","jetpack_publicize_feature_enabled":true,"jetpack_social_post_already_shared":true,"jetpack_social_options":{"image_generator_settings":{"template":"highway","default_image_id":0,"font":"","enabled":false},"version":2}},"categories":[3,17],"tags":[],"class_list":["post-42340","post","type-post","status-publish","format-standard","has-post-thumbnail","hentry","category-novosti","category-rasprave"],"acf":{"facebook_opis":""},"jetpack_publicize_connections":[],"jetpack_featured_media_url":"https:\/\/i0.wp.com\/historiografija.hr\/wp-content\/uploads\/2024\/07\/suvar-biografija.jpg?fit=450%2C450&ssl=1","jetpack_sharing_enabled":true,"jetpack-related-posts":[],"_links":{"self":[{"href":"https:\/\/historiografija.hr\/index.php?rest_route=\/wp\/v2\/posts\/42340","targetHints":{"allow":["GET"]}}],"collection":[{"href":"https:\/\/historiografija.hr\/index.php?rest_route=\/wp\/v2\/posts"}],"about":[{"href":"https:\/\/historiografija.hr\/index.php?rest_route=\/wp\/v2\/types\/post"}],"author":[{"embeddable":true,"href":"https:\/\/historiografija.hr\/index.php?rest_route=\/wp\/v2\/users\/2"}],"replies":[{"embeddable":true,"href":"https:\/\/historiografija.hr\/index.php?rest_route=%2Fwp%2Fv2%2Fcomments&post=42340"}],"version-history":[{"count":3,"href":"https:\/\/historiografija.hr\/index.php?rest_route=\/wp\/v2\/posts\/42340\/revisions"}],"predecessor-version":[{"id":42738,"href":"https:\/\/historiografija.hr\/index.php?rest_route=\/wp\/v2\/posts\/42340\/revisions\/42738"}],"wp:featuredmedia":[{"embeddable":true,"href":"https:\/\/historiografija.hr\/index.php?rest_route=\/wp\/v2\/media\/41626"}],"wp:attachment":[{"href":"https:\/\/historiografija.hr\/index.php?rest_route=%2Fwp%2Fv2%2Fmedia&parent=42340"}],"wp:term":[{"taxonomy":"category","embeddable":true,"href":"https:\/\/historiografija.hr\/index.php?rest_route=%2Fwp%2Fv2%2Fcategories&post=42340"},{"taxonomy":"post_tag","embeddable":true,"href":"https:\/\/historiografija.hr\/index.php?rest_route=%2Fwp%2Fv2%2Ftags&post=42340"}],"curies":[{"name":"wp","href":"https:\/\/api.w.org\/{rel}","templated":true}]}}