{"id":42317,"date":"2024-09-20T20:24:28","date_gmt":"2024-09-20T20:24:28","guid":{"rendered":"http:\/\/historiografija.hr\/?p=42317"},"modified":"2024-09-20T20:25:36","modified_gmt":"2024-09-20T20:25:36","slug":"ivan-lovrenovic-susreti-s-ramom","status":"publish","type":"post","link":"https:\/\/historiografija.hr\/?p=42317","title":{"rendered":"Ivan Lovrenovi\u0107, \u201eSusreti s Ramom\u201c"},"content":{"rendered":"\n<p>U Prozoru je 2024. objavljena knjiga zapisa Ivana Lovrenovi\u0107a \u201eSusreti s Ramom\u201c, iz koje je dostupan odlomak koji zapo\u010dinje sje\u0107anjem na simpozij na \u0160\u0107itu o sedam stolje\u0107a bosanskih franjevaca odr\u017ean usred turbulentne 1991. godine.<\/p>\n\n\n\n<hr class=\"wp-block-separator\"\/>\n\n\n\n<p>Op\u0161irnije:<\/p>\n\n\n\n<p><a href=\"https:\/\/ivanlovrenovic.com\/clanci\/bosna-argentina\/ivan-lovrenovic-valja-mi-u-ramu-na-scit\">https:\/\/ivanlovrenovic.com\/clanci\/bosna-argentina\/ivan-lovrenovic-valja-mi-u-ramu-na-scit<\/a><\/p>\n\n\n\n<p><a href=\"http:\/\/www.prometej.ba\/clanak\/ljudi-i-krajevi\/ivan-lovrenovic-valja-mi-u-ramu-na-scit-5982\">http:\/\/www.prometej.ba\/clanak\/ljudi-i-krajevi\/ivan-lovrenovic-valja-mi-u-ramu-na-scit-5982<\/a><\/p>\n\n\n\n<figure class=\"wp-block-embed-wordpress wp-block-embed is-type-wp-embed is-provider-ramski-vjesnik\"><div class=\"wp-block-embed__wrapper\">\n<blockquote class=\"wp-embedded-content\" data-secret=\"sfzItQPYk5\"><a href=\"https:\/\/ramski-vjesnik.ba\/clanak\/ivan-lovrenovic-valja-mi-u-ramu-na-scit\/241620\/\">IVAN LOVRENOVI\u0106: Valja mi u Ramu, na \u0160\u0107it<\/a><\/blockquote><iframe loading=\"lazy\" class=\"wp-embedded-content\" sandbox=\"allow-scripts\" security=\"restricted\" style=\"position: absolute; clip: rect(1px, 1px, 1px, 1px);\" title=\"&#8220;IVAN LOVRENOVI\u0106: Valja mi u Ramu, na \u0160\u0107it&#8221; &#8212; Ramski Vjesnik\" src=\"https:\/\/ramski-vjesnik.ba\/clanak\/ivan-lovrenovic-valja-mi-u-ramu-na-scit\/241620\/embed\/#?secret=sfzItQPYk5\" data-secret=\"sfzItQPYk5\" width=\"600\" height=\"338\" frameborder=\"0\" marginwidth=\"0\" marginheight=\"0\" scrolling=\"no\"><\/iframe>\n<\/div><\/figure>\n\n\n\n<hr class=\"wp-block-separator\"\/>\n","protected":false},"excerpt":{"rendered":"","protected":false},"author":2,"featured_media":42318,"comment_status":"open","ping_status":"open","sticky":false,"template":"","format":"standard","meta":{"_acf_changed":false,"jetpack_post_was_ever_published":false,"_jetpack_newsletter_access":"","_jetpack_dont_email_post_to_subs":false,"_jetpack_newsletter_tier_id":0,"_jetpack_memberships_contains_paywalled_content":false,"_jetpack_memberships_contains_paid_content":false,"footnotes":"","jetpack_publicize_message":"","jetpack_publicize_feature_enabled":true,"jetpack_social_post_already_shared":true,"jetpack_social_options":{"image_generator_settings":{"template":"highway","default_image_id":0,"font":"","enabled":false},"version":2}},"categories":[8,3],"tags":[],"class_list":["post-42317","post","type-post","status-publish","format-standard","has-post-thumbnail","hentry","category-knjige","category-novosti"],"acf":{"facebook_opis":""},"jetpack_publicize_connections":[],"jetpack_featured_media_url":"https:\/\/i0.wp.com\/historiografija.hr\/wp-content\/uploads\/2024\/09\/Susreti-s-Ramom-scaled.jpg?fit=2560%2C1828&ssl=1","jetpack_sharing_enabled":true,"jetpack-related-posts":[],"_links":{"self":[{"href":"https:\/\/historiografija.hr\/index.php?rest_route=\/wp\/v2\/posts\/42317","targetHints":{"allow":["GET"]}}],"collection":[{"href":"https:\/\/historiografija.hr\/index.php?rest_route=\/wp\/v2\/posts"}],"about":[{"href":"https:\/\/historiografija.hr\/index.php?rest_route=\/wp\/v2\/types\/post"}],"author":[{"embeddable":true,"href":"https:\/\/historiografija.hr\/index.php?rest_route=\/wp\/v2\/users\/2"}],"replies":[{"embeddable":true,"href":"https:\/\/historiografija.hr\/index.php?rest_route=%2Fwp%2Fv2%2Fcomments&post=42317"}],"version-history":[{"count":2,"href":"https:\/\/historiografija.hr\/index.php?rest_route=\/wp\/v2\/posts\/42317\/revisions"}],"predecessor-version":[{"id":42320,"href":"https:\/\/historiografija.hr\/index.php?rest_route=\/wp\/v2\/posts\/42317\/revisions\/42320"}],"wp:featuredmedia":[{"embeddable":true,"href":"https:\/\/historiografija.hr\/index.php?rest_route=\/wp\/v2\/media\/42318"}],"wp:attachment":[{"href":"https:\/\/historiografija.hr\/index.php?rest_route=%2Fwp%2Fv2%2Fmedia&parent=42317"}],"wp:term":[{"taxonomy":"category","embeddable":true,"href":"https:\/\/historiografija.hr\/index.php?rest_route=%2Fwp%2Fv2%2Fcategories&post=42317"},{"taxonomy":"post_tag","embeddable":true,"href":"https:\/\/historiografija.hr\/index.php?rest_route=%2Fwp%2Fv2%2Ftags&post=42317"}],"curies":[{"name":"wp","href":"https:\/\/api.w.org\/{rel}","templated":true}]}}