{"id":42308,"date":"2024-09-19T21:05:13","date_gmt":"2024-09-19T21:05:13","guid":{"rendered":"http:\/\/historiografija.hr\/?p=42308"},"modified":"2024-09-19T21:07:31","modified_gmt":"2024-09-19T21:07:31","slug":"zbornik-radova-hrvatsko-ugarska-nagodba-institucije-i-stvarnost","status":"publish","type":"post","link":"https:\/\/historiografija.hr\/?p=42308","title":{"rendered":"Zbornik radova \u201eHrvatsko-ugarska nagodba: institucije i stvarnost\u201c"},"content":{"rendered":"\n<p>Zbornik radova \u201eHrvatsko-ugarska nagodba: institucije i stvarnost\u201c postavlja Hrvatsko-ugarsku nagodbu i proces izgradnje moderne hrvatske nacije, dr\u017eave i institucija u novi istra\u017eiva\u010dki okvir razli\u010dit od tradicionalnog pristupa i zasnovan na pro\u0161irenom vremenskom, problemskom i poredbenom kontekstu u u\u017eem i naj\u0161irem europskom okru\u017eenju. Zbornik sadr\u017ei sedamnaest radova autorica i autora iz Hrvatske, Austrije, Ma\u0111arske i Finske koji ra\u0161\u010dlanjuju procese dugog trajanja, institucije kao i ulogu pojedinih li\u010dnosti. U \u017eari\u0161tu zbornika su hrvatske institucije i proces izgradnje hrvatske nacije i dr\u017eavnosti, ali i usporedljiv razvoj u Austriji i Ugarskoj te Islandu i Finskoj kao osnova potencijalne nove paradigme istra\u017eivanja procesa izgradnje moderne nacije i dr\u017eave na \u201eovisnim\u201c podru\u010djima motren kroz razvoj institucija od autonomije do dr\u017eave. U zborniku je kao prilog objavljen i prijepis izdanja Hrvatsko-ugarske nagodbe iz 1907. s komentarom Ivana Bojni\u010di\u0107a koji upu\u0107uje na razlike u tekstu hrvatskog i ma\u0111arskog izvornika Nagodbe. Zbornik su uredili Dalibor \u010cepulo i Damir Karbi\u0107, a objavljen je u suizdanju Pravnog fakulteta Sveu\u010dili\u0161ta u Zagrebu i Hrvatske akademije znanosti i umjetnosti.<\/p>\n\n\n\n<hr class=\"wp-block-separator\"\/>\n\n\n\n<p>Naslovnica, pregled sadr\u017eaja i uredni\u010dki predgovor zbornika:<\/p>\n\n\n\n<div class=\"wp-block-file\"><a href=\"https:\/\/historiografija.hr\/wp-content\/uploads\/2024\/09\/Hrvatsko-ugarska-nagodba.pdf\">Hrvatsko-ugarska nagodba<\/a><a href=\"https:\/\/historiografija.hr\/wp-content\/uploads\/2024\/09\/Hrvatsko-ugarska-nagodba.pdf\" class=\"wp-block-file__button\" download>Preuzmi<\/a><\/div>\n\n\n\n<hr class=\"wp-block-separator\"\/>\n\n\n\n<figure class=\"wp-block-image size-large\"><img data-recalc-dims=\"1\" loading=\"lazy\" decoding=\"async\" width=\"860\" height=\"561\" data-attachment-id=\"42310\" data-permalink=\"https:\/\/historiografija.hr\/?attachment_id=42310\" data-orig-file=\"https:\/\/i0.wp.com\/historiografija.hr\/wp-content\/uploads\/2024\/09\/H-U-nagodba-korice.jpg?fit=1364%2C890&amp;ssl=1\" data-orig-size=\"1364,890\" data-comments-opened=\"1\" data-image-meta=\"{&quot;aperture&quot;:&quot;0&quot;,&quot;credit&quot;:&quot;Damir Kuzmi\\u0107&quot;,&quot;camera&quot;:&quot;&quot;,&quot;caption&quot;:&quot;&quot;,&quot;created_timestamp&quot;:&quot;0&quot;,&quot;copyright&quot;:&quot;&quot;,&quot;focal_length&quot;:&quot;0&quot;,&quot;iso&quot;:&quot;0&quot;,&quot;shutter_speed&quot;:&quot;0&quot;,&quot;title&quot;:&quot;&quot;,&quot;orientation&quot;:&quot;0&quot;}\" data-image-title=\"H-U nagodba korice\" data-image-description=\"\" data-image-caption=\"\" data-large-file=\"https:\/\/i0.wp.com\/historiografija.hr\/wp-content\/uploads\/2024\/09\/H-U-nagodba-korice.jpg?fit=860%2C561&amp;ssl=1\" src=\"https:\/\/i0.wp.com\/historiografija.hr\/wp-content\/uploads\/2024\/09\/H-U-nagodba-korice.jpg?resize=860%2C561&#038;ssl=1\" alt=\"\" class=\"wp-image-42310\" srcset=\"https:\/\/i0.wp.com\/historiografija.hr\/wp-content\/uploads\/2024\/09\/H-U-nagodba-korice.jpg?resize=1024%2C668&amp;ssl=1 1024w, https:\/\/i0.wp.com\/historiografija.hr\/wp-content\/uploads\/2024\/09\/H-U-nagodba-korice.jpg?resize=300%2C196&amp;ssl=1 300w, https:\/\/i0.wp.com\/historiografija.hr\/wp-content\/uploads\/2024\/09\/H-U-nagodba-korice.jpg?resize=768%2C501&amp;ssl=1 768w, https:\/\/i0.wp.com\/historiografija.hr\/wp-content\/uploads\/2024\/09\/H-U-nagodba-korice.jpg?w=1364&amp;ssl=1 1364w\" sizes=\"auto, (max-width: 860px) 100vw, 860px\" \/><\/figure>\n\n\n\n<hr class=\"wp-block-separator\"\/>\n","protected":false},"excerpt":{"rendered":"","protected":false},"author":2,"featured_media":42313,"comment_status":"open","ping_status":"open","sticky":false,"template":"","format":"standard","meta":{"_acf_changed":false,"jetpack_post_was_ever_published":false,"_jetpack_newsletter_access":"","_jetpack_dont_email_post_to_subs":false,"_jetpack_newsletter_tier_id":0,"_jetpack_memberships_contains_paywalled_content":false,"_jetpack_memberships_contains_paid_content":false,"footnotes":"","jetpack_publicize_message":"","jetpack_publicize_feature_enabled":true,"jetpack_social_post_already_shared":true,"jetpack_social_options":{"image_generator_settings":{"template":"highway","default_image_id":0,"font":"","enabled":false},"version":2}},"categories":[8,3],"tags":[],"class_list":["post-42308","post","type-post","status-publish","format-standard","has-post-thumbnail","hentry","category-knjige","category-novosti"],"acf":{"facebook_opis":""},"jetpack_publicize_connections":[],"jetpack_featured_media_url":"https:\/\/i0.wp.com\/historiografija.hr\/wp-content\/uploads\/2024\/09\/H-U-nagodba.jpg?fit=1364%2C477&ssl=1","jetpack_sharing_enabled":true,"jetpack-related-posts":[],"_links":{"self":[{"href":"https:\/\/historiografija.hr\/index.php?rest_route=\/wp\/v2\/posts\/42308","targetHints":{"allow":["GET"]}}],"collection":[{"href":"https:\/\/historiografija.hr\/index.php?rest_route=\/wp\/v2\/posts"}],"about":[{"href":"https:\/\/historiografija.hr\/index.php?rest_route=\/wp\/v2\/types\/post"}],"author":[{"embeddable":true,"href":"https:\/\/historiografija.hr\/index.php?rest_route=\/wp\/v2\/users\/2"}],"replies":[{"embeddable":true,"href":"https:\/\/historiografija.hr\/index.php?rest_route=%2Fwp%2Fv2%2Fcomments&post=42308"}],"version-history":[{"count":2,"href":"https:\/\/historiografija.hr\/index.php?rest_route=\/wp\/v2\/posts\/42308\/revisions"}],"predecessor-version":[{"id":42312,"href":"https:\/\/historiografija.hr\/index.php?rest_route=\/wp\/v2\/posts\/42308\/revisions\/42312"}],"wp:featuredmedia":[{"embeddable":true,"href":"https:\/\/historiografija.hr\/index.php?rest_route=\/wp\/v2\/media\/42313"}],"wp:attachment":[{"href":"https:\/\/historiografija.hr\/index.php?rest_route=%2Fwp%2Fv2%2Fmedia&parent=42308"}],"wp:term":[{"taxonomy":"category","embeddable":true,"href":"https:\/\/historiografija.hr\/index.php?rest_route=%2Fwp%2Fv2%2Fcategories&post=42308"},{"taxonomy":"post_tag","embeddable":true,"href":"https:\/\/historiografija.hr\/index.php?rest_route=%2Fwp%2Fv2%2Ftags&post=42308"}],"curies":[{"name":"wp","href":"https:\/\/api.w.org\/{rel}","templated":true}]}}