{"id":42289,"date":"2024-09-18T19:49:17","date_gmt":"2024-09-18T19:49:17","guid":{"rendered":"http:\/\/historiografija.hr\/?p=42289"},"modified":"2024-09-18T19:49:17","modified_gmt":"2024-09-18T19:49:17","slug":"novi-medijski-prilozi-o-slucaju-neprimanja-stanka-andrica-u-hazu-3","status":"publish","type":"post","link":"https:\/\/historiografija.hr\/?p=42289","title":{"rendered":"Novi medijski prilozi o slu\u010daju neprimanja Stanka Andri\u0107a u HAZU (3)"},"content":{"rendered":"\n<p>Nakon iznimno brojnih novih medijskih priloga potaknutih javnim istupom Zvonka Makovi\u0107a, objavljen je u me\u0111uvremenu i prilog u \u201eSlobodnoj Dalmaciji\u201c koji donosi aktualni komentar Stanka Andri\u0107a o cijelom slu\u010daju. U njemu, izme\u0111u ostalog, stoji sljede\u0107e: \u201eUostalom, da se u hipoteti\u010dkom institutu nazvanom po Tu\u0111manu ne bi moglo slobodno istra\u017eivati i pisati o Tu\u0111manu zorno pokazuje, barem meni, sve \u0161to sam iskusio kao negativnu reakciju na moj relativno bezazlen kriti\u010dki komentar spomenute inicijative. Reakciju kojoj se sada pridru\u017eila i HAZU. \u0160to bi tek bilo kad bi na red do\u0161la ozbiljnija pitanja vezana za Tu\u0111mana \u2013 veli Andri\u0107.\u201c<\/p>\n\n\n\n<hr class=\"wp-block-separator\"\/>\n\n\n\n<p>Op\u0161irnije:<\/p>\n\n\n\n<p><a href=\"https:\/\/slobodnadalmacija.hr\/vijesti\/hrvatska\/andric-je-trebao-postati-akademik-ali-mu-je-na-put-stao-pecaric-posvadali-su-se-zbog-tudmana-i-sve-je-krenulo-nizbrdo-1419119\">https:\/\/slobodnadalmacija.hr\/vijesti\/hrvatska\/andric-je-trebao-postati-akademik-ali-mu-je-na-put-stao-pecaric-posvadali-su-se-zbog-tudmana-i-sve-je-krenulo-nizbrdo-1419119<\/a><\/p>\n\n\n\n<hr class=\"wp-block-separator\"\/>\n\n\n\n<p>Podsje\u0107amo da su prve Andri\u0107eve izjave iz svibnja 2024. dostupne na sljede\u0107im poveznicama:<\/p>\n\n\n\n<p><a href=\"https:\/\/www.jutarnji.hr\/kultura\/knjizevnost\/za-sve-je-kriva-tudmanova-bista-otkrivamo-pozadinu-skandala-u-hazu-15465529\">https:\/\/www.jutarnji.hr\/kultura\/knjizevnost\/za-sve-je-kriva-tudmanova-bista-otkrivamo-pozadinu-skandala-u-hazu-15465529<\/a><\/p>\n\n\n\n<p><a href=\"https:\/\/balkans.aljazeera.net\/teme\/2024\/5\/28\/stanko-andric-tudjman-nije-perjanica-hrvatske-historiografije\">https:\/\/balkans.aljazeera.net\/teme\/2024\/5\/28\/stanko-andric-tudjman-nije-perjanica-hrvatske-historiografije<\/a><\/p>\n\n\n\n<hr class=\"wp-block-separator\"\/>\n\n\n\n<p>Prethodni prilozi na portalu Historiografija.hr:<\/p>\n\n\n\n<figure class=\"wp-block-embed-wordpress wp-block-embed is-type-wp-embed is-provider-historiografija-hr\"><div class=\"wp-block-embed__wrapper\">\n<blockquote class=\"wp-embedded-content\" data-secret=\"wn446b15ub\"><a href=\"https:\/\/historiografija.hr\/?p=42215\">Novi medijski prilozi o slu\u010daju neprimanja Stanka Andri\u0107a u HAZU (2)<\/a><\/blockquote><iframe loading=\"lazy\" class=\"wp-embedded-content\" sandbox=\"allow-scripts\" security=\"restricted\" style=\"position: absolute; clip: rect(1px, 1px, 1px, 1px);\" title=\"&#8220;Novi medijski prilozi o slu\u010daju neprimanja Stanka Andri\u0107a u HAZU (2)&#8221; &#8212; Historiografija.hr\" src=\"https:\/\/historiografija.hr\/?p=42215&#038;embed=true#?secret=wn446b15ub\" data-secret=\"wn446b15ub\" width=\"600\" height=\"338\" frameborder=\"0\" marginwidth=\"0\" marginheight=\"0\" scrolling=\"no\"><\/iframe>\n<\/div><\/figure>\n\n\n\n<hr class=\"wp-block-separator\"\/>\n","protected":false},"excerpt":{"rendered":"","protected":false},"author":2,"featured_media":4683,"comment_status":"open","ping_status":"open","sticky":false,"template":"","format":"standard","meta":{"_acf_changed":false,"jetpack_post_was_ever_published":false,"_jetpack_newsletter_access":"","_jetpack_dont_email_post_to_subs":false,"_jetpack_newsletter_tier_id":0,"_jetpack_memberships_contains_paywalled_content":false,"_jetpack_memberships_contains_paid_content":false,"footnotes":"","jetpack_publicize_message":"","jetpack_publicize_feature_enabled":true,"jetpack_social_post_already_shared":true,"jetpack_social_options":{"image_generator_settings":{"template":"highway","default_image_id":0,"font":"","enabled":false},"version":2}},"categories":[3],"tags":[],"class_list":["post-42289","post","type-post","status-publish","format-standard","has-post-thumbnail","hentry","category-novosti"],"acf":{"facebook_opis":""},"jetpack_publicize_connections":[],"jetpack_featured_media_url":"https:\/\/i0.wp.com\/historiografija.hr\/wp-content\/uploads\/2017\/06\/s-andric-slika.jpg?fit=780%2C325&ssl=1","jetpack_sharing_enabled":true,"jetpack-related-posts":[],"_links":{"self":[{"href":"https:\/\/historiografija.hr\/index.php?rest_route=\/wp\/v2\/posts\/42289","targetHints":{"allow":["GET"]}}],"collection":[{"href":"https:\/\/historiografija.hr\/index.php?rest_route=\/wp\/v2\/posts"}],"about":[{"href":"https:\/\/historiografija.hr\/index.php?rest_route=\/wp\/v2\/types\/post"}],"author":[{"embeddable":true,"href":"https:\/\/historiografija.hr\/index.php?rest_route=\/wp\/v2\/users\/2"}],"replies":[{"embeddable":true,"href":"https:\/\/historiografija.hr\/index.php?rest_route=%2Fwp%2Fv2%2Fcomments&post=42289"}],"version-history":[{"count":1,"href":"https:\/\/historiografija.hr\/index.php?rest_route=\/wp\/v2\/posts\/42289\/revisions"}],"predecessor-version":[{"id":42290,"href":"https:\/\/historiografija.hr\/index.php?rest_route=\/wp\/v2\/posts\/42289\/revisions\/42290"}],"wp:featuredmedia":[{"embeddable":true,"href":"https:\/\/historiografija.hr\/index.php?rest_route=\/wp\/v2\/media\/4683"}],"wp:attachment":[{"href":"https:\/\/historiografija.hr\/index.php?rest_route=%2Fwp%2Fv2%2Fmedia&parent=42289"}],"wp:term":[{"taxonomy":"category","embeddable":true,"href":"https:\/\/historiografija.hr\/index.php?rest_route=%2Fwp%2Fv2%2Fcategories&post=42289"},{"taxonomy":"post_tag","embeddable":true,"href":"https:\/\/historiografija.hr\/index.php?rest_route=%2Fwp%2Fv2%2Ftags&post=42289"}],"curies":[{"name":"wp","href":"https:\/\/api.w.org\/{rel}","templated":true}]}}