{"id":42286,"date":"2024-09-18T19:34:19","date_gmt":"2024-09-18T19:34:19","guid":{"rendered":"http:\/\/historiografija.hr\/?p=42286"},"modified":"2024-09-18T19:34:19","modified_gmt":"2024-09-18T19:34:19","slug":"zbornik-radova-dr-franjo-tudman-zivot-i-naslijede","status":"publish","type":"post","link":"https:\/\/historiografija.hr\/?p=42286","title":{"rendered":"Zbornik radova \u201eDr. Franjo Tu\u0111man \u2013 \u017eivot i naslije\u0111e\u201c"},"content":{"rendered":"\n<p>Uredili Domagoj Kne\u017eevi\u0107 i Ivan Hrsti\u0107<\/p>\n\n\n\n<hr class=\"wp-block-separator\"\/>\n\n\n\n<p>Povodom 100. obljetnice ro\u0111enja prvoga predsjednika samostalne Republike Hrvatske dr. Franje Tu\u0111mana, Hrvatski institut za povijest, Matica hrvatska, Institut dru\u0161tvenih znanosti Ivo Pilar, Hrvatski dr\u017eavni arhiv i Hrvatski memorijalno-dokumentacijski centar Domovinskog rata organizirali su znanstveni skup <em>Dr. Franjo Tu\u0111man \u2013 \u017eivot i naslije\u0111e<\/em>, koji je odr\u017ean 5. i 6. svibnja 2022. u Zagrebu.<\/p>\n\n\n\n<p>U razdoblju koje je uslijedilo nakon Tu\u0111manove smrti \u017eivot i rad prvoga hrvatskog predsjednika bili su predmetom brojnih povijesnih istra\u017eivanja, koji su rezultirali nizom monografija i znanstvenih radova. To ne \u010dudi s obzirom na to da je politi\u010dko i \u017eivotno naslije\u0111e Franje Tu\u0111mana postalo referentna to\u010dka u pozicioniranju politi\u010dkih i dru\u0161tvenih aktera na javnoj sceni. Ideja revizije Tu\u0111manove dr\u017eavni\u010dke doktrine posebno je bila nagla\u0161ena tijekom prvoga desetlje\u0107a 2000-ih, a mo\u017ee se sumirati u pojmu \u201edetu\u0111manizacija\u201d, koja je za cilj imala degradaciju i relativizaciju razli\u010ditih, a prije svega strate\u0161kih aspekata njegove politike suverenosti Hrvatske. No, pogre\u0161ne premise dijela sudionika u tom procesu uspje\u0161no i argumentirano dekonstruiraju i znanstveni radovi koje donosi ovaj zbornik.<\/p>\n\n\n\n<p>Sam naziv odr\u017eanoga skupa, <em>Dr. Franjo Tu\u0111man \u2013 \u017eivot i naslije\u0111e<\/em>, jasno pokazuje tematsku \u0161irinu, \u010diji je rezultat ovaj zbornik u kojem se nalazi devet znanstvenih radova i \u010detiri eseja. U njima su obra\u0111ene teme iz razli\u010ditih razdoblja \u017eivota Franje Tu\u0111mana. Radovima je obuhva\u0107eno njegovo djelovanje u va\u017enim nacionalnim institucijama kao \u0161to su Matica hrvatska, Matica iseljenika Hrvatske i Dru\u0161tvo knji\u017eevnika Hrvatske, zatim se propituje njegova uloga u Hrvatskom prolje\u0107u, kao i disidentsko djelovanje te suradnja s hrvatskim iseljeni\u0161tvom, a na kraju i njegova dr\u017eavni\u010dka aktivnost u brojnim va\u017enim politi\u010dkim pitanjima kao \u0161to su odnos prema Bosni i Hercegovini, me\u0111unarodna afirmacija Republike Hrvatske te mirna reintegracija carinskoga sustava u hrvatskom Podunavlju.<\/p>\n\n\n\n<p>U zborniku su objavljeni radovi Zorislava Luki\u0107a, Josipa Mihaljevi\u0107a, Ivana Tepe\u0161a, Domagoja Kne\u017eevi\u0107a, Wollfya Kra\u0161i\u0107a, Julije Barun\u010di\u0107 Pletikosi\u0107 i Ivana Rado\u0161a, Ante Nazora, Velimira Veselinovi\u0107a, Nenada Grgurice, Bo\u017eidara Petra\u010da, Marina Sopte, Ivana Rogi\u0107a i Kre\u0161imira \u0106osi\u0107a.<\/p>\n\n\n\n<p>Nakladnik MATICA HRVATSKA, sunakladnici HRVATSKI INSTITUT ZA POVIJEST, HRVATSKI DR\u017dAVNI ARHIV, INSTITUT DRU\u0160TVENIH ZNANOSTI IVO PILAR, HRVATSKI MEMORIJALNO-DOKUMENTACIJSKI CENTAR DOMOVINSKOG RATA<\/p>\n\n\n\n<p>Biblioteka Izdanja u suradnji, glavni urednik Luka \u0160eput, recenzenti Darjan Godi\u0107 i Stipe Kljai\u0107, lektura Gordana Malnar, korektura Ru\u017eica Vrbani\u0107, izrada kazala Martina \u0160tivojevi\u0107, likovni urednik \u017deljko Podore\u0161ki, grafi\u010dki urednik Neven Osojnik, tisak Stega tisak d.o.o., Zagreb<\/p>\n\n\n\n<hr class=\"wp-block-separator\"\/>\n\n\n\n<p>Izvor i sadr\u017eaj:<\/p>\n\n\n\n<p><a href=\"https:\/\/www.matica.hr\/knjige\/dr-franjo-tuman-zivot-i-naslijee-1457\/\">https:\/\/www.matica.hr\/knjige\/dr-franjo-tuman-zivot-i-naslijee-1457\/<\/a><\/p>\n\n\n\n<hr class=\"wp-block-separator\"\/>\n","protected":false},"excerpt":{"rendered":"","protected":false},"author":2,"featured_media":42287,"comment_status":"open","ping_status":"open","sticky":false,"template":"","format":"standard","meta":{"_acf_changed":false,"jetpack_post_was_ever_published":false,"_jetpack_newsletter_access":"","_jetpack_dont_email_post_to_subs":false,"_jetpack_newsletter_tier_id":0,"_jetpack_memberships_contains_paywalled_content":false,"_jetpack_memberships_contains_paid_content":false,"footnotes":"","jetpack_publicize_message":"","jetpack_publicize_feature_enabled":true,"jetpack_social_post_already_shared":true,"jetpack_social_options":{"image_generator_settings":{"template":"highway","default_image_id":0,"font":"","enabled":false},"version":2}},"categories":[8,3],"tags":[],"class_list":["post-42286","post","type-post","status-publish","format-standard","has-post-thumbnail","hentry","category-knjige","category-novosti"],"acf":{"facebook_opis":""},"jetpack_publicize_connections":[],"jetpack_featured_media_url":"https:\/\/i0.wp.com\/historiografija.hr\/wp-content\/uploads\/2024\/09\/dr-franjo-tudjman-zivot-i-naslijedje.jpeg?fit=300%2C433&ssl=1","jetpack_sharing_enabled":true,"jetpack-related-posts":[],"_links":{"self":[{"href":"https:\/\/historiografija.hr\/index.php?rest_route=\/wp\/v2\/posts\/42286","targetHints":{"allow":["GET"]}}],"collection":[{"href":"https:\/\/historiografija.hr\/index.php?rest_route=\/wp\/v2\/posts"}],"about":[{"href":"https:\/\/historiografija.hr\/index.php?rest_route=\/wp\/v2\/types\/post"}],"author":[{"embeddable":true,"href":"https:\/\/historiografija.hr\/index.php?rest_route=\/wp\/v2\/users\/2"}],"replies":[{"embeddable":true,"href":"https:\/\/historiografija.hr\/index.php?rest_route=%2Fwp%2Fv2%2Fcomments&post=42286"}],"version-history":[{"count":1,"href":"https:\/\/historiografija.hr\/index.php?rest_route=\/wp\/v2\/posts\/42286\/revisions"}],"predecessor-version":[{"id":42288,"href":"https:\/\/historiografija.hr\/index.php?rest_route=\/wp\/v2\/posts\/42286\/revisions\/42288"}],"wp:featuredmedia":[{"embeddable":true,"href":"https:\/\/historiografija.hr\/index.php?rest_route=\/wp\/v2\/media\/42287"}],"wp:attachment":[{"href":"https:\/\/historiografija.hr\/index.php?rest_route=%2Fwp%2Fv2%2Fmedia&parent=42286"}],"wp:term":[{"taxonomy":"category","embeddable":true,"href":"https:\/\/historiografija.hr\/index.php?rest_route=%2Fwp%2Fv2%2Fcategories&post=42286"},{"taxonomy":"post_tag","embeddable":true,"href":"https:\/\/historiografija.hr\/index.php?rest_route=%2Fwp%2Fv2%2Ftags&post=42286"}],"curies":[{"name":"wp","href":"https:\/\/api.w.org\/{rel}","templated":true}]}}