{"id":42273,"date":"2024-09-18T18:09:37","date_gmt":"2024-09-18T18:09:37","guid":{"rendered":"http:\/\/historiografija.hr\/?p=42273"},"modified":"2024-09-26T22:07:06","modified_gmt":"2024-09-26T22:07:06","slug":"znanstveni-skup-desnicini-susreti-2024-obrovac-i-obrovacke-desnice-cca-1800-1990","status":"publish","type":"post","link":"https:\/\/historiografija.hr\/?p=42273","title":{"rendered":"Znanstveni skup Desni\u010dini susreti 2024. \u201eObrovac i obrova\u010dke Desnice, cca 1800. \u2013 1990.\u201c"},"content":{"rendered":"\n<p>Znanstveni skup s me\u0111unarodnim sudjelovanjem \u201eDesni\u010dini susreti 2024. &#8211; Obrovac i obrova\u010dke Desnice, cca 1800. \u2013 1990.\u201c u suradnji s Odjelom za povijest Sveu\u010dili\u0161ta u Zadru i Maticom Obrov\u010dana odr\u017eava se u Zadru 20. rujna i u Obrovcu 21. rujna 2024.<\/p>\n\n\n\n<p><a rel=\"noreferrer noopener\" href=\"https:\/\/www.unizd.hr\/Portals\/0\/ds2024_programska_knjizica.pdf\" target=\"_blank\">Program<\/a><\/p>\n\n\n\n<hr class=\"wp-block-separator\"\/>\n\n\n\n<p>Izvor:<\/p>\n\n\n\n<p><a href=\"https:\/\/www.unizd.hr\/obavijesti\/view\/znanstveni-skup-desnicini-susreti-2024-obrovac-i-obrovacke-desnice-cca-1800-1990\">https:\/\/www.unizd.hr\/obavijesti\/view\/znanstveni-skup-desnicini-susreti-2024-obrovac-i-obrovacke-desnice-cca-1800-1990<\/a><\/p>\n\n\n\n<hr class=\"wp-block-separator\"\/>\n\n\n\n<p>Dodatne obavijesti:<\/p>\n\n\n\n<figure class=\"wp-block-embed-wordpress wp-block-embed is-type-wp-embed is-provider-zadarski-list\"><div class=\"wp-block-embed__wrapper\">\n<blockquote class=\"wp-embedded-content\" data-secret=\"yBRfnBjAal\"><a href=\"https:\/\/zadarskilist.novilist.hr\/zadar-zupanija\/zadar\/odrzan-znanstveni-skup-desnicini-susreti-2024-obrovac-i-obrovacke-desnice-cca-1800-1990\/\">Odr\u017ean znanstveni skup \u201eDesni\u010dini susreti 2024. &#8211; Obrovac i obrova\u010dke Desnice, cca 1800. \u2013 1990.\u201c<\/a><\/blockquote><iframe loading=\"lazy\" class=\"wp-embedded-content\" sandbox=\"allow-scripts\" security=\"restricted\" style=\"position: absolute; clip: rect(1px, 1px, 1px, 1px);\" title=\"&#8220;Odr\u017ean znanstveni skup \u201eDesni\u010dini susreti 2024. &#8211; Obrovac i obrova\u010dke Desnice, cca 1800. \u2013 1990.\u201c&#8221; &#8212; Zadarski list\" src=\"https:\/\/zadarskilist.novilist.hr\/zadar-zupanija\/zadar\/odrzan-znanstveni-skup-desnicini-susreti-2024-obrovac-i-obrovacke-desnice-cca-1800-1990\/embed\/#?secret=cXA3VBZhuz#?secret=yBRfnBjAal\" data-secret=\"yBRfnBjAal\" width=\"600\" height=\"338\" frameborder=\"0\" marginwidth=\"0\" marginheight=\"0\" scrolling=\"no\"><\/iframe>\n<\/div><\/figure>\n\n\n\n<hr class=\"wp-block-separator\"\/>\n\n\n\n<p>Prethodne obavijesti na portalu Historiografija.hr:<\/p>\n\n\n\n<figure class=\"wp-block-embed-wordpress wp-block-embed is-type-wp-embed is-provider-historiografija-hr\"><div class=\"wp-block-embed__wrapper\">\n<blockquote class=\"wp-embedded-content\" data-secret=\"d5905RDJiP\"><a href=\"https:\/\/historiografija.hr\/?p=41371\">Objavljen program &#8220;Desni\u010dinih susreta 2024: Obrovac i obrova\u010dke Desnice, cca 1800. \u2013 1990.&#8221;<\/a><\/blockquote><iframe loading=\"lazy\" class=\"wp-embedded-content\" sandbox=\"allow-scripts\" security=\"restricted\" style=\"position: absolute; clip: rect(1px, 1px, 1px, 1px);\" title=\"&#8220;Objavljen program &#8220;Desni\u010dinih susreta 2024: Obrovac i obrova\u010dke Desnice, cca 1800. \u2013 1990.&#8221;&#8221; &#8212; Historiografija.hr\" src=\"https:\/\/historiografija.hr\/?p=41371&#038;embed=true#?secret=d5905RDJiP\" data-secret=\"d5905RDJiP\" width=\"600\" height=\"338\" frameborder=\"0\" marginwidth=\"0\" marginheight=\"0\" scrolling=\"no\"><\/iframe>\n<\/div><\/figure>\n\n\n\n<hr class=\"wp-block-separator\"\/>\n\n\n\n<figure class=\"wp-block-embed-wordpress wp-block-embed is-type-wp-embed is-provider-historiografija-hr\"><div class=\"wp-block-embed__wrapper\">\n<blockquote class=\"wp-embedded-content\" data-secret=\"rhifzLv7gG\"><a href=\"https:\/\/historiografija.hr\/?p=38949\">Program \u201eDesni\u010dini susreti&#8221; najavljuje odr\u017eavanje znanstvenog skupa \u201eDesni\u010dini susreti 2024. Obrovac i obrova\u010dke Desnice, cca 1800. \u2013 1990.&#8221;<\/a><\/blockquote><iframe loading=\"lazy\" class=\"wp-embedded-content\" sandbox=\"allow-scripts\" security=\"restricted\" style=\"position: absolute; clip: rect(1px, 1px, 1px, 1px);\" title=\"&#8220;Program \u201eDesni\u010dini susreti&#8221; najavljuje odr\u017eavanje znanstvenog skupa \u201eDesni\u010dini susreti 2024. Obrovac i obrova\u010dke Desnice, cca 1800. \u2013 1990.&#8221;&#8221; &#8212; Historiografija.hr\" src=\"https:\/\/historiografija.hr\/?p=38949&#038;embed=true#?secret=rhifzLv7gG\" data-secret=\"rhifzLv7gG\" width=\"600\" height=\"338\" frameborder=\"0\" marginwidth=\"0\" marginheight=\"0\" scrolling=\"no\"><\/iframe>\n<\/div><\/figure>\n\n\n\n<hr class=\"wp-block-separator\"\/>\n","protected":false},"excerpt":{"rendered":"","protected":false},"author":2,"featured_media":42274,"comment_status":"open","ping_status":"open","sticky":false,"template":"","format":"standard","meta":{"_acf_changed":false,"jetpack_post_was_ever_published":false,"_jetpack_newsletter_access":"","_jetpack_dont_email_post_to_subs":false,"_jetpack_newsletter_tier_id":0,"_jetpack_memberships_contains_paywalled_content":false,"_jetpack_memberships_contains_paid_content":false,"footnotes":"","jetpack_publicize_message":"","jetpack_publicize_feature_enabled":true,"jetpack_social_post_already_shared":true,"jetpack_social_options":{"image_generator_settings":{"template":"highway","default_image_id":0,"font":"","enabled":false},"version":2}},"categories":[3],"tags":[],"class_list":["post-42273","post","type-post","status-publish","format-standard","has-post-thumbnail","hentry","category-novosti"],"acf":{"facebook_opis":""},"jetpack_publicize_connections":[],"jetpack_featured_media_url":"https:\/\/i0.wp.com\/historiografija.hr\/wp-content\/uploads\/2024\/09\/slika-DS_2024.jpg?fit=423%2C600&ssl=1","jetpack_sharing_enabled":true,"jetpack-related-posts":[],"_links":{"self":[{"href":"https:\/\/historiografija.hr\/index.php?rest_route=\/wp\/v2\/posts\/42273","targetHints":{"allow":["GET"]}}],"collection":[{"href":"https:\/\/historiografija.hr\/index.php?rest_route=\/wp\/v2\/posts"}],"about":[{"href":"https:\/\/historiografija.hr\/index.php?rest_route=\/wp\/v2\/types\/post"}],"author":[{"embeddable":true,"href":"https:\/\/historiografija.hr\/index.php?rest_route=\/wp\/v2\/users\/2"}],"replies":[{"embeddable":true,"href":"https:\/\/historiografija.hr\/index.php?rest_route=%2Fwp%2Fv2%2Fcomments&post=42273"}],"version-history":[{"count":3,"href":"https:\/\/historiografija.hr\/index.php?rest_route=\/wp\/v2\/posts\/42273\/revisions"}],"predecessor-version":[{"id":42431,"href":"https:\/\/historiografija.hr\/index.php?rest_route=\/wp\/v2\/posts\/42273\/revisions\/42431"}],"wp:featuredmedia":[{"embeddable":true,"href":"https:\/\/historiografija.hr\/index.php?rest_route=\/wp\/v2\/media\/42274"}],"wp:attachment":[{"href":"https:\/\/historiografija.hr\/index.php?rest_route=%2Fwp%2Fv2%2Fmedia&parent=42273"}],"wp:term":[{"taxonomy":"category","embeddable":true,"href":"https:\/\/historiografija.hr\/index.php?rest_route=%2Fwp%2Fv2%2Fcategories&post=42273"},{"taxonomy":"post_tag","embeddable":true,"href":"https:\/\/historiografija.hr\/index.php?rest_route=%2Fwp%2Fv2%2Ftags&post=42273"}],"curies":[{"name":"wp","href":"https:\/\/api.w.org\/{rel}","templated":true}]}}