{"id":42252,"date":"2024-09-17T12:04:59","date_gmt":"2024-09-17T12:04:59","guid":{"rendered":"http:\/\/historiografija.hr\/?p=42252"},"modified":"2024-09-17T12:11:31","modified_gmt":"2024-09-17T12:11:31","slug":"ana-simic-pripovijedanje-o-glagoljastvu-u-novijoj-hrvatskoj-knjizevnosti","status":"publish","type":"post","link":"https:\/\/historiografija.hr\/?p=42252","title":{"rendered":"Ana \u0160imi\u0107, \u201ePripovijedanje o glagolja\u0161tvu u novijoj hrvatskoj knji\u017eevnosti\u201c"},"content":{"rendered":"\n<p>U imaginariju i kolektivnom pam\u0107enju hrvatskoga naroda svoje zapa\u017eeno mjesto ima i glagolja\u0161tvo kao jedinstven i vi\u0161estoljetan segment hrvatske povijesti. Tomu je pridonijela i knji\u017eevnost, pjesni\u010dka jednako kao i prozna, koja je od motiva iz glagolja\u0161ke pro\u0161losti i kulture izgra\u0111ivala svoje umjetni\u010dke svjetove.<\/p>\n\n\n\n<p>\u0160iri i dublji uvid u hrvatsku knji\u017eevnu prozu s glagolja\u0161kim motivima nudi studija Ane \u0160imi\u0107 \u201ePripovijedanje o glagolja\u0161tvu u novijoj hrvatskoj knji\u017eevnosti\u201c. U njoj je obra\u0111eno 18 proznih djela izdanih od 1902. do 2022., \u010diji su autori: Eugen Kumi\u010di\u0107, Velimir De\u017eeli\u0107 st., Velimir De\u017eeli\u0107 ml., Josip Banovac, Lovre Kati\u0107, Viktor Car Emin, Ivan Raos, Mate Maras, Jasna Horvat, Neven Budak, Petar Mer\u010dep, Sanja \u017ddralovi\u0107 i Hrvoje Hitrec. Studija u dodatku obra\u0111uje i dva romana ameri\u010dke knji\u017eevnice Tosce Lee, koji potvr\u0111uju da je glagolja\u0161tvo zanimljivo i stranim autorima.<\/p>\n\n\n\n<p>Tematiziraju\u0107i razli\u010dite dijelove hrvatskoglagoljske povijesti spomenuti su knji\u017eevnici pripovijedali o vremenu od 9. stolje\u0107a, pa sve do svjetskoga nogometnog prvenstva 2018. godine. U tom je \u0161irokom rasponu o\u010dito da je glagolja\u0161ki srednji vijek pripovjeda\u010dima ipak zanimljiviji od glagolja\u0161koga novog vijeka. Glagolja\u0161ki se motivi posebno \u017eivo uple\u0107u u pripovijesti o hrvatskim vladarima narodne dinastije, knezovima i kraljevima, a kasnije u one vezane za istaknute figure srednjovjekovne (herceg i vojvoda Hrvoje Vuk\u010di\u0107 Hrvatini\u0107, knez Novak Disislavi\u0107) i novovjekovne (usko\u010dki junak Petar Kru\u017ei\u0107, prista\u0161e Zrinskih i Frankapana) hrvatske dru\u0161tvene i kulturne povijesti. Pozornost su privukli i srednjodalmatinski popovi glagolja\u0161i \u2013 \u201ehajduci\u201c &nbsp;u vremenu osmanlijskih osvajanja.<\/p>\n\n\n\n<p>Analiza obra\u0111enih knji\u017eevnih djela vodila se dvama pitanjima. Prvo je usredoto\u010deno na otkrivanje osnovnih zadanosti pripovijedanja o glagolja\u0161tvu u pogledu izbora vremena radnje, likova, doga\u0111aja i stava prema glagolja\u0161tvu kao pojavi. Drugo se istra\u017eiva\u010dko pitanje usmjerilo na odnos izme\u0111u pripovijedanja o glagolja\u0161tvu i onoga \u0161to filolo\u0161ka i povijesna znanost govo\u00adre o glagolja\u0161tvu, tj. na odnos izme\u0111u pripovijesti i povijesti, fikcije i fakcije.<\/p>\n\n\n\n<p>Studija \u201ePripovijedanje o glagolja\u0161tvu u novijoj hrvatskoj knji\u017eevnosti\u201c Ane \u0160imi\u0107 pridonosi boljem poznavanju glagolja\u0161tva i novije hrvatske knji\u017eevnosti, rasvjetljuje predod\u017ebe o glagolja\u0161tvu koje njeguje knji\u017eevnost za\u0161ti\u0107ena povlasticom umjetni\u010dke slobode te pru\u017ea uvid u stvarala\u010dki suodnos pripovijesti i povijesti na primjeru glagolja\u0161tva kao bitne sastavnice hrvatskoga kulturnog identiteta.<\/p>\n\n\n\n<hr class=\"wp-block-separator\"\/>\n\n\n\n<p><strong>Izdava\u010di:<\/strong> Hrvatska sveu\u010dili\u0161na naklada, Staroslavenski institut<\/p>\n\n\n\n<p><strong>Godina izdanja:<\/strong> 2024.<\/p>\n\n\n\n<p><strong>Broj stranica:<\/strong> 307<\/p>\n\n\n\n<p><strong>Narud\u017eba na poveznici: <\/strong><\/p>\n\n\n\n<p><a href=\"https:\/\/www.hsn.hr\/product\/1625\/pripovijedanje-o-glagoljastvu-u-novijoj-hrvatskoj-knjizevnosti\">https:\/\/www.hsn.hr\/product\/1625\/pripovijedanje-o-glagoljastvu-u-novijoj-hrvatskoj-knjizevnosti<\/a><\/p>\n\n\n\n<hr class=\"wp-block-separator\"\/>\n","protected":false},"excerpt":{"rendered":"","protected":false},"author":2,"featured_media":42256,"comment_status":"open","ping_status":"open","sticky":false,"template":"","format":"standard","meta":{"_acf_changed":false,"jetpack_post_was_ever_published":false,"_jetpack_newsletter_access":"","_jetpack_dont_email_post_to_subs":false,"_jetpack_newsletter_tier_id":0,"_jetpack_memberships_contains_paywalled_content":false,"_jetpack_memberships_contains_paid_content":false,"footnotes":"","jetpack_publicize_message":"","jetpack_publicize_feature_enabled":true,"jetpack_social_post_already_shared":true,"jetpack_social_options":{"image_generator_settings":{"template":"highway","default_image_id":0,"font":"","enabled":false},"version":2}},"categories":[8,3,12],"tags":[],"class_list":["post-42252","post","type-post","status-publish","format-standard","has-post-thumbnail","hentry","category-knjige","category-novosti","category-knjizevnost"],"acf":{"facebook_opis":""},"jetpack_publicize_connections":[],"jetpack_featured_media_url":"https:\/\/i0.wp.com\/historiografija.hr\/wp-content\/uploads\/2024\/09\/Ana_%C5%A0imi%C4%87.jpg?fit=826%2C518&ssl=1","jetpack_sharing_enabled":true,"jetpack-related-posts":[{"id":52505,"url":"https:\/\/historiografija.hr\/?p=52505","url_meta":{"origin":42252,"position":0},"title":"Izlo\u017eba &#8220;Eschenstock \/ Jasenov prut&#8221;","author":"Branimir Jankovi\u0107","date":"17. travnja 2026.","format":false,"excerpt":"Srpsko narodno vije\u0107e (SNV) i Vizura aperta postavljaju izlo\u017ebu \u0161vicarskog slikara Velimira Ili\u0161evi\u0107a: Eschenstock \/ Jasenov prut. Izlo\u017eba se uz prisustvo autora otvara povodom 81. godi\u0161njice proboja logora\u0161a iz usta\u0161kog logora smrti Jasenovac 22. aprila 2026. u 19 sati u Srpskom kulturnom centru (SKC) u Preradovi\u0107evoj ulici 21 u Zagrebu.\u2026","rel":"","context":"U &quot;Izlo\u017ebe&quot;","block_context":{"text":"Izlo\u017ebe","link":"https:\/\/historiografija.hr\/?cat=10"},"img":{"alt_text":"","src":"https:\/\/i0.wp.com\/historiografija.hr\/wp-content\/uploads\/2026\/04\/Jasenov_prut.jpg?fit=1024%2C640&ssl=1&resize=350%2C200","width":350,"height":200,"srcset":"https:\/\/i0.wp.com\/historiografija.hr\/wp-content\/uploads\/2026\/04\/Jasenov_prut.jpg?fit=1024%2C640&ssl=1&resize=350%2C200 1x, https:\/\/i0.wp.com\/historiografija.hr\/wp-content\/uploads\/2026\/04\/Jasenov_prut.jpg?fit=1024%2C640&ssl=1&resize=525%2C300 1.5x, https:\/\/i0.wp.com\/historiografija.hr\/wp-content\/uploads\/2026\/04\/Jasenov_prut.jpg?fit=1024%2C640&ssl=1&resize=700%2C400 2x"},"classes":[]},{"id":52502,"url":"https:\/\/historiografija.hr\/?p=52502","url_meta":{"origin":42252,"position":1},"title":"Novi znanstveni projekt Hrvatskog instituta za povijest: \u201c\u017drtve ratova i dr\u017eavnog\/politi\u010dkog nasilja u hrvatskoj povijesti 20. stolje\u0107a\u201d","author":"Branimir Jankovi\u0107","date":"17. travnja 2026.","format":false,"excerpt":"Na redovitoj sjednici Vlade RH, 16. travnja 2026., donijet je Zaklju\u010dak kojim se pokre\u0107e znanstveni projekt \u201c\u017drtve ratova i dr\u017eavnog\/politi\u010dkog nasilja u hrvatskoj povijesti 20. stolje\u0107a\u201d. Projekt \u0107e provoditi i koordinirati Hrvatski institut za povijest u razdoblju trajanja projekta od pet godina. Zakljucak Vlade RH Iz teksta projektnog prijedloga: Problematika\u2026","rel":"","context":"U &quot;Novosti&quot;","block_context":{"text":"Novosti","link":"https:\/\/historiografija.hr\/?cat=3"},"img":{"alt_text":"","src":"https:\/\/i0.wp.com\/historiografija.hr\/wp-content\/uploads\/2026\/04\/Vlada-RH.jpg?fit=1200%2C557&ssl=1&resize=350%2C200","width":350,"height":200,"srcset":"https:\/\/i0.wp.com\/historiografija.hr\/wp-content\/uploads\/2026\/04\/Vlada-RH.jpg?fit=1200%2C557&ssl=1&resize=350%2C200 1x, https:\/\/i0.wp.com\/historiografija.hr\/wp-content\/uploads\/2026\/04\/Vlada-RH.jpg?fit=1200%2C557&ssl=1&resize=525%2C300 1.5x, https:\/\/i0.wp.com\/historiografija.hr\/wp-content\/uploads\/2026\/04\/Vlada-RH.jpg?fit=1200%2C557&ssl=1&resize=700%2C400 2x, https:\/\/i0.wp.com\/historiografija.hr\/wp-content\/uploads\/2026\/04\/Vlada-RH.jpg?fit=1200%2C557&ssl=1&resize=1050%2C600 3x"},"classes":[]},{"id":52536,"url":"https:\/\/historiografija.hr\/?p=52536","url_meta":{"origin":42252,"position":2},"title":"Kader Abdolah, \u201ePrije nego \u0161to bude kasno\u201c","author":"Branimir Jankovi\u0107","date":"20. travnja 2026.","format":false,"excerpt":"Kader Abdolah \u017eeli se vratiti ku\u0107i. Ali povratak je nemogu\u0107: u Iranu bi bio uhap\u0161en. Pod la\u017enim imenom i s krivotvorenim paso\u0161em ipak uspijeva u\u0107i u domovinu i sti\u017ee do roditeljske ku\u0107e, visoko u planinama. Majka ga ne prepoznaje, otac je mrtav, a sve \u0161to je tra\u017eio izmi\u010de mu pred\u2026","rel":"","context":"U &quot;Novosti&quot;","block_context":{"text":"Novosti","link":"https:\/\/historiografija.hr\/?cat=3"},"img":{"alt_text":"","src":"https:\/\/i0.wp.com\/historiografija.hr\/wp-content\/uploads\/2026\/04\/Prije-nego-sto-bude-kasno.webp?fit=566%2C872&ssl=1&resize=350%2C200","width":350,"height":200,"srcset":"https:\/\/i0.wp.com\/historiografija.hr\/wp-content\/uploads\/2026\/04\/Prije-nego-sto-bude-kasno.webp?fit=566%2C872&ssl=1&resize=350%2C200 1x, https:\/\/i0.wp.com\/historiografija.hr\/wp-content\/uploads\/2026\/04\/Prije-nego-sto-bude-kasno.webp?fit=566%2C872&ssl=1&resize=525%2C300 1.5x"},"classes":[]},{"id":52508,"url":"https:\/\/historiografija.hr\/?p=52508","url_meta":{"origin":42252,"position":3},"title":"Glazbena radionica \u201eDUGMETARA REVISITED\u201c","author":"Branimir Jankovi\u0107","date":"17. travnja 2026.","format":false,"excerpt":"DUGMETARA REVISITED glazbena radionica vodi: Ana Horvat 13., 20. i 27. travnja, od 18 do 20 sati Radiona, Nova cesta 186 Na tri radioni\u010dka susreta uranjamo u naslje\u0111e Dugmetare, biv\u0161e tvornice dugmadi na Savskoj cesti koja je po\u010detkom 2000-ih igrom slu\u010daja postala \u017eivo, jedinstveno mjesto glazbene proizvodnje. Svoje su probe\u2026","rel":"","context":"U &quot;Novosti&quot;","block_context":{"text":"Novosti","link":"https:\/\/historiografija.hr\/?cat=3"},"img":{"alt_text":"","src":"https:\/\/i0.wp.com\/historiografija.hr\/wp-content\/uploads\/2026\/04\/TRESNJA_TRESTI.jpg?fit=380%2C475&ssl=1&resize=350%2C200","width":350,"height":200},"classes":[]},{"id":52592,"url":"https:\/\/historiografija.hr\/?p=52592","url_meta":{"origin":42252,"position":4},"title":"Predstavljanje knjige &#8220;Turska ku\u0107a u Rijeci&#8221; u Zagrebu","author":"Branimir Jankovi\u0107","date":"22. travnja 2026.","format":false,"excerpt":"U prostorijama Turskog kulturnog centra Yunus Emre u Zagrebu, u utorak 21. travnja 2026. godine, odr\u017eano je sve\u010dano predstavljanje dopunjenog izdanja knjige Turska ku\u0107a u Rijeci, u organizaciji Hrvatsko-turskog dru\u0161tva Rijeka i partnerstvu sa Skupinom prijateljstva Hrvatska-Turska Hrvatskog sabora, Veleposlanstvom Republike Turske u Republici Hrvatskoj te Turskim kulturnim centrom Yunus\u2026","rel":"","context":"U &quot;Novosti&quot;","block_context":{"text":"Novosti","link":"https:\/\/historiografija.hr\/?cat=3"},"img":{"alt_text":"","src":"https:\/\/i0.wp.com\/historiografija.hr\/wp-content\/uploads\/2026\/04\/Turska-kuca-ZG.jpg?fit=1200%2C800&ssl=1&resize=350%2C200","width":350,"height":200,"srcset":"https:\/\/i0.wp.com\/historiografija.hr\/wp-content\/uploads\/2026\/04\/Turska-kuca-ZG.jpg?fit=1200%2C800&ssl=1&resize=350%2C200 1x, https:\/\/i0.wp.com\/historiografija.hr\/wp-content\/uploads\/2026\/04\/Turska-kuca-ZG.jpg?fit=1200%2C800&ssl=1&resize=525%2C300 1.5x, https:\/\/i0.wp.com\/historiografija.hr\/wp-content\/uploads\/2026\/04\/Turska-kuca-ZG.jpg?fit=1200%2C800&ssl=1&resize=700%2C400 2x, https:\/\/i0.wp.com\/historiografija.hr\/wp-content\/uploads\/2026\/04\/Turska-kuca-ZG.jpg?fit=1200%2C800&ssl=1&resize=1050%2C600 3x"},"classes":[]},{"id":52666,"url":"https:\/\/historiografija.hr\/?p=52666","url_meta":{"origin":42252,"position":5},"title":"Najava programa Festivala povijesti Kliofest (5-8. V. 2026)","author":"Branimir Jankovi\u0107","date":"24. travnja 2026.","format":false,"excerpt":"Po trinaesti put odr\u017eava se Festival povijesti Kliofest! Do petka \u0107emo odr\u017eati osam okruglih stolova i dva kolokvija te niz predstavljanja knjiga i projekata razli\u010dite tematike, od antike do suvremenosti. Bit \u0107e predstavljeno i nekoliko izlo\u017ebi te odr\u017ean jedan povijesni kviz. Prikazat \u0107emo i jedan film \u2013 o generalu Boroevi\u0107u.\u2026","rel":"","context":"U &quot;Novosti&quot;","block_context":{"text":"Novosti","link":"https:\/\/historiografija.hr\/?cat=3"},"img":{"alt_text":"","src":"https:\/\/i0.wp.com\/historiografija.hr\/wp-content\/uploads\/2026\/04\/Kliofest-2026.jpg?fit=526%2C526&ssl=1&resize=350%2C200","width":350,"height":200,"srcset":"https:\/\/i0.wp.com\/historiografija.hr\/wp-content\/uploads\/2026\/04\/Kliofest-2026.jpg?fit=526%2C526&ssl=1&resize=350%2C200 1x, https:\/\/i0.wp.com\/historiografija.hr\/wp-content\/uploads\/2026\/04\/Kliofest-2026.jpg?fit=526%2C526&ssl=1&resize=525%2C300 1.5x"},"classes":[]}],"_links":{"self":[{"href":"https:\/\/historiografija.hr\/index.php?rest_route=\/wp\/v2\/posts\/42252","targetHints":{"allow":["GET"]}}],"collection":[{"href":"https:\/\/historiografija.hr\/index.php?rest_route=\/wp\/v2\/posts"}],"about":[{"href":"https:\/\/historiografija.hr\/index.php?rest_route=\/wp\/v2\/types\/post"}],"author":[{"embeddable":true,"href":"https:\/\/historiografija.hr\/index.php?rest_route=\/wp\/v2\/users\/2"}],"replies":[{"embeddable":true,"href":"https:\/\/historiografija.hr\/index.php?rest_route=%2Fwp%2Fv2%2Fcomments&post=42252"}],"version-history":[{"count":2,"href":"https:\/\/historiografija.hr\/index.php?rest_route=\/wp\/v2\/posts\/42252\/revisions"}],"predecessor-version":[{"id":42257,"href":"https:\/\/historiografija.hr\/index.php?rest_route=\/wp\/v2\/posts\/42252\/revisions\/42257"}],"wp:featuredmedia":[{"embeddable":true,"href":"https:\/\/historiografija.hr\/index.php?rest_route=\/wp\/v2\/media\/42256"}],"wp:attachment":[{"href":"https:\/\/historiografija.hr\/index.php?rest_route=%2Fwp%2Fv2%2Fmedia&parent=42252"}],"wp:term":[{"taxonomy":"category","embeddable":true,"href":"https:\/\/historiografija.hr\/index.php?rest_route=%2Fwp%2Fv2%2Fcategories&post=42252"},{"taxonomy":"post_tag","embeddable":true,"href":"https:\/\/historiografija.hr\/index.php?rest_route=%2Fwp%2Fv2%2Ftags&post=42252"}],"curies":[{"name":"wp","href":"https:\/\/api.w.org\/{rel}","templated":true}]}}