{"id":42244,"date":"2024-09-17T11:14:55","date_gmt":"2024-09-17T11:14:55","guid":{"rendered":"http:\/\/historiografija.hr\/?p=42244"},"modified":"2024-09-17T11:14:55","modified_gmt":"2024-09-17T11:14:55","slug":"filmski-cetvrtak-povratak-u-1950-e","status":"publish","type":"post","link":"https:\/\/historiografija.hr\/?p=42244","title":{"rendered":"Filmski \u010detvrtak: Povratak u 1950-e"},"content":{"rendered":"\n<p>Dana <strong>19. rujna 2024,<\/strong> u <strong>18 sati<\/strong> u dvorani <em>Katalozi<\/em> Hrvatskoga dr\u017eavnog arhiva programom dokumentarnih filmova i reporta\u017ea do\u010darat \u0107e se slike iz \u017eivota Hrvatske prije to\u010dno sedamdeset godina.<\/p>\n\n\n\n<p>U reporta\u017eama Filmskih novosti vidjet \u0107emo kako je godine 1954. slavni etiopski car Haile Selassie I. posjetio Jugoslaviju, u rije\u010dkom brodogradili\u0161tu \u201e3. maj\u201c porinut \u201eDrvar\u201c, drugi iz serije jugoslavenskih prekooceanskih teretnih brodova, a u Puli svoj \u017eivot zapo\u010deo glasoviti filmski festival. U dokumentarnom filmu <em>Na tri rijeke<\/em> vidjet \u0107emo kako se Sisak od rimske Siscie razvio u moderan industrijski centar, a u filmu <em>Iz \u017eivota na\u0161ih pionira,<\/em> kojeg su snimili \u010dlanovi dje\u010djeg kino kluba \u201ePionirski grad\u201c, pogledati kako je izgledao zagreba\u010dki Pionirski grad nekoliko godina nakon otvaranja. Gradnja Pionirskog grada, jedinstvenog mjesta za rekreaciju i obrazovanje djece osnovno\u0161kolske dobi na rubu grada Zagreba, po\u010dela je 1948. godine. O zna\u010daju tog projekta govori \u010dinjenica da su njegovi autori poznati hrvatski arhitekti i urbanisti Ivan Viti\u0107, Josip Seissel i Marijan Haberle, ali i to \u0161to je do samog Grada neposredno prije izgra\u0111ena i pionirska \u017eeljeznica s tri stanice. U izgradnji su sudjelovali sudionici omladinskih radnih akcija iz svih dijelova dr\u017eave, a zavr\u0161ena je 1953. godine, dvije godine nakon sve\u010danog otvorenja Pionirskog grada.<\/p>\n\n\n\n<p>U reporta\u017enom dokumentarcu Branka Bauera<em> Prva revija doma\u0107eg filma <\/em>vidjet \u0107emo kako je izgledalo prvo izdanje Pulskog filmskog festivala godine 1954., kada to jo\u0161 nije bio festival, ve\u0107 revija filmova bez slu\u017ebenog \u017eirija i nagrada. Glavna atrakcija revije bio je veliki slovenski hit <em>Vesna<\/em> Franti\u0161eka \u010capa i gluma\u010dka zvijezda koja je igrala naslovnu ulogu Metka Gabrijel\u010di\u010d. Unato\u010d lo\u0161em ozvu\u010denju i ostalim tehni\u010dkim nedostatcima, publika je bila odu\u0161evljena, a Stevo Ostoji\u0107 u Vjesniku u srijedu zapisao je: \u201eTo se jo\u0161 nije vidjelo kod nas: deset hiljada ljudi na jednoj filmskoj predstavi!\u201c. Prema glasovima publike prvo mjesto osvojila je <em>Vesna,<\/em> a \u017eiri kritike i novinara najboljim filmom proglasio je <em>Stojana Mutika\u0161u<\/em> Fedora Han\u017eekovi\u0107a. Zbog svoje inovativnosti to vrijeme neshva\u0107en hrvatski film <em>Koncert<\/em> Branka Belana, koji je kasnije postao pravi filmski klasik, publika i \u017eiri su zanemarili. Sljede\u0107e godine revija je postala festival, na koji je do\u0161ao i drug Tito, a sve ostalo je slavna povijest J.<\/p>\n\n\n\n<p>O filmovima s programa, a ponajvi\u0161e o Pionirskom gradu i pulskom festivalu pri\u010dat \u0107e vam magistrica povijesti <strong>Kristina Deskar<\/strong> i vi\u0161i filmski arhivist <strong>Juraj Kuko\u010d<\/strong>. Ulaz je slobodan.<\/p>\n\n\n\n<hr class=\"wp-block-separator\"\/>\n","protected":false},"excerpt":{"rendered":"","protected":false},"author":2,"featured_media":42245,"comment_status":"open","ping_status":"open","sticky":false,"template":"","format":"standard","meta":{"_acf_changed":false,"jetpack_post_was_ever_published":false,"_jetpack_newsletter_access":"","_jetpack_dont_email_post_to_subs":false,"_jetpack_newsletter_tier_id":0,"_jetpack_memberships_contains_paywalled_content":false,"_jetpack_memberships_contains_paid_content":false,"footnotes":"","jetpack_publicize_message":"","jetpack_publicize_feature_enabled":true,"jetpack_social_post_already_shared":true,"jetpack_social_options":{"image_generator_settings":{"template":"highway","default_image_id":0,"font":"","enabled":false},"version":2}},"categories":[13,3],"tags":[],"class_list":["post-42244","post","type-post","status-publish","format-standard","has-post-thumbnail","hentry","category-filmovi-i-serije","category-novosti"],"acf":{"facebook_opis":""},"jetpack_publicize_connections":[],"jetpack_featured_media_url":"https:\/\/i0.wp.com\/historiografija.hr\/wp-content\/uploads\/2024\/09\/Filmski_cetvrtak.jpg?fit=1600%2C900&ssl=1","jetpack_sharing_enabled":true,"jetpack-related-posts":[],"_links":{"self":[{"href":"https:\/\/historiografija.hr\/index.php?rest_route=\/wp\/v2\/posts\/42244","targetHints":{"allow":["GET"]}}],"collection":[{"href":"https:\/\/historiografija.hr\/index.php?rest_route=\/wp\/v2\/posts"}],"about":[{"href":"https:\/\/historiografija.hr\/index.php?rest_route=\/wp\/v2\/types\/post"}],"author":[{"embeddable":true,"href":"https:\/\/historiografija.hr\/index.php?rest_route=\/wp\/v2\/users\/2"}],"replies":[{"embeddable":true,"href":"https:\/\/historiografija.hr\/index.php?rest_route=%2Fwp%2Fv2%2Fcomments&post=42244"}],"version-history":[{"count":1,"href":"https:\/\/historiografija.hr\/index.php?rest_route=\/wp\/v2\/posts\/42244\/revisions"}],"predecessor-version":[{"id":42246,"href":"https:\/\/historiografija.hr\/index.php?rest_route=\/wp\/v2\/posts\/42244\/revisions\/42246"}],"wp:featuredmedia":[{"embeddable":true,"href":"https:\/\/historiografija.hr\/index.php?rest_route=\/wp\/v2\/media\/42245"}],"wp:attachment":[{"href":"https:\/\/historiografija.hr\/index.php?rest_route=%2Fwp%2Fv2%2Fmedia&parent=42244"}],"wp:term":[{"taxonomy":"category","embeddable":true,"href":"https:\/\/historiografija.hr\/index.php?rest_route=%2Fwp%2Fv2%2Fcategories&post=42244"},{"taxonomy":"post_tag","embeddable":true,"href":"https:\/\/historiografija.hr\/index.php?rest_route=%2Fwp%2Fv2%2Ftags&post=42244"}],"curies":[{"name":"wp","href":"https:\/\/api.w.org\/{rel}","templated":true}]}}