{"id":42226,"date":"2024-09-16T08:08:31","date_gmt":"2024-09-16T08:08:31","guid":{"rendered":"http:\/\/historiografija.hr\/?p=42226"},"modified":"2024-09-16T08:12:22","modified_gmt":"2024-09-16T08:12:22","slug":"ivan-mrnarevic-predstavljanje-novih-izdanja-zavoda-za-povijesne-znanosti-hazu-u-dubrovniku","status":"publish","type":"post","link":"https:\/\/historiografija.hr\/?p=42226","title":{"rendered":"Ivan Mrnarevi\u0107: Predstavljanje novih izdanja Zavoda za povijesne znanosti HAZU u Dubrovniku"},"content":{"rendered":"\n<p>U predve\u010derje 11. rujna 2024. godine u Sorko\u010devi\u0107evom ljetnikovcu na dubrova\u010dkom Lapadu predstavljena su tri nova izdanja Zavoda za povijesne znanosti HAZU u Dubrovniku. U dobro popunjenoj dvorani stru\u010dna i zainteresirana javnost mogla je poslu\u0161ati pone\u0161to o trima novim knjigama, a to su <em>Ana, Pavo, Grlica: Rekluze i pustinjaci u pobo\u017enom krajobrazu srednjovjekovnog Dubrovnika<\/em> autorice akademkinje Nelle Lonza, <em>\u017didovi u Dubrova\u010dkoj Republici 1546-1808.<\/em> autorice dr. sc. Vesne Miovi\u0107 te <em>Prava Crvena Hrvatska i prava\u0161i: Hrvatski nacionalizam u Dubrovniku po\u010detkom 20. stolje\u0107a<\/em> autorice dr. sc. Barbare \u0110urasovi\u0107, poznate dubrova\u010dke novinarke. Promociju je moderirao dr. sc. Relja Seferovi\u0107, znanstveni savjetnik u dubrova\u010dkom Zavodu, a sudjelovalo je troje predstavlja\u010da. Na samom po\u010detku, Seferovi\u0107 je istaknuo kako sve tri knjige, neovisno o tome \u0161to obra\u0111uju razli\u010dita razdoblja, ipak povezuje interes za istra\u017eivanjem \u017eivog bila urbane svakodnevice.<\/p>\n\n\n\n<p>Govore\u0107i o monografiji akademkinje Lonza, dr. sc. Rina Kralj-Brassard, vi\u0161a znanstvenica suradnica u akademijinom Zavodu, naglasila je kako je Lonza u knjizi spojila europsko i dubrova\u010dko, isti\u010du\u0107i kako su teme iz vjerske historije ponekad potisnute na marginu, a ova je Lonzina studija o srednjovjekovnim isposnicima \u2013 za\u010decima, usponu i sutonu pustinja\u010dkog fenomena u Dubrovniku \u2013 po svojoj tematici historiografski prvijenac. Kralj-Brassard istaknula je kako autorica religijskim temama nije nesklona (usp. <em>Kazali\u0161te vlasti: Ceremonijal i dr\u017eavni blagdani Dubrova\u010dke republike u 17. i 18. stolje\u0107u<\/em>), a s druge strane, kao povjesni\u010darki prava tema joj je bliska upravo zbog kori\u0161tenih vrela koja su uglavnom pravne prirode.<\/p>\n\n\n\n<p>Prof. dr. sc. Ljiljana Marks, znanstvenica savjetnica na Institutu za etnologiju i folkloristiku, predstavila je studiju Vesne Miovi\u0107. Okarakterizirala ju je kao historijsku-antropolo\u0161ku budu\u0107i da ona donosi jasno razlo\u017eene podatke o dolasku \u017didova u Dubrovnik, formiranju geta 1546. godine, ali i o obiteljskom i profesionalnom \u017eivotu dubrova\u010dkih \u017didova, njihovom odnosu s gradskom zajednicom u \u0161irim \u201eigrama prijestolja izme\u0111u Osmanskog Carstva, Venecije, papinstva, Habsbur\u0161ke Monarhije i sl.\u201c Iznijela je i nekoliko zanimljivih crtica iz same knjige, spominju\u0107i najpoznatije me\u0111u dubrova\u010dkim \u017didovima kao \u0161to su Didak Pir, dubrova\u010dki lije\u010dnici Abraham i Luzitanus te brojni drugi.<\/p>\n\n\n\n<p>Knjigu Barbare \u0110urasovi\u0107 predstavio je dr. sc. Lovro Kun\u010devi\u0107, vi\u0161i znanstveni suradnik u dubrova\u010dkom Zavodu. Naglasio je kako se \u0110urasovi\u0107 dotakla vi\u0161e pitanja te doprinijela historiografiji izu\u010davanjem povijesti novinarstva, cenzure \u0161tampe, procesa nacionalne integracije u Dubrovniku, kao i op\u0107enito povijesti grada u modernom i suvremenom dobu. Autorica se nije zadr\u017eavala samo na istra\u017eivanju historijata samoga \u010dasopisa <em>Prava Crvena Hrvatska<\/em>, ve\u0107 je ponudila \u0161iru sliku. Naime, novinski urednici nisu samo polemizirali s neistomi\u0161ljenicima, ve\u0107 su pisali o razli\u010ditim temama koje su danas ogledalo svakodnevnog \u017eivota, odnosno vrijedan izvor (za vrijeme Prvog svjetskog rata i jedine dubrova\u010dke novine) koji je \u0110urasovi\u0107 umjela iskoristiti<em>. <\/em>Kona\u010dno, autorica je otvorila novi niz poticajnih pitanja na koja tek treba odgovoriti, zaklju\u010dio je Kun\u010devi\u0107.<\/p>\n\n\n\n<p>Sve tri autorice publika je nagradila velikim pljeskom, a nije izostala ni prilika da se na vratima Ljetnikovca nabave najnovija izdanja dubrova\u010dkog Zavoda za povijesne znanosti. \u0160teta je da na kraju samoga predstavljanja nije kratko dana rije\u010d samim autoricama, ali to je nadokna\u0111eno dru\u017eenjem na domjenku, kao i ugodnim razgovorima prije same promocije.<\/p>\n\n\n\n<p><em>Ivan Mrnarevi\u0107<\/em><\/p>\n\n\n\n<hr class=\"wp-block-separator\"\/>\n\n\n\n<p>O predstavljanju su dostupne i sljede\u0107e obavijesti:<\/p>\n\n\n\n<figure class=\"wp-block-embed-wordpress wp-block-embed is-type-wp-embed is-provider-hazu\"><div class=\"wp-block-embed__wrapper\">\n<blockquote class=\"wp-embedded-content\" data-secret=\"viOlS29Gu3\"><a href=\"https:\/\/www.info.hazu.hr\/2024\/09\/zavod-za-povijesne-znanosti-hazu-u-dubrovniku-predstavio-svoja-izdanja\/\">Zavod za povijesne znanosti HAZU u Dubrovniku predstavio svoja izdanja<\/a><\/blockquote><iframe loading=\"lazy\" class=\"wp-embedded-content\" sandbox=\"allow-scripts\" security=\"restricted\" style=\"position: absolute; clip: rect(1px, 1px, 1px, 1px);\" title=\"&#8220;Zavod za povijesne znanosti HAZU u Dubrovniku predstavio svoja izdanja&#8221; &#8212; HAZU\" src=\"https:\/\/www.info.hazu.hr\/2024\/09\/zavod-za-povijesne-znanosti-hazu-u-dubrovniku-predstavio-svoja-izdanja\/embed\/#?secret=viOlS29Gu3\" data-secret=\"viOlS29Gu3\" width=\"600\" height=\"338\" frameborder=\"0\" marginwidth=\"0\" marginheight=\"0\" scrolling=\"no\"><\/iframe>\n<\/div><\/figure>\n\n\n\n<p><a href=\"https:\/\/dubrovacki.slobodnadalmacija.hr\/dubrovnik\/vijesti\/kultura\/predstavljene-knjige-nelle-lonze-vesne-miovic-i-barbare-durasovic-tri-razlicita-djela-koja-povezuje-jedna-zajednicka-nit-1418025\">https:\/\/dubrovacki.slobodnadalmacija.hr\/dubrovnik\/vijesti\/kultura\/predstavljene-knjige-nelle-lonze-vesne-miovic-i-barbare-durasovic-tri-razlicita-djela-koja-povezuje-jedna-zajednicka-nit-1418025<\/a><\/p>\n\n\n\n<p><a href=\"https:\/\/dulist.hr\/foto-predstavljena-nova-izdanja-knjiga-nelle-lonza-vesne-miovic-i-barbare-durasovic\/908783\/\">https:\/\/dulist.hr\/foto-predstavljena-nova-izdanja-knjiga-nelle-lonza-vesne-miovic-i-barbare-durasovic\/908783\/<\/a><\/p>\n\n\n\n<hr class=\"wp-block-separator\"\/>\n","protected":false},"excerpt":{"rendered":"","protected":false},"author":2,"featured_media":0,"comment_status":"open","ping_status":"open","sticky":false,"template":"","format":"standard","meta":{"_acf_changed":false,"jetpack_post_was_ever_published":false,"_jetpack_newsletter_access":"","_jetpack_dont_email_post_to_subs":false,"_jetpack_newsletter_tier_id":0,"_jetpack_memberships_contains_paywalled_content":false,"_jetpack_memberships_contains_paid_content":false,"footnotes":"","jetpack_publicize_message":"","jetpack_publicize_feature_enabled":true,"jetpack_social_post_already_shared":true,"jetpack_social_options":{"image_generator_settings":{"template":"highway","default_image_id":0,"font":"","enabled":false},"version":2}},"categories":[4],"tags":[],"class_list":["post-42226","post","type-post","status-publish","format-standard","hentry","category-osvrti"],"acf":{"facebook_opis":""},"jetpack_publicize_connections":[],"jetpack_featured_media_url":"","jetpack_sharing_enabled":true,"jetpack-related-posts":[{"id":52646,"url":"https:\/\/historiografija.hr\/?p=52646","url_meta":{"origin":42226,"position":0},"title":"5. MALI FESTIVAL POVIJESTI U LASTOVU","author":"Branimir Jankovi\u0107","date":"24. travnja 2026.","format":false,"excerpt":"Peti Mali festival povijesti odr\u017eava se od 25. do 27. travnja 2026. na Lastovu, u suradnji Zavoda za povijesne znanosti HAZU u Dubrovniku, Op\u0107ine Lastovo i Turisti\u010dke zajednice te uz potporu Dubrova\u010dko-neretvanske \u017eupanije. Predavanja: Dr. sc. Jasna \u010capo \u201eKu\u0107a kao zalog budu\u0107nosti i most izme\u0111u iseljenika i domovine\u201c Dr. sc.\u2026","rel":"","context":"U &quot;Novosti&quot;","block_context":{"text":"Novosti","link":"https:\/\/historiografija.hr\/?cat=3"},"img":{"alt_text":"","src":"https:\/\/i0.wp.com\/historiografija.hr\/wp-content\/uploads\/2026\/04\/Lastovo.jpg?fit=1200%2C700&ssl=1&resize=350%2C200","width":350,"height":200,"srcset":"https:\/\/i0.wp.com\/historiografija.hr\/wp-content\/uploads\/2026\/04\/Lastovo.jpg?fit=1200%2C700&ssl=1&resize=350%2C200 1x, https:\/\/i0.wp.com\/historiografija.hr\/wp-content\/uploads\/2026\/04\/Lastovo.jpg?fit=1200%2C700&ssl=1&resize=525%2C300 1.5x, https:\/\/i0.wp.com\/historiografija.hr\/wp-content\/uploads\/2026\/04\/Lastovo.jpg?fit=1200%2C700&ssl=1&resize=700%2C400 2x, https:\/\/i0.wp.com\/historiografija.hr\/wp-content\/uploads\/2026\/04\/Lastovo.jpg?fit=1200%2C700&ssl=1&resize=1050%2C600 3x"},"classes":[]},{"id":52499,"url":"https:\/\/historiografija.hr\/?p=52499","url_meta":{"origin":42226,"position":1},"title":"POTPISAN UGOVOR O ZNANSTVENO-ISTRA\u017dIVA\u010cKOJ SURADNJI: PROJEKT \u201eTEMELJI HRVATSKE SAMOSTALNOSTI\u201d","author":"Branimir Jankovi\u0107","date":"17. travnja 2026.","format":false,"excerpt":"Hrvatski institut za povijest, Sveu\u010dili\u0161te obrane i sigurnosti \u201eDr. Franjo Tu\u0111man\u201d, Institut dru\u0161tvenih znanosti Ivo Pilar i Hrvatski dr\u017eavni arhiv\u00a0potpisali su 23. o\u017eujka 2026.\u00a0Ugovor o znanstveno-istra\u017eiva\u010dkoj suradnji s ciljem provedbe projekta \u201eTemelji hrvatske samostalnosti\u201d. Tim projektom obuhva\u0107a se istra\u017eivanje arhivskoga gradiva, priprema znanstvenih publikacija, digitalizacija i javna prezentacija rezultata istra\u017eivanja\u2026","rel":"","context":"U &quot;Novosti&quot;","block_context":{"text":"Novosti","link":"https:\/\/historiografija.hr\/?cat=3"},"img":{"alt_text":"","src":"https:\/\/i0.wp.com\/historiografija.hr\/wp-content\/uploads\/2026\/04\/THS_sporazum.jpg?fit=1200%2C583&ssl=1&resize=350%2C200","width":350,"height":200,"srcset":"https:\/\/i0.wp.com\/historiografija.hr\/wp-content\/uploads\/2026\/04\/THS_sporazum.jpg?fit=1200%2C583&ssl=1&resize=350%2C200 1x, https:\/\/i0.wp.com\/historiografija.hr\/wp-content\/uploads\/2026\/04\/THS_sporazum.jpg?fit=1200%2C583&ssl=1&resize=525%2C300 1.5x, https:\/\/i0.wp.com\/historiografija.hr\/wp-content\/uploads\/2026\/04\/THS_sporazum.jpg?fit=1200%2C583&ssl=1&resize=700%2C400 2x, https:\/\/i0.wp.com\/historiografija.hr\/wp-content\/uploads\/2026\/04\/THS_sporazum.jpg?fit=1200%2C583&ssl=1&resize=1050%2C600 3x"},"classes":[]},{"id":52563,"url":"https:\/\/historiografija.hr\/?p=52563","url_meta":{"origin":42226,"position":2},"title":"Predavanje Nenada Fabijani\u0107a o stadionu Poljud u Splitu","author":"Branimir Jankovi\u0107","date":"21. travnja 2026.","format":false,"excerpt":"Znanstveno vije\u0107e za arhitekturu, urbanizam i ure\u0111enje prostora Hrvatske akademije znanosti i umjetnosti organizira predavanje \u201cPo Poljudu\u201d koje \u0107e u srijedu 22. travnja 2026. s po\u010detkom u 14 sati u Knji\u017enici HAZU, Strossmayerov trg 14 u Zagrebu, odr\u017eati\u00a0prof. emerit. dr. art. Nenad Fabijani\u0107,\u00a0\u010dlan suradnik HAZU. Predavanje \u201ePo Poljudu\u201c (Projekt obnove)\u2026","rel":"","context":"U &quot;Novosti&quot;","block_context":{"text":"Novosti","link":"https:\/\/historiografija.hr\/?cat=3"},"img":{"alt_text":"","src":"https:\/\/i0.wp.com\/historiografija.hr\/wp-content\/uploads\/2026\/04\/Poljud-scaled.jpeg?fit=1200%2C800&ssl=1&resize=350%2C200","width":350,"height":200,"srcset":"https:\/\/i0.wp.com\/historiografija.hr\/wp-content\/uploads\/2026\/04\/Poljud-scaled.jpeg?fit=1200%2C800&ssl=1&resize=350%2C200 1x, https:\/\/i0.wp.com\/historiografija.hr\/wp-content\/uploads\/2026\/04\/Poljud-scaled.jpeg?fit=1200%2C800&ssl=1&resize=525%2C300 1.5x, https:\/\/i0.wp.com\/historiografija.hr\/wp-content\/uploads\/2026\/04\/Poljud-scaled.jpeg?fit=1200%2C800&ssl=1&resize=700%2C400 2x, https:\/\/i0.wp.com\/historiografija.hr\/wp-content\/uploads\/2026\/04\/Poljud-scaled.jpeg?fit=1200%2C800&ssl=1&resize=1050%2C600 3x"},"classes":[]},{"id":52592,"url":"https:\/\/historiografija.hr\/?p=52592","url_meta":{"origin":42226,"position":3},"title":"Predstavljanje knjige &#8220;Turska ku\u0107a u Rijeci&#8221; u Zagrebu","author":"Branimir Jankovi\u0107","date":"22. travnja 2026.","format":false,"excerpt":"U prostorijama Turskog kulturnog centra Yunus Emre u Zagrebu, u utorak 21. travnja 2026. godine, odr\u017eano je sve\u010dano predstavljanje dopunjenog izdanja knjige Turska ku\u0107a u Rijeci, u organizaciji Hrvatsko-turskog dru\u0161tva Rijeka i partnerstvu sa Skupinom prijateljstva Hrvatska-Turska Hrvatskog sabora, Veleposlanstvom Republike Turske u Republici Hrvatskoj te Turskim kulturnim centrom Yunus\u2026","rel":"","context":"U &quot;Novosti&quot;","block_context":{"text":"Novosti","link":"https:\/\/historiografija.hr\/?cat=3"},"img":{"alt_text":"","src":"https:\/\/i0.wp.com\/historiografija.hr\/wp-content\/uploads\/2026\/04\/Turska-kuca-ZG.jpg?fit=1200%2C800&ssl=1&resize=350%2C200","width":350,"height":200,"srcset":"https:\/\/i0.wp.com\/historiografija.hr\/wp-content\/uploads\/2026\/04\/Turska-kuca-ZG.jpg?fit=1200%2C800&ssl=1&resize=350%2C200 1x, https:\/\/i0.wp.com\/historiografija.hr\/wp-content\/uploads\/2026\/04\/Turska-kuca-ZG.jpg?fit=1200%2C800&ssl=1&resize=525%2C300 1.5x, https:\/\/i0.wp.com\/historiografija.hr\/wp-content\/uploads\/2026\/04\/Turska-kuca-ZG.jpg?fit=1200%2C800&ssl=1&resize=700%2C400 2x, https:\/\/i0.wp.com\/historiografija.hr\/wp-content\/uploads\/2026\/04\/Turska-kuca-ZG.jpg?fit=1200%2C800&ssl=1&resize=1050%2C600 3x"},"classes":[]},{"id":52559,"url":"https:\/\/historiografija.hr\/?p=52559","url_meta":{"origin":42226,"position":4},"title":"Dobitnici dr\u017eavne nagrade za znanost za 2024. godinu","author":"Branimir Jankovi\u0107","date":"20. travnja 2026.","format":false,"excerpt":"Na sjednici Odbora za podjelu dr\u017eavnih nagrada za znanost odr\u017eanoj 16. travnja 2026. godine donesena je Odluka o dodjeli dr\u017eavnih nagrada za znanost za 2024. godinu. Godi\u0161njom nagradom za popularizaciju i promid\u017ebu znanosti nagra\u0111eni su u podru\u010dju humanisti\u010dkih znanosti znanstveni suradnici dr. sc. Josip Mihaljevi\u0107 i dr. sc. Gordan Ravan\u010di\u0107,\u2026","rel":"","context":"U &quot;Novosti&quot;","block_context":{"text":"Novosti","link":"https:\/\/historiografija.hr\/?cat=3"},"img":{"alt_text":"","src":"https:\/\/i0.wp.com\/historiografija.hr\/wp-content\/uploads\/2021\/12\/povijesne-kontroverze.jpg?fit=1200%2C675&ssl=1&resize=350%2C200","width":350,"height":200,"srcset":"https:\/\/i0.wp.com\/historiografija.hr\/wp-content\/uploads\/2021\/12\/povijesne-kontroverze.jpg?fit=1200%2C675&ssl=1&resize=350%2C200 1x, https:\/\/i0.wp.com\/historiografija.hr\/wp-content\/uploads\/2021\/12\/povijesne-kontroverze.jpg?fit=1200%2C675&ssl=1&resize=525%2C300 1.5x, https:\/\/i0.wp.com\/historiografija.hr\/wp-content\/uploads\/2021\/12\/povijesne-kontroverze.jpg?fit=1200%2C675&ssl=1&resize=700%2C400 2x, https:\/\/i0.wp.com\/historiografija.hr\/wp-content\/uploads\/2021\/12\/povijesne-kontroverze.jpg?fit=1200%2C675&ssl=1&resize=1050%2C600 3x"},"classes":[]},{"id":52666,"url":"https:\/\/historiografija.hr\/?p=52666","url_meta":{"origin":42226,"position":5},"title":"Najava programa Festivala povijesti Kliofest (5-8. V. 2026)","author":"Branimir Jankovi\u0107","date":"24. travnja 2026.","format":false,"excerpt":"Po trinaesti put odr\u017eava se Festival povijesti Kliofest! Do petka \u0107emo odr\u017eati osam okruglih stolova i dva kolokvija te niz predstavljanja knjiga i projekata razli\u010dite tematike, od antike do suvremenosti. Bit \u0107e predstavljeno i nekoliko izlo\u017ebi te odr\u017ean jedan povijesni kviz. Prikazat \u0107emo i jedan film \u2013 o generalu Boroevi\u0107u.\u2026","rel":"","context":"U &quot;Novosti&quot;","block_context":{"text":"Novosti","link":"https:\/\/historiografija.hr\/?cat=3"},"img":{"alt_text":"","src":"https:\/\/i0.wp.com\/historiografija.hr\/wp-content\/uploads\/2026\/04\/Kliofest-2026.jpg?fit=526%2C526&ssl=1&resize=350%2C200","width":350,"height":200,"srcset":"https:\/\/i0.wp.com\/historiografija.hr\/wp-content\/uploads\/2026\/04\/Kliofest-2026.jpg?fit=526%2C526&ssl=1&resize=350%2C200 1x, https:\/\/i0.wp.com\/historiografija.hr\/wp-content\/uploads\/2026\/04\/Kliofest-2026.jpg?fit=526%2C526&ssl=1&resize=525%2C300 1.5x"},"classes":[]}],"_links":{"self":[{"href":"https:\/\/historiografija.hr\/index.php?rest_route=\/wp\/v2\/posts\/42226","targetHints":{"allow":["GET"]}}],"collection":[{"href":"https:\/\/historiografija.hr\/index.php?rest_route=\/wp\/v2\/posts"}],"about":[{"href":"https:\/\/historiografija.hr\/index.php?rest_route=\/wp\/v2\/types\/post"}],"author":[{"embeddable":true,"href":"https:\/\/historiografija.hr\/index.php?rest_route=\/wp\/v2\/users\/2"}],"replies":[{"embeddable":true,"href":"https:\/\/historiografija.hr\/index.php?rest_route=%2Fwp%2Fv2%2Fcomments&post=42226"}],"version-history":[{"count":3,"href":"https:\/\/historiografija.hr\/index.php?rest_route=\/wp\/v2\/posts\/42226\/revisions"}],"predecessor-version":[{"id":42229,"href":"https:\/\/historiografija.hr\/index.php?rest_route=\/wp\/v2\/posts\/42226\/revisions\/42229"}],"wp:attachment":[{"href":"https:\/\/historiografija.hr\/index.php?rest_route=%2Fwp%2Fv2%2Fmedia&parent=42226"}],"wp:term":[{"taxonomy":"category","embeddable":true,"href":"https:\/\/historiografija.hr\/index.php?rest_route=%2Fwp%2Fv2%2Fcategories&post=42226"},{"taxonomy":"post_tag","embeddable":true,"href":"https:\/\/historiografija.hr\/index.php?rest_route=%2Fwp%2Fv2%2Ftags&post=42226"}],"curies":[{"name":"wp","href":"https:\/\/api.w.org\/{rel}","templated":true}]}}