{"id":42215,"date":"2024-09-14T15:53:09","date_gmt":"2024-09-14T15:53:09","guid":{"rendered":"http:\/\/historiografija.hr\/?p=42215"},"modified":"2024-09-18T18:00:48","modified_gmt":"2024-09-18T18:00:48","slug":"novi-medijski-prilozi-o-slucaju-neprimanja-stanka-andrica-u-hazu-2","status":"publish","type":"post","link":"https:\/\/historiografija.hr\/?p=42215","title":{"rendered":"Novi medijski prilozi o slu\u010daju neprimanja Stanka Andri\u0107a u HAZU (2)"},"content":{"rendered":"\n<p>Nakon prethodnih priloga u medijima o slu\u010daju neprimanja Stanka Andri\u0107a u HAZU \u2013 kao i komentara portala Historiografija.hr, reakcije Filozofskog fakulteta u Osijeku i djelatnika Podru\u017enice HIP-a te Zdravke Jelaske Marijan &nbsp;\u2013 ovih su dana objavljeni brojni novi medijski prilozi potaknuti javnim istupom Zvonka Makovi\u0107a u kojem se izravno poziva na Andri\u0107ev slu\u010daj.<\/p>\n\n\n\n<hr class=\"wp-block-separator\"\/>\n\n\n\n<p>Iz medija:<\/p>\n\n\n\n<p><a href=\"https:\/\/www.jutarnji.hr\/kultura\/art\/drama-u-hazu-ugledni-hrvatski-intelektualac-odlucio-prekinuti-sutnju-nakon-svega-ne-zelim-ni-da-mi-ime-bude-do-njihovog-15499126\">https:\/\/www.jutarnji.hr\/kultura\/art\/drama-u-hazu-ugledni-hrvatski-intelektualac-odlucio-prekinuti-sutnju-nakon-svega-ne-zelim-ni-da-mi-ime-bude-do-njihovog-15499126<\/a><\/p>\n\n\n\n<figure class=\"wp-block-embed-wordpress wp-block-embed is-type-wp-embed is-provider-n-1\"><div class=\"wp-block-embed__wrapper\">\n<blockquote class=\"wp-embedded-content\" data-secret=\"Cxq3xXnyha\"><a href=\"https:\/\/n1info.hr\/magazin\/kultura\/sto-smrdi-u-hazu-u-akademik-koji-ju-je-napustio-nabrojao-svoje-razloge\/\">\u0160to smrdi u HAZU-u? Akademik koji ju je napustio nabrojao svoje razloge<\/a><\/blockquote><iframe loading=\"lazy\" class=\"wp-embedded-content\" sandbox=\"allow-scripts\" security=\"restricted\" style=\"position: absolute; clip: rect(1px, 1px, 1px, 1px);\" title=\"&#8220;\u0160to smrdi u HAZU-u? Akademik koji ju je napustio nabrojao svoje razloge&#8221; &#8212; N1\" src=\"https:\/\/n1info.hr\/magazin\/kultura\/sto-smrdi-u-hazu-u-akademik-koji-ju-je-napustio-nabrojao-svoje-razloge\/embed\/#?secret=V4GoZGdmGL#?secret=Cxq3xXnyha\" data-secret=\"Cxq3xXnyha\" width=\"600\" height=\"338\" frameborder=\"0\" marginwidth=\"0\" marginheight=\"0\" scrolling=\"no\"><\/iframe>\n<\/div><\/figure>\n\n\n\n<figure class=\"wp-block-embed-wordpress wp-block-embed is-type-wp-embed is-provider-n-1\"><div class=\"wp-block-embed__wrapper\">\n<blockquote class=\"wp-embedded-content\" data-secret=\"AZhv4SgJXC\"><a href=\"https:\/\/n1info.hr\/magazin\/kultura\/zvonko-makovic-zatrazio-od-hazua-da-ga-izbrise-iz-clanstva\/\">Zvonko Makovi\u0107 zatra\u017eio od HAZU-a da ga izbri\u0161e iz \u010dlanstva, objasnio je za\u0161to<\/a><\/blockquote><iframe loading=\"lazy\" class=\"wp-embedded-content\" sandbox=\"allow-scripts\" security=\"restricted\" style=\"position: absolute; clip: rect(1px, 1px, 1px, 1px);\" title=\"&#8220;Zvonko Makovi\u0107 zatra\u017eio od HAZU-a da ga izbri\u0161e iz \u010dlanstva, objasnio je za\u0161to&#8221; &#8212; N1\" src=\"https:\/\/n1info.hr\/magazin\/kultura\/zvonko-makovic-zatrazio-od-hazua-da-ga-izbrise-iz-clanstva\/embed\/#?secret=fm9tN2Pgpb#?secret=AZhv4SgJXC\" data-secret=\"AZhv4SgJXC\" width=\"600\" height=\"338\" frameborder=\"0\" marginwidth=\"0\" marginheight=\"0\" scrolling=\"no\"><\/iframe>\n<\/div><\/figure>\n\n\n\n<p><a href=\"https:\/\/www.hina.hr\/vijest\/11720063\">https:\/\/www.hina.hr\/vijest\/11720063<\/a><\/p>\n\n\n\n<p><a href=\"https:\/\/www.telegram.hr\/kultura\/cuveni-zvonko-makovic-zbog-skandala-trazio-da-ga-se-izbrise-iz-hazu-nece-moje-ime-stajati-kraj-njihovih\/\">https:\/\/www.telegram.hr\/kultura\/cuveni-zvonko-makovic-zbog-skandala-trazio-da-ga-se-izbrise-iz-hazu-nece-moje-ime-stajati-kraj-njihovih\/<\/a><\/p>\n\n\n\n<p><a href=\"https:\/\/www.tportal.hr\/vijesti\/clanak\/matkovic-vise-ne-zeli-biti-clan-hazu-a-svako-malo-pojavljuje-se-po-crnim-kronikama-20240906\">https:\/\/www.tportal.hr\/vijesti\/clanak\/matkovic-vise-ne-zeli-biti-clan-hazu-a-svako-malo-pojavljuje-se-po-crnim-kronikama-20240906<\/a><\/p>\n\n\n\n<p><a href=\"https:\/\/www.index.hr\/vijesti\/clanak\/profesor-makovic-trazi-da-ga-iskljuce-iz-hazua-ne-zelim-biti-dio-takvog-drustva\/2596238.aspx\">https:\/\/www.index.hr\/vijesti\/clanak\/profesor-makovic-trazi-da-ga-iskljuce-iz-hazua-ne-zelim-biti-dio-takvog-drustva\/2596238.aspx<\/a><\/p>\n\n\n\n<p><a href=\"https:\/\/slobodnadalmacija.hr\/vijesti\/hrvatska\/zvonko-makovic-zatrazio-od-hazu-a-da-ga-izbrise-iz-clanstva-objasnio-je-zasto-ne-zelim-biti-clan-takvog-drustva-1416745\">https:\/\/slobodnadalmacija.hr\/vijesti\/hrvatska\/zvonko-makovic-zatrazio-od-hazu-a-da-ga-izbrise-iz-clanstva-objasnio-je-zasto-ne-zelim-biti-clan-takvog-drustva-1416745<\/a><\/p>\n\n\n\n<figure class=\"wp-block-embed-wordpress wp-block-embed is-type-wp-embed is-provider-nacional-hr\"><div class=\"wp-block-embed__wrapper\">\n<blockquote class=\"wp-embedded-content\" data-secret=\"Eiteog0dFp\"><a href=\"https:\/\/www.nacional.hr\/svasta-im-zamjera-zvonko-makovic-istupio-iz-hazu-a-sramotno-je-da-su-svako-malo-po-crnim-kornikama\/\">SVA\u0160TA IM ZAMJERA&#8230; Zvonko Makovi\u0107 istupio iz HAZU-a; &#8216;Sramotno je da su svako malo po crnim kronikama&#8217;<\/a><\/blockquote><iframe loading=\"lazy\" class=\"wp-embedded-content\" sandbox=\"allow-scripts\" security=\"restricted\" style=\"position: absolute; clip: rect(1px, 1px, 1px, 1px);\" title=\"&#8220;SVA\u0160TA IM ZAMJERA&#8230; Zvonko Makovi\u0107 istupio iz HAZU-a; &#8216;Sramotno je da su svako malo po crnim kronikama&#8217;&#8221; &#8212; NACIONAL.HR\" src=\"https:\/\/www.nacional.hr\/svasta-im-zamjera-zvonko-makovic-istupio-iz-hazu-a-sramotno-je-da-su-svako-malo-po-crnim-kornikama\/embed\/#?secret=Hdh171Xv3Q#?secret=Eiteog0dFp\" data-secret=\"Eiteog0dFp\" width=\"600\" height=\"338\" frameborder=\"0\" marginwidth=\"0\" marginheight=\"0\" scrolling=\"no\"><\/iframe>\n<\/div><\/figure>\n\n\n\n<figure class=\"wp-block-embed-wordpress wp-block-embed is-type-wp-embed is-provider-nacional-hr\"><div class=\"wp-block-embed__wrapper\">\n<blockquote class=\"wp-embedded-content\" data-secret=\"Nzy3WuJCQB\"><a href=\"https:\/\/www.nacional.hr\/makovic-o-hazu-sveli-su-jednog-od-najvecih-hrvatskih-umjetnika-na-razinu-kuglice-za-bor\/\">MAKOVI\u0106 O HAZU &#8216;Sveli su jednog od najve\u0107ih hrvatskih umjetnika na razinu kuglice za bor!&#8217;<\/a><\/blockquote><iframe loading=\"lazy\" class=\"wp-embedded-content\" sandbox=\"allow-scripts\" security=\"restricted\" style=\"position: absolute; clip: rect(1px, 1px, 1px, 1px);\" title=\"&#8220;MAKOVI\u0106 O HAZU &#8216;Sveli su jednog od najve\u0107ih hrvatskih umjetnika na razinu kuglice za bor!&#8217;&#8221; &#8212; NACIONAL.HR\" src=\"https:\/\/www.nacional.hr\/makovic-o-hazu-sveli-su-jednog-od-najvecih-hrvatskih-umjetnika-na-razinu-kuglice-za-bor\/embed\/#?secret=XJ6pBf3vhp#?secret=Nzy3WuJCQB\" data-secret=\"Nzy3WuJCQB\" width=\"600\" height=\"338\" frameborder=\"0\" marginwidth=\"0\" marginheight=\"0\" scrolling=\"no\"><\/iframe>\n<\/div><\/figure>\n\n\n\n<p><a href=\"https:\/\/direktno.hr\/zivot\/kultura\/zvonko-makovic-vise-ne-zeli-biti-clan-hazu-a-iznio-niz-optuzbi-i-spomenuo-josipa-pecarica-354197\/\">https:\/\/direktno.hr\/zivot\/kultura\/zvonko-makovic-vise-ne-zeli-biti-clan-hazu-a-iznio-niz-optuzbi-i-spomenuo-josipa-pecarica-354197\/<\/a><\/p>\n\n\n\n<hr class=\"wp-block-separator\"\/>\n\n\n\n<p><a href=\"https:\/\/magazin.hrt.hr\/kultura\/makovic-u-pismu-hazu-u-ne-zelim-biti-clan-takvog-drustva-11743152\">https:\/\/magazin.hrt.hr\/kultura\/makovic-u-pismu-hazu-u-ne-zelim-biti-clan-takvog-drustva-11743152<\/a><\/p>\n\n\n\n<p><a href=\"https:\/\/www.vecernji.hr\/kultura\/rad-hazu-nije-u-skladu-s-civilizacijskim-tokovima-1798272\">https:\/\/www.vecernji.hr\/kultura\/rad-hazu-nije-u-skladu-s-civilizacijskim-tokovima-1798272<\/a><\/p>\n\n\n\n<p><a href=\"https:\/\/www.vecernji.hr\/vijesti\/izbjegavanje-ekscesa-hazu-u-ne-polazi-za-rukom-1798270\">https:\/\/www.vecernji.hr\/vijesti\/izbjegavanje-ekscesa-hazu-u-ne-polazi-za-rukom-1798270<\/a><\/p>\n\n\n\n<p><a href=\"https:\/\/www.vecernji.hr\/kultura\/zacudila-nas-je-makoviceva-odluka-o-istupu-iz-clanstva-1798311\">https:\/\/www.vecernji.hr\/kultura\/zacudila-nas-je-makoviceva-odluka-o-istupu-iz-clanstva-1798311<\/a><\/p>\n\n\n\n<p><a href=\"https:\/\/www.jutarnji.hr\/kultura\/art\/jeftinom-manipulacijom-su-u-hazu-izazvali-pomutnju-ne-zvonko-makovic-nije-primio-vasu-nagradu-15500498\">https:\/\/www.jutarnji.hr\/kultura\/art\/jeftinom-manipulacijom-su-u-hazu-izazvali-pomutnju-ne-zvonko-makovic-nije-primio-vasu-nagradu-15500498<\/a><\/p>\n\n\n\n<p><a href=\"https:\/\/www.vecernji.hr\/kultura\/hazu-se-promijenio-dolaskom-velimira-neidhardta-a-makovicev-odlazak-duboko-je-moralan-cin-1798097\">https:\/\/www.vecernji.hr\/kultura\/hazu-se-promijenio-dolaskom-velimira-neidhardta-a-makovicev-odlazak-duboko-je-moralan-cin-1798097<\/a><\/p>\n\n\n\n<hr class=\"wp-block-separator\"\/>\n\n\n\n<figure class=\"wp-block-embed-wordpress wp-block-embed is-type-wp-embed is-provider-bez-cenzure\"><div class=\"wp-block-embed__wrapper\">\n<blockquote class=\"wp-embedded-content\" data-secret=\"tYareEP1vG\"><a href=\"https:\/\/bezcenzure.hr\/toptema\/razgovor-mladena-pavkovica-s-akademikom-josipom-pecaricem-ili-odgovor-zvonku-makovicu\/\">RAZGOVOR MLADENA PAVKOVI\u0106A S AKADEMIKOM JOSIPOM PE\u010cARI\u0106EM ILI ODGOVOR ZVONKU MAKOVI\u0106U&#8230;<\/a><\/blockquote><iframe loading=\"lazy\" class=\"wp-embedded-content\" sandbox=\"allow-scripts\" security=\"restricted\" style=\"position: absolute; clip: rect(1px, 1px, 1px, 1px);\" title=\"&#8220;RAZGOVOR MLADENA PAVKOVI\u0106A S AKADEMIKOM JOSIPOM PE\u010cARI\u0106EM ILI ODGOVOR ZVONKU MAKOVI\u0106U&#8230;&#8221; &#8212; Bez Cenzure\" src=\"https:\/\/bezcenzure.hr\/toptema\/razgovor-mladena-pavkovica-s-akademikom-josipom-pecaricem-ili-odgovor-zvonku-makovicu\/embed\/#?secret=tYareEP1vG\" data-secret=\"tYareEP1vG\" width=\"600\" height=\"338\" frameborder=\"0\" marginwidth=\"0\" marginheight=\"0\" scrolling=\"no\"><\/iframe>\n<\/div><\/figure>\n\n\n\n<figure class=\"wp-block-embed-wordpress wp-block-embed is-type-wp-embed is-provider-bez-cenzure\"><div class=\"wp-block-embed__wrapper\">\n<blockquote class=\"wp-embedded-content\" data-secret=\"JpKNBzWJ9O\"><a href=\"https:\/\/bezcenzure.hr\/toptema\/potpuno-beznacajna-licnost\/\">&#8216;POTPUNO BEZNA\u010cAJNA LI\u010cNOST&#8217;&#8230;<\/a><\/blockquote><iframe loading=\"lazy\" class=\"wp-embedded-content\" sandbox=\"allow-scripts\" security=\"restricted\" style=\"position: absolute; clip: rect(1px, 1px, 1px, 1px);\" title=\"&#8220;&#8216;POTPUNO BEZNA\u010cAJNA LI\u010cNOST&#8217;&#8230;&#8221; &#8212; Bez Cenzure\" src=\"https:\/\/bezcenzure.hr\/toptema\/potpuno-beznacajna-licnost\/embed\/#?secret=JpKNBzWJ9O\" data-secret=\"JpKNBzWJ9O\" width=\"600\" height=\"338\" frameborder=\"0\" marginwidth=\"0\" marginheight=\"0\" scrolling=\"no\"><\/iframe>\n<\/div><\/figure>\n\n\n\n<figure class=\"wp-block-embed-wordpress wp-block-embed is-type-wp-embed is-provider-portal-tjedno\"><div class=\"wp-block-embed__wrapper\">\n<blockquote class=\"wp-embedded-content\" data-secret=\"mZwxUNzuyg\"><a href=\"https:\/\/www.tjedno.hr\/makovic-nema-pojma-o-znanosti\/\">MAKOVI\u0106 NEMA POJMA O ZNANOSTI<\/a><\/blockquote><iframe loading=\"lazy\" class=\"wp-embedded-content\" sandbox=\"allow-scripts\" security=\"restricted\" style=\"position: absolute; clip: rect(1px, 1px, 1px, 1px);\" title=\"&#8220;MAKOVI\u0106 NEMA POJMA O ZNANOSTI&#8221; &#8212; *** PORTAL TJEDNO ***\" src=\"https:\/\/www.tjedno.hr\/makovic-nema-pojma-o-znanosti\/embed\/#?secret=mZwxUNzuyg\" data-secret=\"mZwxUNzuyg\" width=\"600\" height=\"338\" frameborder=\"0\" marginwidth=\"0\" marginheight=\"0\" scrolling=\"no\"><\/iframe>\n<\/div><\/figure>\n\n\n\n<hr class=\"wp-block-separator\"\/>\n\n\n\n<p><a href=\"https:\/\/www.vecernji.hr\/vijesti\/hazu-dopusta-da-povjesnicare-diskreditira-jedan-hobist-rehabilitator-ustastva-po-struci-matematicar-1800057\">https:\/\/www.vecernji.hr\/vijesti\/hazu-dopusta-da-povjesnicare-diskreditira-jedan-hobist-rehabilitator-ustastva-po-struci-matematicar-1800057<\/a><\/p>\n\n\n\n<p><a href=\"https:\/\/slobodnadalmacija.hr\/vijesti\/hrvatska\/hazu-stalno-proizvodi-skandale-samo-je-jedan-od-njih-uvazavanje-misljenja-nekog-osobenjaka-s-vrlo-mracnim-konotacijama-1418877\">https:\/\/slobodnadalmacija.hr\/vijesti\/hrvatska\/hazu-stalno-proizvodi-skandale-samo-je-jedan-od-njih-uvazavanje-misljenja-nekog-osobenjaka-s-vrlo-mracnim-konotacijama-1418877<\/a><\/p>\n\n\n\n<p><a href=\"https:\/\/www.telegram.hr\/komentari\/kakav-pad-kakva-sramota-za-hazu-treba-se-jako-zabrinuti-kada-intelektualni-hram-povlaci-poteze-kao-da-tamo-sjedi-miro-bulj\/\">https:\/\/www.telegram.hr\/komentari\/kakav-pad-kakva-sramota-za-hazu-treba-se-jako-zabrinuti-kada-intelektualni-hram-povlaci-poteze-kao-da-tamo-sjedi-miro-bulj\/<\/a><\/p>\n\n\n\n<figure class=\"wp-block-embed-wordpress wp-block-embed is-type-wp-embed is-provider-nacional-hr\"><div class=\"wp-block-embed__wrapper\">\n<blockquote class=\"wp-embedded-content\" data-secret=\"PHkedQxvmz\"><a href=\"https:\/\/www.nacional.hr\/zvonko-makovic-hazu-takve-su-se-stvari-radile-za-vrijeme-ceausescua-evo-sto-me-zgrozilo\/\">ZVONKO MAKOVI\u0106: &#8216;HAZU? Takve su se stvari radile za vrijeme Ceau\u0219escua. Evo \u0161to me zgrozilo&#8230;&#8217;<\/a><\/blockquote><iframe loading=\"lazy\" class=\"wp-embedded-content\" sandbox=\"allow-scripts\" security=\"restricted\" style=\"position: absolute; clip: rect(1px, 1px, 1px, 1px);\" title=\"&#8220;ZVONKO MAKOVI\u0106: &#8216;HAZU? Takve su se stvari radile za vrijeme Ceau\u0219escua. Evo \u0161to me zgrozilo&#8230;&#8217;&#8221; &#8212; NACIONAL.HR\" src=\"https:\/\/www.nacional.hr\/zvonko-makovic-hazu-takve-su-se-stvari-radile-za-vrijeme-ceausescua-evo-sto-me-zgrozilo\/embed\/#?secret=xSl9kkW2tS#?secret=PHkedQxvmz\" data-secret=\"PHkedQxvmz\" width=\"600\" height=\"338\" frameborder=\"0\" marginwidth=\"0\" marginheight=\"0\" scrolling=\"no\"><\/iframe>\n<\/div><\/figure>\n\n\n\n<hr class=\"wp-block-separator\"\/>\n\n\n\n<figure class=\"wp-block-embed-wordpress wp-block-embed is-type-wp-embed is-provider-novi-list\"><div class=\"wp-block-embed__wrapper\">\n<blockquote class=\"wp-embedded-content\" data-secret=\"RO9qifrI0g\"><a href=\"https:\/\/www.novilist.hr\/ostalo\/kultura\/ostalo-kultura\/djelo-knjizevne-okolice-prikaz-knjige-stanka-andrica-u-vijencu\/\">Djelo &#8220;Knji\u017eevne okolice&#8221;. Prikaz knjige Stanka Andri\u0107a u Vijencu<\/a><\/blockquote><iframe loading=\"lazy\" class=\"wp-embedded-content\" sandbox=\"allow-scripts\" security=\"restricted\" style=\"position: absolute; clip: rect(1px, 1px, 1px, 1px);\" title=\"&#8220;Djelo &#8220;Knji\u017eevne okolice&#8221;. Prikaz knjige Stanka Andri\u0107a u Vijencu&#8221; &#8212; Novi list\" src=\"https:\/\/www.novilist.hr\/ostalo\/kultura\/ostalo-kultura\/djelo-knjizevne-okolice-prikaz-knjige-stanka-andrica-u-vijencu\/embed\/#?secret=NsUu0z8R82#?secret=RO9qifrI0g\" data-secret=\"RO9qifrI0g\" width=\"600\" height=\"338\" frameborder=\"0\" marginwidth=\"0\" marginheight=\"0\" scrolling=\"no\"><\/iframe>\n<\/div><\/figure>\n\n\n\n<hr class=\"wp-block-separator\"\/>\n\n\n\n<p>Prethodni prilozi na portalu Historiografija.hr:<\/p>\n\n\n\n<figure class=\"wp-block-embed-wordpress wp-block-embed is-type-wp-embed is-provider-historiografija-hr\"><div class=\"wp-block-embed__wrapper\">\n<blockquote class=\"wp-embedded-content\" data-secret=\"MlvC7Ot4Hr\"><a href=\"https:\/\/historiografija.hr\/?p=41062\">Novi medijski prilozi o slu\u010daju neprimanja Stanka Andri\u0107a u HAZU (1)<\/a><\/blockquote><iframe loading=\"lazy\" class=\"wp-embedded-content\" sandbox=\"allow-scripts\" security=\"restricted\" style=\"position: absolute; clip: rect(1px, 1px, 1px, 1px);\" title=\"&#8220;Novi medijski prilozi o slu\u010daju neprimanja Stanka Andri\u0107a u HAZU (1)&#8221; &#8212; Historiografija.hr\" src=\"https:\/\/historiografija.hr\/?p=41062&#038;embed=true#?secret=MlvC7Ot4Hr\" data-secret=\"MlvC7Ot4Hr\" width=\"600\" height=\"338\" frameborder=\"0\" marginwidth=\"0\" marginheight=\"0\" scrolling=\"no\"><\/iframe>\n<\/div><\/figure>\n\n\n\n<hr class=\"wp-block-separator\"\/>\n","protected":false},"excerpt":{"rendered":"","protected":false},"author":2,"featured_media":4683,"comment_status":"open","ping_status":"open","sticky":false,"template":"","format":"standard","meta":{"_acf_changed":false,"jetpack_post_was_ever_published":false,"_jetpack_newsletter_access":"","_jetpack_dont_email_post_to_subs":false,"_jetpack_newsletter_tier_id":0,"_jetpack_memberships_contains_paywalled_content":false,"_jetpack_memberships_contains_paid_content":false,"footnotes":"","jetpack_publicize_message":"","jetpack_publicize_feature_enabled":true,"jetpack_social_post_already_shared":true,"jetpack_social_options":{"image_generator_settings":{"template":"highway","default_image_id":0,"font":"","enabled":false},"version":2}},"categories":[3],"tags":[],"class_list":["post-42215","post","type-post","status-publish","format-standard","has-post-thumbnail","hentry","category-novosti"],"acf":{"facebook_opis":""},"jetpack_publicize_connections":[],"jetpack_featured_media_url":"https:\/\/i0.wp.com\/historiografija.hr\/wp-content\/uploads\/2017\/06\/s-andric-slika.jpg?fit=780%2C325&ssl=1","jetpack_sharing_enabled":true,"jetpack-related-posts":[],"_links":{"self":[{"href":"https:\/\/historiografija.hr\/index.php?rest_route=\/wp\/v2\/posts\/42215","targetHints":{"allow":["GET"]}}],"collection":[{"href":"https:\/\/historiografija.hr\/index.php?rest_route=\/wp\/v2\/posts"}],"about":[{"href":"https:\/\/historiografija.hr\/index.php?rest_route=\/wp\/v2\/types\/post"}],"author":[{"embeddable":true,"href":"https:\/\/historiografija.hr\/index.php?rest_route=\/wp\/v2\/users\/2"}],"replies":[{"embeddable":true,"href":"https:\/\/historiografija.hr\/index.php?rest_route=%2Fwp%2Fv2%2Fcomments&post=42215"}],"version-history":[{"count":5,"href":"https:\/\/historiografija.hr\/index.php?rest_route=\/wp\/v2\/posts\/42215\/revisions"}],"predecessor-version":[{"id":42272,"href":"https:\/\/historiografija.hr\/index.php?rest_route=\/wp\/v2\/posts\/42215\/revisions\/42272"}],"wp:featuredmedia":[{"embeddable":true,"href":"https:\/\/historiografija.hr\/index.php?rest_route=\/wp\/v2\/media\/4683"}],"wp:attachment":[{"href":"https:\/\/historiografija.hr\/index.php?rest_route=%2Fwp%2Fv2%2Fmedia&parent=42215"}],"wp:term":[{"taxonomy":"category","embeddable":true,"href":"https:\/\/historiografija.hr\/index.php?rest_route=%2Fwp%2Fv2%2Fcategories&post=42215"},{"taxonomy":"post_tag","embeddable":true,"href":"https:\/\/historiografija.hr\/index.php?rest_route=%2Fwp%2Fv2%2Ftags&post=42215"}],"curies":[{"name":"wp","href":"https:\/\/api.w.org\/{rel}","templated":true}]}}